{"id":51506,"date":"2025-10-02T13:49:07","date_gmt":"2025-10-02T13:49:07","guid":{"rendered":"https:\/\/www.europesays.com\/fi\/51506\/"},"modified":"2025-10-02T13:49:07","modified_gmt":"2025-10-02T13:49:07","slug":"17-vuotias-kaahasi-167-km-h-nopeusrajoitus-70-km-h-kortti-hyllylle","status":"publish","type":"post","link":"https:\/\/www.europesays.com\/fi\/51506\/","title":{"rendered":"17-vuotias kaahasi 167 km\/h, nopeusrajoitus 70 km\/h \u2013 kortti hyllylle"},"content":{"rendered":"<p class=\"ai-optimize-6 ai-optimize-introduction\">17-vuotias autonkuljettaja kaahasi 167 kilometrin tuntinopeutta 70 kilometrin nopeusrajoitusalueella. It\u00e4-Suomen poliisilaitos kertoo asiasta tiedotteessa.<\/p>\n<p class=\"ai-optimize-7\">Poliisin mukaan tapaus sattui keskiviikkona noin kello 20 aikaan Savonlinnassa.<\/p>\n<p class=\"ai-optimize-6\">Poliisipartio havaitsi t\u00f6rke\u00e4\u00e4 ylinopeutta ajaneen kuljettajan tekem\u00e4ss\u00e4\u00e4n liikennevalvonnassa.<\/p>\n<p class=\"ai-optimize-8\">Kuljettaja oli poliisin mukaan autossa yksin. H\u00e4net m\u00e4\u00e4r\u00e4ttiin v\u00e4liaikaiseen ajokieltoon ep\u00e4iltyn\u00e4 t\u00f6rke\u00e4st\u00e4 liikenneturvallisuuden vaarantamisesta.<\/p>\n","protected":false},"excerpt":{"rendered":"17-vuotias autonkuljettaja kaahasi 167 kilometrin tuntinopeutta 70 kilometrin nopeusrajoitusalueella. It\u00e4-Suomen poliisilaitos kertoo asiasta tiedotteessa. Poliisin mukaan tapaus sattui&hellip;\n","protected":false},"author":2,"featured_media":51507,"comment_status":"","ping_status":"","sticky":false,"template":"","format":"standard","meta":{"footnotes":""},"categories":[12],"tags":[22,23,26,27,33,31,30,17,24,25,1161,28,29,15,18,21,52,32,19,20,16],"class_list":{"0":"post-51506","1":"post","2":"type-post","3":"status-publish","4":"format-standard","5":"has-post-thumbnail","7":"category-suomi","8":"tag-breaking-news","9":"tag-breakingnews","10":"tag-featured-news","11":"tag-featurednews","12":"tag-fi","13":"tag-finland","14":"tag-finnish","15":"tag-headlines","16":"tag-latest-news","17":"tag-latestnews","18":"tag-liikenne","19":"tag-main-news","20":"tag-mainnews","21":"tag-news","22":"tag-otsikot","23":"tag-paauutiset","24":"tag-poliisi","25":"tag-suomi","26":"tag-top-stories","27":"tag-topstories","28":"tag-uutiset"},"share_on_mastodon":{"url":"","error":""},"_links":{"self":[{"href":"https:\/\/www.europesays.com\/fi\/wp-json\/wp\/v2\/posts\/51506","targetHints":{"allow":["GET"]}}],"collection":[{"href":"https:\/\/www.europesays.com\/fi\/wp-json\/wp\/v2\/posts"}],"about":[{"href":"https:\/\/www.europesays.com\/fi\/wp-json\/wp\/v2\/types\/post"}],"author":[{"embeddable":true,"href":"https:\/\/www.europesays.com\/fi\/wp-json\/wp\/v2\/users\/2"}],"replies":[{"embeddable":true,"href":"https:\/\/www.europesays.com\/fi\/wp-json\/wp\/v2\/comments?post=51506"}],"version-history":[{"count":0,"href":"https:\/\/www.europesays.com\/fi\/wp-json\/wp\/v2\/posts\/51506\/revisions"}],"wp:featuredmedia":[{"embeddable":true,"href":"https:\/\/www.europesays.com\/fi\/wp-json\/wp\/v2\/media\/51507"}],"wp:attachment":[{"href":"https:\/\/www.europesays.com\/fi\/wp-json\/wp\/v2\/media?parent=51506"}],"wp:term":[{"taxonomy":"category","embeddable":true,"href":"https:\/\/www.europesays.com\/fi\/wp-json\/wp\/v2\/categories?post=51506"},{"taxonomy":"post_tag","embeddable":true,"href":"https:\/\/www.europesays.com\/fi\/wp-json\/wp\/v2\/tags?post=51506"}],"curies":[{"name":"wp","href":"https:\/\/api.w.org\/{rel}","templated":true}]}}