{"id":51581,"date":"2025-10-02T15:55:07","date_gmt":"2025-10-02T15:55:07","guid":{"rendered":"https:\/\/www.europesays.com\/fi\/51581\/"},"modified":"2025-10-02T15:55:07","modified_gmt":"2025-10-02T15:55:07","slug":"cillian-murphyn-tahdittaman-huippusarjan-spinoffia-tilattiin-useampi-kausi","status":"publish","type":"post","link":"https:\/\/www.europesays.com\/fi\/51581\/","title":{"rendered":"Cillian Murphyn t\u00e4hditt\u00e4m\u00e4n huippusarjan spinoffia tilattiin useampi kausi"},"content":{"rendered":"<p>Birminghamilaisesta rikosjengist\u00e4 kertova huippusarja saa oman spinoff-sarjansa.<\/p>\n<p>Peaky Blinders on vet\u00e4nyt niin paljon katsojia Netflixin \u00e4\u00e4reen, ett\u00e4 spinoffia tilattiin heti useampi kausi.<\/p>\n<p>Lue my\u00f6s: <a href=\"https:\/\/www.episodi.fi\/uutiset\/nyt-netflixissa-peaky-blinders-luojan-historiallinen-draamauutuus-kertoo-maailmankuulun-olutpanimon-alkutaipaleesta\/\" title=\"Nyt Netflixiss\u00e4: Peaky Blinders -luojan historiallinen draamauutuus kertoo maailmankuulun olutpanimon alkutaipaleesta\" class=\"underline-custom !font-montserrat !font-bold !underline-offset-4 !decoration-4 !decoration-episodi-blue !text-md\" rel=\"nofollow noopener\" target=\"_blank\">Nyt Netflixiss\u00e4: Peaky Blinders -luojan historiallinen draamauutuus kertoo maailmankuulun olutpanimon alkutaipaleesta<\/a><\/p>\n<p>Lue my\u00f6s: <a href=\"https:\/\/www.episodi.fi\/uutiset\/uusi-james-bond-elokuva-loysi-kasikirjoittajansa-peaky-blindersin-luoja-kiinnitettiin-ohjaaja-villeneuven-rinnalle\/\" title=\"Uusi James Bond -elokuva l\u00f6ysi k\u00e4sikirjoittajansa \u2013 Peaky Blindersin luoja kiinnitettiin ohjaaja Villeneuven rinnalle\" class=\"underline-custom !font-montserrat !font-bold !underline-offset-4 !decoration-4 !decoration-episodi-blue !text-md\" rel=\"nofollow noopener\" target=\"_blank\">Uusi James Bond -elokuva l\u00f6ysi k\u00e4sikirjoittajansa \u2013 Peaky Blindersin luoja kiinnitettiin ohjaaja Villeneuven rinnalle<\/a><\/p>\n<p>Spinoffia tilattiin kaksi kuusiosaista kautta, jotka sarjan t\u00e4hti<strong> Cillian Murphy<\/strong> tuottaa. Toinen tuottajista on sarjan luonut<strong> Steven Knight.<\/strong><\/p>\n<p>Seuraavaksi kuitenkin n\u00e4hd\u00e4\u00e4n Peaky Blinders -elokuva, jonka tapahtumista spinoff-sarja k\u00e4ynnistyy.<\/p>\n<p>Sarjassa n\u00e4hd\u00e4\u00e4n uusi joukko n\u00e4yttelij\u00f6it\u00e4, jotka jatkavat Peaky Blinders -porukan tarinaa.<\/p>\n<p>L\u00e4hde: <a href=\"https:\/\/screenrant.com\/peaky-blinders-sequel-show-netflix-order\/\" target=\"_blank\" rel=\"noreferrer noopener nofollow\">Screenrant<\/a><\/p>\n<p>Lue my\u00f6s: <a href=\"https:\/\/www.episodi.fi\/uutiskirje\/?uutiskirjemainos=tekstilinkkimainos\" title=\"Tilaa Episodin uutiskirje ja voit voittaa leffalippuja! Nappaa tv-vinkit suoraan s\u00e4hk\u00f6postiin t\u00e4st\u00e4.\" class=\"underline-custom !font-montserrat !font-bold !underline-offset-4 !decoration-4 !decoration-episodi-blue !text-md\" rel=\"nofollow noopener\" target=\"_blank\">Tilaa Episodin uutiskirje ja voit voittaa leffalippuja! Nappaa katseluvinkit suoraan s\u00e4hk\u00f6postiin t\u00e4st\u00e4.<\/a><\/p>\n","protected":false},"excerpt":{"rendered":"Birminghamilaisesta rikosjengist\u00e4 kertova huippusarja saa oman spinoff-sarjansa. Peaky Blinders on vet\u00e4nyt niin paljon katsojia Netflixin \u00e4\u00e4reen, ett\u00e4 spinoffia&hellip;\n","protected":false},"author":2,"featured_media":51582,"comment_status":"","ping_status":"","sticky":false,"template":"","format":"standard","meta":{"footnotes":""},"categories":[130],"tags":[9521,137,33,31,30,217,12723,3017,32,109],"class_list":{"0":"post-51581","1":"post","2":"type-post","3":"status-publish","4":"format-standard","5":"has-post-thumbnail","7":"category-viihde","8":"tag-cillian-murphy","9":"tag-entertainment","10":"tag-fi","11":"tag-finland","12":"tag-finnish","13":"tag-netflix","14":"tag-peaky-blinders","15":"tag-steven-knight","16":"tag-suomi","17":"tag-viihde"},"share_on_mastodon":{"url":"","error":""},"_links":{"self":[{"href":"https:\/\/www.europesays.com\/fi\/wp-json\/wp\/v2\/posts\/51581","targetHints":{"allow":["GET"]}}],"collection":[{"href":"https:\/\/www.europesays.com\/fi\/wp-json\/wp\/v2\/posts"}],"about":[{"href":"https:\/\/www.europesays.com\/fi\/wp-json\/wp\/v2\/types\/post"}],"author":[{"embeddable":true,"href":"https:\/\/www.europesays.com\/fi\/wp-json\/wp\/v2\/users\/2"}],"replies":[{"embeddable":true,"href":"https:\/\/www.europesays.com\/fi\/wp-json\/wp\/v2\/comments?post=51581"}],"version-history":[{"count":0,"href":"https:\/\/www.europesays.com\/fi\/wp-json\/wp\/v2\/posts\/51581\/revisions"}],"wp:featuredmedia":[{"embeddable":true,"href":"https:\/\/www.europesays.com\/fi\/wp-json\/wp\/v2\/media\/51582"}],"wp:attachment":[{"href":"https:\/\/www.europesays.com\/fi\/wp-json\/wp\/v2\/media?parent=51581"}],"wp:term":[{"taxonomy":"category","embeddable":true,"href":"https:\/\/www.europesays.com\/fi\/wp-json\/wp\/v2\/categories?post=51581"},{"taxonomy":"post_tag","embeddable":true,"href":"https:\/\/www.europesays.com\/fi\/wp-json\/wp\/v2\/tags?post=51581"}],"curies":[{"name":"wp","href":"https:\/\/api.w.org\/{rel}","templated":true}]}}