{"id":51594,"date":"2025-10-02T16:18:07","date_gmt":"2025-10-02T16:18:07","guid":{"rendered":"https:\/\/www.europesays.com\/fi\/51594\/"},"modified":"2025-10-02T16:18:07","modified_gmt":"2025-10-02T16:18:07","slug":"benedict-cumberbatchin-surulla-on-sulkapeite-the-thing-with-feathers-elokuvan-trailerissa","status":"publish","type":"post","link":"https:\/\/www.europesays.com\/fi\/51594\/","title":{"rendered":"Benedict Cumberbatchin surulla on sulkapeite The Thing with Feathers -elokuvan trailerissa"},"content":{"rendered":"\n<p><strong>Benedict Cumberbatch t\u00e4hditt\u00e4\u00e4 The Thing with Feathers -kauhudraamaa.<\/strong><\/p>\n<p><a href=\"https:\/\/muropaketti.com\/avainsana\/benedict-cumberbatch\/\" rel=\"nofollow noopener\" target=\"_blank\">Benedict Cumberbatchin<\/a> t\u00e4hditt\u00e4m\u00e4 The Thing with Feathers -elokuva on kiert\u00e4nyt elokuvafestivaaleja ja se n\u00e4htiin my\u00f6s Suomessa Espoo Cin\u00e9n p\u00e4\u00e4t\u00f6selokuvana. Marraskuussa Dylan Southernin ohjaama ja k\u00e4sikirjoittama kauhudraama p\u00e4\u00e4see my\u00f6s laajempaan levitykseen elokuvateattereissa.<\/p>\n<p>Elokuva saa teatterilevityksen my\u00f6s Suomessa, mutta sen virallinen julkaisup\u00e4iv\u00e4 on viel\u00e4 auki. Maailmalla se saa ensi-iltansa 28. marraskuuta.<\/p>\n<p>The Thing with Feathers kertoo Benedict Cumberbatchin esitt\u00e4m\u00e4st\u00e4, leskeksi j\u00e4\u00e4neest\u00e4 kahden pojan is\u00e4st\u00e4, jonka suru ottaa valtaansa ja jonka henkinen hyvinvointi alkaa pahasti rakoilla. T\u00e4t\u00e4 kuvastaa vieraisille tuleva varishahmoinen otus.<\/p>\n<p>Elokuva pohjautuu Max Porterin novelliin. Muissa rooleissa n\u00e4hd\u00e4\u00e4n Jessie Cave, Sam Spruell, Leo Bill, Vinette Robinson, Garry Cooper, Tim Plester, Richard Boxall ja Henry Boxall. Varishahmon \u00e4\u00e4nen\u00e4 toimii David Thewlis.<\/p>\n<p>The Thing with Feathers on saanut Suomessa ik\u00e4rajakseen K16.<\/p>\n<p>\u00a0<\/p>\n","protected":false},"excerpt":{"rendered":"Benedict Cumberbatch t\u00e4hditt\u00e4\u00e4 The Thing with Feathers -kauhudraamaa. Benedict Cumberbatchin t\u00e4hditt\u00e4m\u00e4 The Thing with Feathers -elokuva on kiert\u00e4nyt&hellip;\n","protected":false},"author":2,"featured_media":51595,"comment_status":"","ping_status":"","sticky":false,"template":"","format":"standard","meta":{"footnotes":""},"categories":[131],"tags":[7095,12727,155,2873,137,33,173,31,30,172,32,109],"class_list":{"0":"post-51594","1":"post","2":"type-post","3":"status-publish","4":"format-standard","5":"has-post-thumbnail","7":"category-elokuvat","8":"tag-benedict-cumberbatch","9":"tag-david-thewlis","10":"tag-elokuvat","11":"tag-elokuvatrailerit","12":"tag-entertainment","13":"tag-fi","14":"tag-film","15":"tag-finland","16":"tag-finnish","17":"tag-movies","18":"tag-suomi","19":"tag-viihde"},"share_on_mastodon":{"url":"","error":""},"_links":{"self":[{"href":"https:\/\/www.europesays.com\/fi\/wp-json\/wp\/v2\/posts\/51594","targetHints":{"allow":["GET"]}}],"collection":[{"href":"https:\/\/www.europesays.com\/fi\/wp-json\/wp\/v2\/posts"}],"about":[{"href":"https:\/\/www.europesays.com\/fi\/wp-json\/wp\/v2\/types\/post"}],"author":[{"embeddable":true,"href":"https:\/\/www.europesays.com\/fi\/wp-json\/wp\/v2\/users\/2"}],"replies":[{"embeddable":true,"href":"https:\/\/www.europesays.com\/fi\/wp-json\/wp\/v2\/comments?post=51594"}],"version-history":[{"count":0,"href":"https:\/\/www.europesays.com\/fi\/wp-json\/wp\/v2\/posts\/51594\/revisions"}],"wp:featuredmedia":[{"embeddable":true,"href":"https:\/\/www.europesays.com\/fi\/wp-json\/wp\/v2\/media\/51595"}],"wp:attachment":[{"href":"https:\/\/www.europesays.com\/fi\/wp-json\/wp\/v2\/media?parent=51594"}],"wp:term":[{"taxonomy":"category","embeddable":true,"href":"https:\/\/www.europesays.com\/fi\/wp-json\/wp\/v2\/categories?post=51594"},{"taxonomy":"post_tag","embeddable":true,"href":"https:\/\/www.europesays.com\/fi\/wp-json\/wp\/v2\/tags?post=51594"}],"curies":[{"name":"wp","href":"https:\/\/api.w.org\/{rel}","templated":true}]}}