{"id":51715,"date":"2025-10-02T19:01:08","date_gmt":"2025-10-02T19:01:08","guid":{"rendered":"https:\/\/www.europesays.com\/fi\/51715\/"},"modified":"2025-10-02T19:01:08","modified_gmt":"2025-10-02T19:01:08","slug":"nyt-tuli-huono-uutinen-venajalle-raju-kielto-tiukkenemassa-entisestaan","status":"publish","type":"post","link":"https:\/\/www.europesays.com\/fi\/51715\/","title":{"rendered":"Nyt tuli huono uutinen Ven\u00e4j\u00e4lle \u2013 Raju kielto tiukkenemassa entisest\u00e4\u00e4n"},"content":{"rendered":"<p>Ven\u00e4j\u00e4n energiantuonnin kielt\u00e4v\u00e4\u00e4n lakiesitykseen esitet\u00e4\u00e4n nyt kovaa tiukennusta. <\/p>\n<p><img decoding=\"async\" class=\"image image-show image-preview\" src=\"https:\/\/www.europesays.com\/fi\/wp-content\/uploads\/2025\/10\/c9fc77484744ecc825aa05a459f9e0bff4b56391cbe54ed7ace523e71317be3c.jpg\" alt=\"\"\/><img decoding=\"async\" class=\"image image-show\" src=\"https:\/\/www.europesays.com\/fi\/wp-content\/uploads\/2025\/10\/1759431668_459_c9fc77484744ecc825aa05a459f9e0bff4b56391cbe54ed7ace523e71317be3c.jpg\" alt=\"\"\/><\/p>\n<p>Ville Niinist\u00f6 toimii kaasu- ja \u00f6ljykiellon p\u00e4\u00e4neuvottelijana EU-parlamentissa.  Henri K\u00e4rkk\u00e4inen<\/p>\n<p class=\"paragraph\">Komission esitykseen ven\u00e4l\u00e4isen kaasun tuontikiellosta EU-alueelle ajetaan tiukkoja kiristyksi\u00e4 Euroopan parlamentissa. Nyt mukana on my\u00f6s ven\u00e4l\u00e4isen \u00f6ljyn tuontikielto, jonka parlamentti haluaisi voimaan heti vuoden 2026 alussa.<\/p>\n<p class=\"paragraph\"><a href=\"https:\/\/www.iltalehti.fi\/politiikka\/69802d93-bf6b-4e3c-bced-acfd0a1fe4cb\" rel=\"nofollow noopener\" target=\"_blank\">Iltalehti kertoi toukokuun alussa<\/a>, ett\u00e4 komissio haluaa kielt\u00e4\u00e4 ven\u00e4l\u00e4isen kaasun tuonnin EU-alueelle kokonaan. T\u00e4h\u00e4n menness\u00e4 ven\u00e4l\u00e4isest\u00e4 energiasta riippuvaiset Unkari ja Slovakia ovat saaneet poikkeuslupia putkikaasun tuontiin. Ranska, Belgia ja Espanja tuovat edelleen nesteytetty\u00e4 maakaasua Ven\u00e4j\u00e4lt\u00e4.<\/p>\n<p class=\"paragraph\">Asetusesityksen toisena p\u00e4\u00e4neuvottelijana toimiva europarlamentaarikko <strong>Ville Niinist\u00f6<\/strong> (vihr) kertoo Iltalehdelle, ett\u00e4 tiukennuksille on saatu laaja tuki EU-parlamentin poliittisista ryhmist\u00e4.<\/p>\n<p>Useita kiristyksi\u00e4<\/p>\n<p class=\"paragraph\">Komission esityksess\u00e4 ven\u00e4l\u00e4isen putkikaasun ja nestem\u00e4isen kaasun tuonti pit\u00e4isi lopettaa vuoden 2027 lopussa. Nyt parlamentti haluaa eroon pitkiin sopimuksiin annetuista joustoista ja kielt\u00e4\u00e4 lng:n ja putkikaasun jo vuoden 2027 alussa.<\/p>\n<p class=\"paragraph\">\u2013 Verrattuna komission alkuper\u00e4iseen esitykseen aikaistamme kaikkia takarajoja v\u00e4hint\u00e4\u00e4n vuodella ja tuomme \u00f6ljyn lains\u00e4\u00e4d\u00e4nt\u00f6kiellon piiriin. Se tulee jopa ensi vuoden alusta voimaan, mik\u00e4 on hyvin tiukka linjaus, Niinist\u00f6 sanoo.<\/p>\n<p class=\"paragraph\">Ven\u00e4l\u00e4isen kaasun spot-sopimusten kielto pysyisi ennallaan eli tulisi voimaan 2025 loppuun menness\u00e4.<\/p>\n<p class=\"paragraph\">Ven\u00e4l\u00e4iseen \u00f6ljyyn on jo kohdistettu EU-pakotteita, mutta j\u00e4senmaiden johtajien pit\u00e4\u00e4 hyv\u00e4ksy\u00e4 pakotteet kuuden kuukauden v\u00e4lein yksimielisesti. T\u00e4m\u00e4 aiheuttaa ongelmia, koska Ven\u00e4j\u00e4-mieliset Unkari ja Slovakia haraavat monesti vastaan. Lis\u00e4ksi pakotteissa sallitaan kyseisille maille poikkeuslupia \u00f6ljytuontiin.<\/p>\n<p class=\"paragraph\">\u2013 T\u00e4ss\u00e4 sit\u00e4 poikkeusta ei ole, eli vaadimme my\u00f6s Unkaria ja Slovakiaa lopettamaan ven\u00e4l\u00e4isen \u00f6ljyn maahantuonnin, joka on kuitenkin eurom\u00e4\u00e4r\u00e4isesti merkitt\u00e4v\u00e4\u00e4, Niinist\u00f6 sanoo.<\/p>\n<p>Valtava rahasumma<\/p>\n<p class=\"paragraph\">Jos \u00f6ljykielto tuotaisiin EU-tason lakiin, se olisi pysyv\u00e4. Samalla Ven\u00e4j\u00e4n fossiilisen energian viennist\u00e4 saamat tulot tyrehtyisiv\u00e4t. Niinist\u00f6 huomauttaa, ett\u00e4 tutkimuslaitos Krean mukaan Ven\u00e4j\u00e4 sai viime vuonna 21,9 miljardia euroa energiatuonnistaan EU-alueelle.<\/p>\n<p class=\"paragraph\">\u2013 Se on m\u00e4\u00e4r\u00e4llisesti suurempi kuin EU-maiden tuki viime vuoden aikana rahassa Ukrainalle.<\/p>\n<p class=\"paragraph\">Komission lakiesitys ven\u00e4l\u00e4isen kaasun ja \u00f6ljyn tuonnista voidaan hyv\u00e4ksy\u00e4 m\u00e4\u00e4r\u00e4enemmist\u00f6ll\u00e4 j\u00e4senmaiden ministereist\u00e4 koostuvassa neuvostossa.<\/p>\n<p class=\"paragraph\">\u2013 Unkari ja Slovakia eiv\u00e4t voi est\u00e4\u00e4 sopua, Niinist\u00f6 sanoo.<\/p>\n<p class=\"paragraph\">Parlamentin kannalla on takanaan laaja enemmist\u00f6, eli kokoomuksen EPP-ryhm\u00e4, sosialidemokraattien S&amp;D, RKP:n ja keskustan Renew, perussuomalaisten ECR, vihre\u00e4t ja vasemmistoryhm\u00e4.<\/p>\n<p>Viesti hallitukselle<\/p>\n<p class=\"paragraph\">Koska kyseess\u00e4 on vasta parlamentin kanta, lopullinen lakiesitys muotoutuu ministerineuvoston, komission ja parlamentin v\u00e4lill\u00e4 k\u00e4yt\u00e4viss\u00e4 neuvotteluissa. Ministerineuvostolla on ratkaiseva kokous asiasta lokakuun puoliv\u00e4liss\u00e4.<\/p>\n<p class=\"paragraph\">\u2013 Olisi hirve\u00e4n t\u00e4rke\u00e4\u00e4, ett\u00e4 Suomen hallitus ajaisi tiukinta mahdollista linjaa neuvoston puolella, Niinist\u00f6 toivoo.<\/p>\n","protected":false},"excerpt":{"rendered":"Ven\u00e4j\u00e4n energiantuonnin kielt\u00e4v\u00e4\u00e4n lakiesitykseen esitet\u00e4\u00e4n nyt kovaa tiukennusta. Ville Niinist\u00f6 toimii kaasu- ja \u00f6ljykiellon p\u00e4\u00e4neuvottelijana EU-parlamentissa. Henri K\u00e4rkk\u00e4inen&hellip;\n","protected":false},"author":2,"featured_media":51716,"comment_status":"","ping_status":"","sticky":false,"template":"","format":"standard","meta":{"footnotes":""},"categories":[14],"tags":[35,22,23,26,27,33,31,30,17,70,5679,24,25,28,29,15,18,21,637,887,32,19,20,56,4385,16,59,60,61],"class_list":{"0":"post-51715","1":"post","2":"type-post","3":"status-publish","4":"format-standard","5":"has-post-thumbnail","7":"category-ulkomaat","8":"tag-24h","9":"tag-breaking-news","10":"tag-breakingnews","11":"tag-featured-news","12":"tag-featurednews","13":"tag-fi","14":"tag-finland","15":"tag-finnish","16":"tag-headlines","17":"tag-kansainvalinen-politiikka","18":"tag-kansainvaliset-organisaatiot-ja-sopimukset","19":"tag-latest-news","20":"tag-latestnews","21":"tag-main-news","22":"tag-mainnews","23":"tag-news","24":"tag-otsikot","25":"tag-paauutiset","26":"tag-politiikka","27":"tag-suomen-politiikka","28":"tag-suomi","29":"tag-top-stories","30":"tag-topstories","31":"tag-ulkomaat","32":"tag-ulkopolitiikka-ja-kansainvalinen-politiikka","33":"tag-uutiset","34":"tag-world","35":"tag-world-news","36":"tag-worldnews"},"share_on_mastodon":{"url":"","error":""},"_links":{"self":[{"href":"https:\/\/www.europesays.com\/fi\/wp-json\/wp\/v2\/posts\/51715","targetHints":{"allow":["GET"]}}],"collection":[{"href":"https:\/\/www.europesays.com\/fi\/wp-json\/wp\/v2\/posts"}],"about":[{"href":"https:\/\/www.europesays.com\/fi\/wp-json\/wp\/v2\/types\/post"}],"author":[{"embeddable":true,"href":"https:\/\/www.europesays.com\/fi\/wp-json\/wp\/v2\/users\/2"}],"replies":[{"embeddable":true,"href":"https:\/\/www.europesays.com\/fi\/wp-json\/wp\/v2\/comments?post=51715"}],"version-history":[{"count":0,"href":"https:\/\/www.europesays.com\/fi\/wp-json\/wp\/v2\/posts\/51715\/revisions"}],"wp:featuredmedia":[{"embeddable":true,"href":"https:\/\/www.europesays.com\/fi\/wp-json\/wp\/v2\/media\/51716"}],"wp:attachment":[{"href":"https:\/\/www.europesays.com\/fi\/wp-json\/wp\/v2\/media?parent=51715"}],"wp:term":[{"taxonomy":"category","embeddable":true,"href":"https:\/\/www.europesays.com\/fi\/wp-json\/wp\/v2\/categories?post=51715"},{"taxonomy":"post_tag","embeddable":true,"href":"https:\/\/www.europesays.com\/fi\/wp-json\/wp\/v2\/tags?post=51715"}],"curies":[{"name":"wp","href":"https:\/\/api.w.org\/{rel}","templated":true}]}}