{"id":51720,"date":"2025-10-02T19:15:08","date_gmt":"2025-10-02T19:15:08","guid":{"rendered":"https:\/\/www.europesays.com\/fi\/51720\/"},"modified":"2025-10-02T19:15:08","modified_gmt":"2025-10-02T19:15:08","slug":"iskiko-ikanako-sara-sieppiin-talta-han-nayttaa-nyt","status":"publish","type":"post","link":"https:\/\/www.europesays.com\/fi\/51720\/","title":{"rendered":"Iskik\u00f6 ik\u00e4n\u00e4k\u00f6 Sara Sieppiin &#8211; t\u00e4lt\u00e4 h\u00e4n n\u00e4ytt\u00e4\u00e4 nyt"},"content":{"rendered":"<p>Ik\u00e4n\u00e4k\u00f6 tulee ennemmin tai my\u00f6hemmin vastaan useimmille, eik\u00e4 se katso ulkon\u00e4k\u00f6\u00e4. Nyt my\u00f6s entinen Miss Suomi ja juontaja Sara Sieppi on joutunut hankkimaan ensimm\u00e4iset silm\u00e4lasinsa.<\/p>\n<p>Tai ainakin sellaisen k\u00e4sityksen h\u00e4nen postauksestaan saa.<\/p>\n<p>Maailma on toki erisj\u00e4nn\u00e4llinen paikka, joten voihan t\u00e4m\u00e4 olla palturiakin, eli mainoskampanja, josta Sara on k\u00e4vellyt tuohta heilutellen kotiinsa.<\/p>\n<p>Ik\u00e4n\u00e4k\u00f6 alkaa vaivata nelikymppist\u00e4<\/p>\n<p>Niin tai n\u00e4in, Sieppi sanoo k\u00e4v\u00e4isseens\u00e4 \u00e4skett\u00e4in n\u00e4\u00f6ntarkastuksessa, josta tuliaisina oli uudet lasit. H\u00e4n jakoi asiasta p\u00e4ivityksen sosiaalisessa mediassa.<\/p>\n<p>Ja upealtahan Sara n\u00e4ytt\u00e4\u00e4, olivat n\u00e4m\u00e4 sitten tarpeeseen tai vain somelasit.<\/p>\n<p>Ik\u00e4n\u00e4k\u00f6 tarkoittaa l\u00e4hin\u00e4\u00f6n heikkenemist\u00e4, joka alkaa useimmilla nelj\u00e4nnen vuosikymmenen j\u00e4lkeen. K\u00e4yt\u00e4nn\u00f6ss\u00e4 se merkitsee, ett\u00e4 pienet tekstit ja l\u00e4hity\u00f6 vaativat apuv\u00e4lineit\u00e4.<\/p>\n<p>Sara on vasta 34-vuotias, joten jos kyse on ik\u00e4n\u00e4\u00f6st\u00e4, niin se on alkanut vaivata h\u00e4nt\u00e4 jo suht nuorena.<\/p>\n<p>Voihan kyse olla muistakin laseista. <\/p>\n<p>-Kukas se t\u00e4\u00e4ll\u00e4! Varasin n\u00e4\u00f6ntarkastuksen ja l\u00e4hdin sielt\u00e4 lasien kanssa kotiin. Kerkesin k\u00e4yd\u00e4 my\u00f6s kampaajalla freesaamassa tukkaa, Sara kirjoittaa.<\/p>\n<p>Katso alta tai<a href=\"https:\/\/www.instagram.com\/p\/DPTpAzxDeG1\/?img_index=1\" rel=\"nofollow noopener\" target=\"_blank\"> t\u00e4st\u00e4<\/a> Saran uusi lasiluukki.<\/p>\n<p>Lue my\u00f6s: <a href=\"https:\/\/www.como.fi\/tilaa-comon-uutiskirje\/\" title=\"Tilaa Comon uutiskirje ja tied\u00e4t mist\u00e4 kahvitauolla puhutaan! Nappaa kotimaan tv-vinkit ja puheenaiheet suoraan s\u00e4hk\u00f6postiin t\u00e4st\u00e4.\" class=\"underline-custom !font-montserrat !font-bold !underline-offset-4 !decoration-4 !decoration-red-600 !text-md\" rel=\"nofollow noopener\" target=\"_blank\">Tilaa Comon uutiskirje ja tied\u00e4t mist\u00e4 kahvitauolla puhutaan! Nappaa kotimaan tv-vinkit ja puheenaiheet suoraan s\u00e4hk\u00f6postiin t\u00e4st\u00e4.<\/a><\/p>\n<p>\t\t\t<script async src=\"\/\/www.instagram.com\/embed.js\"><\/script><\/p>\n","protected":false},"excerpt":{"rendered":"Ik\u00e4n\u00e4k\u00f6 tulee ennemmin tai my\u00f6hemmin vastaan useimmille, eik\u00e4 se katso ulkon\u00e4k\u00f6\u00e4. Nyt my\u00f6s entinen Miss Suomi ja juontaja&hellip;\n","protected":false},"author":2,"featured_media":51721,"comment_status":"","ping_status":"","sticky":false,"template":"","format":"standard","meta":{"footnotes":""},"categories":[136],"tags":[407,137,33,31,30,408,3423,32,109],"class_list":{"0":"post-51720","1":"post","2":"type-post","3":"status-publish","4":"format-standard","5":"has-post-thumbnail","7":"category-julkkikset","8":"tag-celebrities","9":"tag-entertainment","10":"tag-fi","11":"tag-finland","12":"tag-finnish","13":"tag-julkkikset","14":"tag-sara-sieppi","15":"tag-suomi","16":"tag-viihde"},"share_on_mastodon":{"url":"","error":""},"_links":{"self":[{"href":"https:\/\/www.europesays.com\/fi\/wp-json\/wp\/v2\/posts\/51720","targetHints":{"allow":["GET"]}}],"collection":[{"href":"https:\/\/www.europesays.com\/fi\/wp-json\/wp\/v2\/posts"}],"about":[{"href":"https:\/\/www.europesays.com\/fi\/wp-json\/wp\/v2\/types\/post"}],"author":[{"embeddable":true,"href":"https:\/\/www.europesays.com\/fi\/wp-json\/wp\/v2\/users\/2"}],"replies":[{"embeddable":true,"href":"https:\/\/www.europesays.com\/fi\/wp-json\/wp\/v2\/comments?post=51720"}],"version-history":[{"count":0,"href":"https:\/\/www.europesays.com\/fi\/wp-json\/wp\/v2\/posts\/51720\/revisions"}],"wp:featuredmedia":[{"embeddable":true,"href":"https:\/\/www.europesays.com\/fi\/wp-json\/wp\/v2\/media\/51721"}],"wp:attachment":[{"href":"https:\/\/www.europesays.com\/fi\/wp-json\/wp\/v2\/media?parent=51720"}],"wp:term":[{"taxonomy":"category","embeddable":true,"href":"https:\/\/www.europesays.com\/fi\/wp-json\/wp\/v2\/categories?post=51720"},{"taxonomy":"post_tag","embeddable":true,"href":"https:\/\/www.europesays.com\/fi\/wp-json\/wp\/v2\/tags?post=51720"}],"curies":[{"name":"wp","href":"https:\/\/api.w.org\/{rel}","templated":true}]}}