{"id":51724,"date":"2025-10-02T19:19:09","date_gmt":"2025-10-02T19:19:09","guid":{"rendered":"https:\/\/www.europesays.com\/fi\/51724\/"},"modified":"2025-10-02T19:19:09","modified_gmt":"2025-10-02T19:19:09","slug":"irvokas-black-metal-legenda-profanatica-saapuu-suomeen-tassa-kuussa","status":"publish","type":"post","link":"https:\/\/www.europesays.com\/fi\/51724\/","title":{"rendered":"Irvokas black metal -legenda Profanatica saapuu Suomeen t\u00e4ss\u00e4 kuussa"},"content":{"rendered":"<p>Yhdysvaltalaisen <strong>Paul Ledneyn<\/strong> ohjauksessa vuodesta 1990 toiminut <strong>Profanatica<\/strong> saapuu Suomeen noin kolmen viikon kuluttua.<\/p>\n<p>Wreathed in Dead Angels -ep:n t\u00e4n\u00e4 vuonna julkaissut ryhm\u00e4 esiintyy Turun Nirvanassa 26. p\u00e4iv\u00e4 kuluvaa kuuta. L\u00e4mmittelij\u00e4b\u00e4ndin\u00e4 toimii niin ik\u00e4\u00e4n yhdysvaltalainen <strong>Spiter<\/strong>.<\/p>\n<p>Liput maksavat ennakkoon 22 euroa ja ovelta 27 euroa. Ennakkotiketit l\u00f6ytyv\u00e4t <a href=\"https:\/\/events.liveto.io\/events\/profanatica-nirvana\" rel=\"nofollow noopener\" target=\"_blank\">t\u00e4\u00e4lt\u00e4.<\/a><\/p>\n<p><img loading=\"lazy\" decoding=\"async\" alt=\"YouTube video\" width=\"480\" height=\"360\" data-pin-nopin=\"true\" nopin=\"nopin\" class=\"perfmatters-lazy\" src=\"https:\/\/www.europesays.com\/fi\/wp-content\/uploads\/2025\/10\/1759432749_568_hqdefault.jpg\"\/><\/p>\n<p><img loading=\"lazy\" height=\"300\" width=\"240\" class=\"alignnone size-medium wp-image-111657 sp-no-webp perfmatters-lazy\" alt=\"\" decoding=\"async\" src=\"https:\/\/www.europesays.com\/fi\/wp-content\/uploads\/2025\/10\/profanatica-kiertue-2025-240x300.jpg\"  data-\/> <\/p>\n","protected":false},"excerpt":{"rendered":"Yhdysvaltalaisen Paul Ledneyn ohjauksessa vuodesta 1990 toiminut Profanatica saapuu Suomeen noin kolmen viikon kuluttua. Wreathed in Dead Angels&hellip;\n","protected":false},"author":2,"featured_media":51725,"comment_status":"","ping_status":"","sticky":false,"template":"","format":"standard","meta":{"footnotes":""},"categories":[132],"tags":[1877,137,33,31,30,1039,195,47,12745,32,109],"class_list":{"0":"post-51724","1":"post","2":"type-post","3":"status-publish","4":"format-standard","5":"has-post-thumbnail","7":"category-musiikki","8":"tag-black-metal","9":"tag-entertainment","10":"tag-fi","11":"tag-finland","12":"tag-finnish","13":"tag-keikkauutiset","14":"tag-music","15":"tag-musiikki","16":"tag-suomen-keikat","17":"tag-suomi","18":"tag-viihde"},"share_on_mastodon":{"url":"","error":""},"_links":{"self":[{"href":"https:\/\/www.europesays.com\/fi\/wp-json\/wp\/v2\/posts\/51724","targetHints":{"allow":["GET"]}}],"collection":[{"href":"https:\/\/www.europesays.com\/fi\/wp-json\/wp\/v2\/posts"}],"about":[{"href":"https:\/\/www.europesays.com\/fi\/wp-json\/wp\/v2\/types\/post"}],"author":[{"embeddable":true,"href":"https:\/\/www.europesays.com\/fi\/wp-json\/wp\/v2\/users\/2"}],"replies":[{"embeddable":true,"href":"https:\/\/www.europesays.com\/fi\/wp-json\/wp\/v2\/comments?post=51724"}],"version-history":[{"count":0,"href":"https:\/\/www.europesays.com\/fi\/wp-json\/wp\/v2\/posts\/51724\/revisions"}],"wp:featuredmedia":[{"embeddable":true,"href":"https:\/\/www.europesays.com\/fi\/wp-json\/wp\/v2\/media\/51725"}],"wp:attachment":[{"href":"https:\/\/www.europesays.com\/fi\/wp-json\/wp\/v2\/media?parent=51724"}],"wp:term":[{"taxonomy":"category","embeddable":true,"href":"https:\/\/www.europesays.com\/fi\/wp-json\/wp\/v2\/categories?post=51724"},{"taxonomy":"post_tag","embeddable":true,"href":"https:\/\/www.europesays.com\/fi\/wp-json\/wp\/v2\/tags?post=51724"}],"curies":[{"name":"wp","href":"https:\/\/api.w.org\/{rel}","templated":true}]}}