{"id":51731,"date":"2025-10-02T19:26:14","date_gmt":"2025-10-02T19:26:14","guid":{"rendered":"https:\/\/www.europesays.com\/fi\/51731\/"},"modified":"2025-10-02T19:26:14","modified_gmt":"2025-10-02T19:26:14","slug":"ensitreffit-parin-ero-kuohuttaa-katsojilta-taystyrmays-osallistujalle-ei-yrita-yhtaan","status":"publish","type":"post","link":"https:\/\/www.europesays.com\/fi\/51731\/","title":{"rendered":"Ensitreffit-parin ero kuohuttaa \u2013 Katsojilta t\u00e4ystyrm\u00e4ys osallistujalle: \u201dEi yrit\u00e4 yht\u00e4\u00e4n\u201d"},"content":{"rendered":"<p>Ensitreffit alttarilla -parin ero her\u00e4tt\u00e4\u00e4 katsojissa monenlaisia tunteita. VARO JUONIPALJASTUKSIA!<\/p>\n<p><img decoding=\"async\" class=\"image image-show image-preview\" src=\"https:\/\/www.europesays.com\/fi\/wp-content\/uploads\/2025\/10\/1759433174_654_6c7ed382b00bd5b90e29dd4928f3bec75b287f516342d712ad2ac135e16aa475.jpg\" alt=\"\"\/><img decoding=\"async\" class=\"image image-show\" src=\"https:\/\/www.europesays.com\/fi\/wp-content\/uploads\/2025\/10\/1759433174_450_6c7ed382b00bd5b90e29dd4928f3bec75b287f516342d712ad2ac135e16aa475.jpg\" alt=\"\"\/><\/p>\n<p>Julian ja Artun yhteinen matka p\u00e4\u00e4ttyi. MTV<\/p>\n<p class=\"paragraph\">Ensitreffit alttarilla -ohjelman seitsem\u00e4nness\u00e4 jaksossa yhden parin yhteinen matka p\u00e4\u00e4ttyy. Jakso on katsottavissa 2. lokakuuta alkaen MTV Katsomo+ -palvelusta, ja televisiosta se n\u00e4hd\u00e4\u00e4n 16. lokakuuta.<\/p>\n<p class=\"paragraph\">Eronnut pari on <strong>Julia<\/strong> ja <strong>Arttu<\/strong>. Parilla on ollut konflikteja ensimm\u00e4isest\u00e4 h\u00e4\u00e4y\u00f6st\u00e4 l\u00e4htien. Arttu on Julian mukaan muun muassa puhunut ik\u00e4v\u00e4\u00e4n s\u00e4vyyn h\u00e4nen ulkon\u00e4\u00f6st\u00e4\u00e4n ja parin yhteisist\u00e4 suunnitelmista. V\u00e4lill\u00e4 asiantuntijatkin on pyydetty apuun.<\/p>\n<p class=\"paragraph\">Jaksossa Julia avautui Artulle, ettei kommunikaatio l\u00e4htenyt toimimaan. Lopulta h\u00e4n toteaa tehneens\u00e4 p\u00e4\u00e4t\u00f6ksen suhteen jatkosta.<\/p>\n<p class=\"paragraph\">\u2013 En halua suhteelle jatkoa. Oikeastaan en halua edes yritt\u00e4\u00e4 parisuhdetta Artun kanssa. Minun rajani vain tulevat vastaan, Julia kertoo.<\/p>\n<p class=\"paragraph\">Katsojissa Ensitreffit-parin ero on her\u00e4tt\u00e4nyt keskustelua. Anonyymiss\u00e4 viestipalvelu Jodelissa aihetta kommentoidaan kahtiajakoisin tunnelmin.<\/p>\n<p class=\"paragraph\">\u2013 Ei Arttu ole t\u00e4ydellinen, mutta Juliahan ei yrit\u00e4 yht\u00e4\u00e4n. H\u00e4n on alusta asti valittanut kaikesta, pit\u00e4nyt mykk\u00e4koulua ja todennut heti, ett\u00e4 ei tule mit\u00e4\u00e4n, er\u00e4s avaus kuuluu.<\/p>\n<p class=\"paragraph\">\u2013 Julia voisi v\u00e4h\u00e4n edes yritt\u00e4\u00e4. Vaikuttaa, ett\u00e4 tuotanto valinnut taas yhden puolivaloilla vet\u00e4v\u00e4n osallistujan lis\u00e4\u00e4 t\u00e4h\u00e4n sarjan historiaan, yksi kommentoi.<\/p>\n<p class=\"paragraph\">My\u00f6s keskustelualusta <a href=\"https:\/\/www.vauva.fi\/keskustelu\/6197429\/ensitreffit-alttarilla-2025-official?page=293\" rel=\"noopener nofollow\" target=\"_blank\">Vauva.fi:ss\u00e4<\/a> asiaa kommentoidaan vastaavalla tavalla.<\/p>\n<p class=\"paragraph\">\u2013 Jos Julia toimii n\u00e4in, parisuhdetta saa jatkossakin etsi\u00e4, koska t\u00e4ydellist\u00e4 miest\u00e4\/naista ei nyt vain ole olemassa, er\u00e4s kirjoittaa keskustelupalstalla.<\/p>\n<p class=\"paragraph\">Osa asettuu asiassa Julian puolelle.<\/p>\n<p class=\"paragraph\">\u2013 Itse olen enemm\u00e4n Julian puolella asiassa. En ainakaan itse katsoisi hirve\u00e4n hyv\u00e4ll\u00e4, jos toinen sanoisi minulle, ettei tykk\u00e4\u00e4 minun tatskoista, hartiat on leve\u00e4t tms. kritiikki\u00e4, er\u00e4s kommentoi Jodelissa.<\/p>\n<p class=\"paragraph\">\u2013 En l\u00e4htisi yritt\u00e4m\u00e4\u00e4n, jos toinen heti k\u00e4rkeen kritisoi minun ulkon\u00e4k\u00f6\u00e4ni, haluaa p\u00e4\u00e4tt\u00e4\u00e4, miss\u00e4 asun, ei tajua minua yht\u00e4\u00e4n ja vain lovebombaa koska h\u00e4nell\u00e4 on minusta joku oma mielikuva. Ei tuolta pohjalta v\u00e4kisin yritt\u00e4minen johda kuin terapiaan, Jodelissa kirjoitetaan.<\/p>\n","protected":false},"excerpt":{"rendered":"Ensitreffit alttarilla -parin ero her\u00e4tt\u00e4\u00e4 katsojissa monenlaisia tunteita. VARO JUONIPALJASTUKSIA! Julian ja Artun yhteinen matka p\u00e4\u00e4ttyi. MTV Ensitreffit&hellip;\n","protected":false},"author":2,"featured_media":51050,"comment_status":"","ping_status":"","sticky":false,"template":"","format":"standard","meta":{"footnotes":""},"categories":[76],"tags":[35,1074,79,77,33,31,30,101,2718,979,32,78,140],"class_list":{"0":"post-51731","1":"post","2":"type-post","3":"status-publish","4":"format-standard","5":"has-post-thumbnail","7":"category-talous","8":"tag-24h","9":"tag-avioliitto-ja-parisuhde","10":"tag-business","11":"tag-economy","12":"tag-fi","13":"tag-finland","14":"tag-finnish","15":"tag-ihmissuhteet","16":"tag-romantiikka","17":"tag-sahkoinen-media","18":"tag-suomi","19":"tag-talous","20":"tag-tv-ja-elokuvat"},"share_on_mastodon":{"url":"","error":""},"_links":{"self":[{"href":"https:\/\/www.europesays.com\/fi\/wp-json\/wp\/v2\/posts\/51731","targetHints":{"allow":["GET"]}}],"collection":[{"href":"https:\/\/www.europesays.com\/fi\/wp-json\/wp\/v2\/posts"}],"about":[{"href":"https:\/\/www.europesays.com\/fi\/wp-json\/wp\/v2\/types\/post"}],"author":[{"embeddable":true,"href":"https:\/\/www.europesays.com\/fi\/wp-json\/wp\/v2\/users\/2"}],"replies":[{"embeddable":true,"href":"https:\/\/www.europesays.com\/fi\/wp-json\/wp\/v2\/comments?post=51731"}],"version-history":[{"count":0,"href":"https:\/\/www.europesays.com\/fi\/wp-json\/wp\/v2\/posts\/51731\/revisions"}],"wp:featuredmedia":[{"embeddable":true,"href":"https:\/\/www.europesays.com\/fi\/wp-json\/wp\/v2\/media\/51050"}],"wp:attachment":[{"href":"https:\/\/www.europesays.com\/fi\/wp-json\/wp\/v2\/media?parent=51731"}],"wp:term":[{"taxonomy":"category","embeddable":true,"href":"https:\/\/www.europesays.com\/fi\/wp-json\/wp\/v2\/categories?post=51731"},{"taxonomy":"post_tag","embeddable":true,"href":"https:\/\/www.europesays.com\/fi\/wp-json\/wp\/v2\/tags?post=51731"}],"curies":[{"name":"wp","href":"https:\/\/api.w.org\/{rel}","templated":true}]}}