{"id":51742,"date":"2025-10-02T19:44:07","date_gmt":"2025-10-02T19:44:07","guid":{"rendered":"https:\/\/www.europesays.com\/fi\/51742\/"},"modified":"2025-10-02T19:44:07","modified_gmt":"2025-10-02T19:44:07","slug":"kamppikset-sarjan-uusi-kausi-vihdoin-mtv-katsomossa-miksi-julkaisua-viivytettiin","status":"publish","type":"post","link":"https:\/\/www.europesays.com\/fi\/51742\/","title":{"rendered":"K\u00e4mppikset-sarjan uusi kausi vihdoin MTV Katsomossa \u2013 Miksi julkaisua viivytettiin?"},"content":{"rendered":"<p>\n            K\u00e4mppikset<br \/>\n            MTV\n        <\/p>\n<p class=\"subtitle \">\u2013 Me kohta kuollaan kaikki. Jos t\u00e4st\u00e4 ilmestyy viel\u00e4 uusi tuotantokausi, niin meist\u00e4 on en\u00e4\u00e4 muutama sitten elossa, K\u00e4mppikset-sarjan n\u00e4yttelij\u00e4 Sinikka Sokka vitsailee.<\/p>\n<p class=\"article-content article-content-width !bg-background\">Vuonna 2022 uutisoitiin, ett\u00e4 K\u00e4mppikset-sarjan toista kautta kuvattiin It\u00e4-Helsingiss\u00e4 Hus\u00f6n kartanolla.<\/p>\n<p class=\"italic m-italic article-content article-content-width !bg-background\">Video: Sinikka Sokka, oliko ennen kaikki paremmin?<\/p>\n<p class=\"article-content article-content-width !bg-background\">Nyt, vasta kolme vuotta my\u00f6hemmin kausi n\u00e4kee p\u00e4iv\u00e4valon MTV Katsomossa.\u00a0Moni saattaakin ihmetell\u00e4, mit\u00e4 n\u00e4iden liki kolmen vuoden aikana oikein tapahtui ja miksi sarjaa ei julkaistu aiemmin.<\/p>\n<p class=\"article-content article-content-width !bg-background\">K\u00e4mppikset-sarjan lehdist\u00f6tilaisuudessa sarjassa n\u00e4yttelev\u00e4  vitsaili Katso-lehdelle asiasta.<\/p>\n<p class=\"article-content article-content-width !bg-background\">\u2013\tMe kohta kuollaan kaikki. Jos t\u00e4st\u00e4 ilmestyy viel\u00e4 uusi tuotantokausi, niin meist\u00e4 on en\u00e4\u00e4 muutama sitten elossa, h\u00e4n heitti.\u00a0<\/p>\n<p>        <a itemprop=\"url\" href=\"https:\/\/www.seiska.fi\/katso\/nakokulma-miksi-tv-sarjoja-hillotaan-liian-kauan\/1680402\" rel=\"nofollow noopener\" target=\"_blank\"><\/p>\n<p>\nN\u00e4k\u00f6kulma\n<\/p>\n<p class=\"section-date\">\n        <strong class=\"article-section\" data-section=\"katso\"><br \/>\n            katso<br \/>\n        <\/strong><br \/>\n        22.4. 14:20\n    <\/p>\n<p>N\u00e4k\u00f6kulma: Miksi tv-sarjoja hillotaan liian kauan?\n    <\/p>\n<p itemprop=\"description\" class=\"subtitle \">\n    Katson toimitusp\u00e4\u00e4llikk\u00f6\u00e4 harmittaa, kun joutuu odottelemaan suosikkisarjojensa jatkumista vuosikausia.\n<\/p>\n<p>        <\/a><\/p>\n<p>Muutos<\/p>\n<p class=\"article-content article-content-width !bg-background\">Julkaisuajankohdan viiv\u00e4styksen syyn kertoo Katsolle MTV:n draaman tilaaja .<\/p>\n<p class=\"article-content article-content-width !bg-background\">Janne kertoo s\u00e4hk\u00f6postiviestiss\u00e4, ett\u00e4 ohjelmatarjonta laajeni ja julkaisumallit muuttuivat vuonna 2023, kun C More ja MTV Katsomo yhdistyiv\u00e4t yhdeksi palveluksi.\u00a0<\/p>\n<p class=\"article-content article-content-width !bg-background\">\u2013\tNykyisess\u00e4 MTV Katsomossa yhdistyv\u00e4t uutiset ja ajankohtaisohjelmat, kotimainen viihde, urheilu sek\u00e4 niin kotimainen kuin kansainv\u00e4linen draama. Draamojen m\u00e4\u00e4r\u00e4 on nykyisin tasapainoisempi \u2013 noin kuusi kotimaista sarjajulkaisua vuodessa sek\u00e4 lis\u00e4ksi useita pohjoismaisia yhteistuotantoja, Janne viestitt\u00e4\u00e4.<\/p>\n<p class=\"article-content article-content-width !bg-background\">Sinikka Sokan lis\u00e4ksi n\u00e4yttelij\u00f6in\u00e4 sarjassa n\u00e4hd\u00e4\u00e4n muun muassa ,  ja .\u00a0<\/p>\n<p class=\"italic m-italic article-content article-content-width !bg-background\">K\u00e4mppikset 2.10. alkaen MTV Katsomo+-tilauksella.<\/p>\n<p>        <a itemprop=\"url\" href=\"https:\/\/www.seiska.fi\/katso\/sinikka-sokka-olin-lahella-kuolemaa\/1926815\" rel=\"nofollow noopener\" target=\"_blank\"><\/p>\n<p>\nSinikka Sokka:\n<\/p>\n<p class=\"section-date\">\n        <strong class=\"article-section\" data-section=\"katso\"><br \/>\n            katso<br \/>\n        <\/strong><br \/>\n        28.9. 14:15\n    <\/p>\n<p>Sinikka Sokka: &#8221;Olin l\u00e4hell\u00e4 kuolemaa&#8221;\n    <\/p>\n<p itemprop=\"description\" class=\"subtitle \">\n    Viimevuotinen tapahtuma on opettanut Sinikka Sokan hiljent\u00e4m\u00e4\u00e4n tahtiaan.\n<\/p>\n<p>        <\/a><\/p>\n<p>        <a itemprop=\"url\" href=\"https:\/\/www.seiska.fi\/katso\/tata-et-tiennyt-solsidan-sarjan-tahdista\/1944740\" rel=\"nofollow noopener\" target=\"_blank\"><\/p>\n<p>\nSolsidan\n<\/p>\n<p class=\"section-date\">\n        <strong class=\"article-section\" data-section=\"katso\"><br \/>\n            katso<br \/>\n        <\/strong><br \/>\n        1.10. 08:15\n    <\/p>\n<p>T\u00e4t\u00e4 et tiennyt Solsidan-sarjan t\u00e4hdist\u00e4\n    <\/p>\n<p itemprop=\"description\" class=\"subtitle \">\n    Ik\u00e4kriisi ajoi yhden n\u00e4yttelij\u00e4n vaaralliseen harrastukseen, ja toiselta t\u00e4hdelt\u00e4 rooli tuhosi hiukset.\n<\/p>\n<p>        <\/a><\/p>\n","protected":false},"excerpt":{"rendered":"K\u00e4mppikset MTV \u2013 Me kohta kuollaan kaikki. Jos t\u00e4st\u00e4 ilmestyy viel\u00e4 uusi tuotantokausi, niin meist\u00e4 on en\u00e4\u00e4 muutama&hellip;\n","protected":false},"author":2,"featured_media":51743,"comment_status":"","ping_status":"","sticky":false,"template":"","format":"standard","meta":{"footnotes":""},"categories":[133],"tags":[12753,137,33,31,30,12749,12752,12061,11589,12751,3090,12062,32,206,12750,156,109,2213],"class_list":{"0":"post-51742","1":"post","2":"type-post","3":"status-publish","4":"format-standard","5":"has-post-thumbnail","7":"category-televisiot","8":"tag-eeva-litmanen","9":"tag-entertainment","10":"tag-fi","11":"tag-finland","12":"tag-finnish","13":"tag-janne-vakio","14":"tag-julkaisuviivastys","15":"tag-kamppikset","16":"tag-mtv-katsomo","17":"tag-pertti-sveholm","18":"tag-sarja","19":"tag-sinikka-sokka","20":"tag-suomi","21":"tag-televisiot","22":"tag-thelma-siberg","23":"tag-tv","24":"tag-viihde","25":"tag-viihdeohjelma"},"share_on_mastodon":{"url":"","error":""},"_links":{"self":[{"href":"https:\/\/www.europesays.com\/fi\/wp-json\/wp\/v2\/posts\/51742","targetHints":{"allow":["GET"]}}],"collection":[{"href":"https:\/\/www.europesays.com\/fi\/wp-json\/wp\/v2\/posts"}],"about":[{"href":"https:\/\/www.europesays.com\/fi\/wp-json\/wp\/v2\/types\/post"}],"author":[{"embeddable":true,"href":"https:\/\/www.europesays.com\/fi\/wp-json\/wp\/v2\/users\/2"}],"replies":[{"embeddable":true,"href":"https:\/\/www.europesays.com\/fi\/wp-json\/wp\/v2\/comments?post=51742"}],"version-history":[{"count":0,"href":"https:\/\/www.europesays.com\/fi\/wp-json\/wp\/v2\/posts\/51742\/revisions"}],"wp:featuredmedia":[{"embeddable":true,"href":"https:\/\/www.europesays.com\/fi\/wp-json\/wp\/v2\/media\/51743"}],"wp:attachment":[{"href":"https:\/\/www.europesays.com\/fi\/wp-json\/wp\/v2\/media?parent=51742"}],"wp:term":[{"taxonomy":"category","embeddable":true,"href":"https:\/\/www.europesays.com\/fi\/wp-json\/wp\/v2\/categories?post=51742"},{"taxonomy":"post_tag","embeddable":true,"href":"https:\/\/www.europesays.com\/fi\/wp-json\/wp\/v2\/tags?post=51742"}],"curies":[{"name":"wp","href":"https:\/\/api.w.org\/{rel}","templated":true}]}}