{"id":51762,"date":"2025-10-02T20:14:09","date_gmt":"2025-10-02T20:14:09","guid":{"rendered":"https:\/\/www.europesays.com\/fi\/51762\/"},"modified":"2025-10-02T20:14:09","modified_gmt":"2025-10-02T20:14:09","slug":"mestiksesta-raju-purkaus-sm-liigalle-iltalehti","status":"publish","type":"post","link":"https:\/\/www.europesays.com\/fi\/51762\/","title":{"rendered":"Mestiksest\u00e4 raju purkaus SM-liigalle &#8211; Iltalehti"},"content":{"rendered":"<ol>\n<li><a href=\"https:\/\/news.google.com\/rss\/articles\/CBMie0FVX3lxTE4xTzdLMUQ0QUVxU0ItcWpaMk5fZklKRGxndnFsUlhNbVFJSHpVT214Mm9sd0FKcHp3a3RpUXBoZEpPMFN4anpvRjhNcFJOdVVhOW5UcW5JWUtTcDIzTmxWZk1XdzZZSjhBV3Q3TkNTam1vbUktWTNWc2JNbw?oc=5\" target=\"_blank\" rel=\"nofollow noopener\">Mestiksest\u00e4 raju purkaus SM-liigalle<\/a>&nbsp;&nbsp;Iltalehti<\/li>\n<li><a href=\"https:\/\/news.google.com\/rss\/articles\/CBMiXEFVX3lxTE5GSjdDeTBQcjNMcnAzcktwR2Etd2xsR0VBQVJscHdVbFlHNHk0RWp4RTJGNFp6UDQtSnE5aDFjakZqaTd1LVVMM2NXYXNzejRHaEtsU3dWVFBXX2Vo?oc=5\" target=\"_blank\" rel=\"nofollow noopener\">J\u00e4\u00e4kiekko | Kilpaileva Mestis-seura vaatii Jokereita SM-liigaan<\/a>&nbsp;&nbsp;HS.fi<\/li>\n<li><a href=\"https:\/\/news.google.com\/rss\/articles\/CBMiVEFVX3lxTE81TzFRUzVHanR2MlNCYXVNdlRYVW1PbHJyS3dNOHUwVy11alY4RlFyZ1BDQmszb1BVVnZvOVYzRFd5RGZlTElxZjh1RjhPQnFxSmNsYQ?oc=5\" target=\"_blank\" rel=\"nofollow noopener\">Joensuun Kiekko-Poikien pomot esitt\u00e4v\u00e4t omat visionsa ja jyr\u00e4ht\u00e4v\u00e4t sarjaj\u00e4rjestelmist\u00e4: &#8221;P\u00e4\u00e4t\u00f6ksi\u00e4 tarvitaan nyt&#8221;<\/a>&nbsp;&nbsp;Karjalainen<\/li>\n<li><a href=\"https:\/\/news.google.com\/rss\/articles\/CBMiyAFBVV95cUxPa3N1cHNpd21SM3lDc0RKa1psZExua2tYaUs4c1A4YnRFSnFnVXM2NHIzRExPZHA2ZU1zcXVLV2hodjFKUi05c0ZOMHF5QWwtOFQxOWw3WW5vaDNnMzhCWXNCVjQ5S011Y0pHWjNwMjg1N09YTTZ1ODVVWmE2RWZSS0xTX0ZqeDN4cUtpdnRSUk4yNUN6dmxIUVZtcnV5Wjg0VWU4ZWFDZ0djV3U3RXNxal83Z1BCaUZ3eTJtQmFPSzNpNzlXNXdlbA?oc=5\" target=\"_blank\" rel=\"nofollow noopener\">Suomalainen j\u00e4\u00e4kiekko pit\u00e4isi ottaa huostaan | Aitio<\/a>&nbsp;&nbsp;Apu360<\/li>\n<li><a href=\"https:\/\/news.google.com\/rss\/articles\/CBMiakFVX3lxTE8zMEExR1o0RXpmYmVWc1dybDljemlfbVFXcXVlQ2phWHY5TE9DM3R6OFd0WmFuM1BkTWdJR2Z2amV3ekZEamJkeV9IMDVabVFid1UwcnNReGZCSEdzOWI2UUJmZzdBWmhUeHc?oc=5\" target=\"_blank\" rel=\"nofollow noopener\">Kari Haaviston kolumni | J\u00e4\u00e4kiekko tekee oikein ravistellessaan p\u00e4\u00e4sarjan joukkuem\u00e4\u00e4r\u00e4\u00e4<\/a>&nbsp;&nbsp;Savon Sanomat<\/li>\n<\/ol>\n","protected":false},"excerpt":{"rendered":"Mestiksest\u00e4 raju purkaus SM-liigalle&nbsp;&nbsp;Iltalehti J\u00e4\u00e4kiekko | Kilpaileva Mestis-seura vaatii Jokereita SM-liigaan&nbsp;&nbsp;HS.fi Joensuun Kiekko-Poikien pomot esitt\u00e4v\u00e4t omat visionsa ja&hellip;\n","protected":false},"author":2,"featured_media":51763,"comment_status":"","ping_status":"","sticky":false,"template":"","format":"standard","meta":{"footnotes":""},"categories":[158],"tags":[35,1144,33,31,30,1143,41,159,4686,32,1145,160],"class_list":{"0":"post-51762","1":"post","2":"type-post","3":"status-publish","4":"format-standard","5":"has-post-thumbnail","7":"category-urheilu","8":"tag-24h","9":"tag-ammattilaisjaakiekko","10":"tag-fi","11":"tag-finland","12":"tag-finnish","13":"tag-jaakiekko","14":"tag-liikunta-ja-urheilu","15":"tag-sports","16":"tag-suomen-jaakiekko","17":"tag-suomi","18":"tag-talviurheilu","19":"tag-urheilu"},"share_on_mastodon":{"url":"","error":""},"_links":{"self":[{"href":"https:\/\/www.europesays.com\/fi\/wp-json\/wp\/v2\/posts\/51762","targetHints":{"allow":["GET"]}}],"collection":[{"href":"https:\/\/www.europesays.com\/fi\/wp-json\/wp\/v2\/posts"}],"about":[{"href":"https:\/\/www.europesays.com\/fi\/wp-json\/wp\/v2\/types\/post"}],"author":[{"embeddable":true,"href":"https:\/\/www.europesays.com\/fi\/wp-json\/wp\/v2\/users\/2"}],"replies":[{"embeddable":true,"href":"https:\/\/www.europesays.com\/fi\/wp-json\/wp\/v2\/comments?post=51762"}],"version-history":[{"count":0,"href":"https:\/\/www.europesays.com\/fi\/wp-json\/wp\/v2\/posts\/51762\/revisions"}],"wp:featuredmedia":[{"embeddable":true,"href":"https:\/\/www.europesays.com\/fi\/wp-json\/wp\/v2\/media\/51763"}],"wp:attachment":[{"href":"https:\/\/www.europesays.com\/fi\/wp-json\/wp\/v2\/media?parent=51762"}],"wp:term":[{"taxonomy":"category","embeddable":true,"href":"https:\/\/www.europesays.com\/fi\/wp-json\/wp\/v2\/categories?post=51762"},{"taxonomy":"post_tag","embeddable":true,"href":"https:\/\/www.europesays.com\/fi\/wp-json\/wp\/v2\/tags?post=51762"}],"curies":[{"name":"wp","href":"https:\/\/api.w.org\/{rel}","templated":true}]}}