{"id":51770,"date":"2025-10-02T20:20:11","date_gmt":"2025-10-02T20:20:11","guid":{"rendered":"https:\/\/www.europesays.com\/fi\/51770\/"},"modified":"2025-10-02T20:20:11","modified_gmt":"2025-10-02T20:20:11","slug":"tehy-paljasti-etela-pohjanmaan-hyvinvointialueen-suunnitelman-vaihtaa-sairaanhoitajat-pienempipalkkaisiin-etela-pohjanmaa","status":"publish","type":"post","link":"https:\/\/www.europesays.com\/fi\/51770\/","title":{"rendered":"Tehy paljasti Etel\u00e4-Pohjanmaan hyvinvointialueen suunnitelman vaihtaa sairaanhoitajat pienempipalkkaisiin | Etel\u00e4-Pohjanmaa"},"content":{"rendered":"<p class=\"aw-1gybjub aw-5vja16 cmIuaG zKETg yle__article__paragraph\">Tehyn mukaan Etel\u00e4-Pohjanmaalla sairaanhoitajia muutettaisiin l\u00e4hihoitajiksi tai hoiva-avustajiksi. Hyvinvointialue ei kommentoi asiaa. Lapissa l\u00e4hihoitajien tilalle aiotaan palkata hoiva-avustajia.<\/p>\n<p><img decoding=\"async\" alt=\"Hoivakodin ty\u00f6ntekij\u00e4 vanhusten kanssa.\" src=\"https:\/\/www.europesays.com\/fi\/wp-content\/uploads\/2025\/10\/39-144386567ea9b19700b8.jpeg\" class=\"aw-1l9m598 hKVVvP\"\/><\/p>\n<p>Avaa kuvien katselu<\/p>\n<p>Hyvinvointialueet hakevat s\u00e4\u00e4st\u00f6j\u00e4 kaikkialta. Tehy on l\u00e4hett\u00e4nyt kannanoton Etel\u00e4-Pohjanmaan ja Lapin hyvinvointialueille liittyen vanhusten asumispalveluihin ehdotettuihin muutoksiin. Kuvituskuva. Kuva: Berislav Juri\u0161i\u0107 \/ Yle<\/p>\n<p>19:12\u2022P\u00e4ivitetty 19:57<\/p>\n<p>Juttu tiivistettyn\u00e4<\/p>\n<ul class=\"aw-1jjocuh iJTSwP yle__article__list yle__article__list--ul\">\n<li class=\"aw-1j7gwms kUeLji\">Tehy huolestui Etel\u00e4-Pohjanmaan ja Lapin hyvinvointialueilla esill\u00e4 olleista s\u00e4\u00e4st\u00f6ehdotuksista muuttaa isompipalkkaisia teht\u00e4vi\u00e4 pienempipalkkaisiksi.<\/li>\n<li class=\"aw-1j7gwms kUeLji\">Etel\u00e4-Pohjanmaan hyvinvointialueen yt-neuvotteluissa on keskusteltu sairaanhoitajien teht\u00e4vien muuttamista l\u00e4hihoitajiksi tai hoiva-avustajiksi.<\/li>\n<li class=\"aw-1j7gwms kUeLji\">Lapissa aiotaan muuttaa kymmeni\u00e4 l\u00e4hihoitajan teht\u00e4vi\u00e4 hoiva-avustajiksi, mink\u00e4 arvioidaan tuovan 200 000 euron s\u00e4\u00e4st\u00f6t ensi vuonna.<\/li>\n<li class=\"aw-1j7gwms kUeLji\">Tehy vastustaa ehdotuksia ja varoittaa, ett\u00e4 sairaanhoitajien teht\u00e4vien muuttaminen l\u00e4hihoitajiksi voisi muun muassa heikent\u00e4\u00e4 asiakas- ja potilasturvallisuutta.<\/li>\n<\/ul>\n<p class=\"aw-1gybjub aw-1p7kakr cmIuaG fmSRng yle__article__paragraph\">T\u00e4m\u00e4 on teko\u00e4lyn avulla tuotettu, toimittajan tarkistama tiivistelm\u00e4.<\/p>\n<p class=\"aw-1gybjub aw-1p7kakr cmIuaG fmSRng yle__article__paragraph\">Hyvinvointialueet hakevat s\u00e4\u00e4st\u00f6kohteita nyt \u00e4ll\u00e4tikulla.<\/p>\n<p class=\"aw-1gybjub aw-1p7kakr cmIuaG fmSRng yle__article__paragraph\">Ainakin Etel\u00e4-Pohjanmaalla ja Lapissa s\u00e4\u00e4st\u00f6keskusteluihin on tuotu isompipalkkaisten teht\u00e4vien muuttaminen pienempipalkkaisemmiksi.<\/p>\n<p class=\"aw-1gybjub aw-1p7kakr cmIuaG fmSRng yle__article__paragraph\">Asiasta kertoo Ylelle Tehy omiin l\u00e4hteisiins\u00e4 viitaten.<\/p>\n<p class=\"aw-1gybjub aw-1p7kakr cmIuaG fmSRng yle__article__paragraph\">Tehyn mukaan Etel\u00e4-Pohjanmaan hyvinvointialueen yt-esityksess\u00e4 ehdotetaan sairaanhoitajien toimien muuttamista l\u00e4hihoitajan tai hoiva-avustajan teht\u00e4viksi ik\u00e4\u00e4ntyneiden asumispalveluissa.<\/p>\n<p class=\"aw-1gybjub aw-1p7kakr cmIuaG fmSRng yle__article__paragraph\">Tehyn puheenjohtaja <strong class=\"aw-ak79eh KyCXm yle__article__strong\">Millariikka Rytk\u00f6nen<\/strong> sanoo, ett\u00e4 jos n\u00e4in teht\u00e4isiin, se vaikuttaisi asiakas- ja potilasturvallisuuteen. Sairaanhoitajan, l\u00e4hihoitajan ja hoiva-avustajan osaamisessa esimerkiksi l\u00e4\u00e4kehoidon osalta on eroja.<\/p>\n<p class=\"aw-1gybjub aw-1p7kakr cmIuaG fmSRng yle__article__paragraph\">\u2013 Jos sairaanhoitajan osaamista ei ole ik\u00e4\u00e4ntyneiden palveluissa, on valtava riski viiv\u00e4styneeseen hoitoon ja sen my\u00f6t\u00e4 vakavat seuraukset, Rytk\u00f6nen sanoo.<\/p>\n<p class=\"aw-1gybjub aw-1p7kakr cmIuaG fmSRng yle__article__paragraph\">Etel\u00e4-Pohjanmaan hyvinvointialuejohtaja <strong class=\"aw-ak79eh KyCXm yle__article__strong\">Tero J\u00e4rvinen<\/strong> ei kommentoi yt-neuvotteluun liittyv\u00e4\u00e4 asiaa. H\u00e4n toteaa tekstiviestitse, ett\u00e4 yt-menettelyss\u00e4 k\u00e4yd\u00e4\u00e4n keskusteluja hyvin laajasti, my\u00f6s henkil\u00f6st\u00f6rakenteista.<\/p>\n<p class=\"aw-1gybjub aw-1p7kakr cmIuaG fmSRng yle__article__paragraph\">Lapin hyvinvointialueella aiotaan muuttaa kymmeni\u00e4 avoimia l\u00e4hihoitajien teht\u00e4vi\u00e4 matalapalkkaisemmiksi hoiva-avustajan teht\u00e4viksi jo t\u00e4n\u00e4 vuonna. N\u00e4m\u00e4 teht\u00e4v\u00e4t ovat my\u00f6s ik\u00e4\u00e4ntyneiden asumispalveluissa.<\/p>\n<p class=\"aw-1gybjub aw-1p7kakr cmIuaG fmSRng yle__article__paragraph\">Ollaanko my\u00f6s sairaanhoitajien teht\u00e4vi\u00e4 muuttamassa s\u00e4\u00e4st\u00f6syist\u00e4 l\u00e4hihoitajien teht\u00e4viksi, siihen ei Laphasta vastata.<\/p>\n<p class=\"aw-1gybjub aw-1p7kakr cmIuaG fmSRng yle__article__paragraph\">Henkil\u00f6st\u00f6rakennettakin arvioidaan, tyytyy hyvinvointialuejohtaja <strong class=\"aw-ak79eh KyCXm yle__article__strong\">Jari Jokela<\/strong> toteamaan Lapin s\u00e4\u00e4st\u00f6suunnitelmista.<\/p>\n<p class=\"aw-1gybjub aw-1p7kakr cmIuaG fmSRng yle__article__paragraph\">Lapissa aluevaltuusto p\u00e4\u00e4tt\u00e4\u00e4 muutoksista joulukuussa.<\/p>\n<p class=\"aw-1gybjub aw-1p7kakr cmIuaG fmSRng yle__article__paragraph\">Etel\u00e4-Pohjanmaalla yhteistoimintamenettelyn tuloksen k\u00e4sittely kulkee rinnakkain ensi vuoden talousarvion kanssa.<\/p>\n<p>L\u00e4hihoitajan vakansseja hoiva-avustajiksi Lapissa<\/p>\n<p class=\"aw-1gybjub aw-1p7kakr cmIuaG fmSRng yle__article__paragraph\">Ainakaan hoivakodeissa muutoksia sairaanhoitajien suhteen ei suunnitella, sanoo ik\u00e4\u00e4ntyneiden palveluiden vastuualuejohtaja <strong class=\"aw-ak79eh KyCXm yle__article__strong\">Annukka Marjala<\/strong> Lapista. Yksik\u00f6iss\u00e4 on t\u00e4ll\u00e4kin hetkell\u00e4 yleens\u00e4 vain yksi sairaanhoitaja, ja h\u00e4net tarvitaan huolehtimaan sairaanhoidollisista toimenpiteist\u00e4 ja suunnittelemaan l\u00e4\u00e4kehoitoa.<\/p>\n<p class=\"aw-1gybjub aw-1p7kakr cmIuaG fmSRng yle__article__paragraph\">Sen sijaan 20 avointa l\u00e4hihoitajan teht\u00e4v\u00e4\u00e4 suunnitellaan muutettavaksi hoiva-avustajan teht\u00e4viksi viel\u00e4 loppuvuoden aikana. Ensi vuoden luku on Marjalan mukaan 35, ja osa muutoksista voi koskea jo olemassa olevia toimia.<\/p>\n<p class=\"aw-1gybjub aw-1p7kakr cmIuaG fmSRng yle__article__paragraph\">T\u00e4ll\u00e4kin hetkell\u00e4 monia l\u00e4hihoitajan sijaisuuksia tekee hoiva-avustaja, joten k\u00e4yt\u00e4nn\u00f6ss\u00e4 muutos ei Marjalan mukaan ole kovin suuri.<\/p>\n<p class=\"aw-1gybjub aw-1p7kakr cmIuaG fmSRng yle__article__paragraph\">Muutoksen lasketaan tuovan Lapin hyvinvointialueelle 200\u00a0000 euron s\u00e4\u00e4st\u00f6t ensi vuonna.<\/p>\n<p class=\"aw-1gybjub aw-1p7kakr cmIuaG fmSRng yle__article__paragraph\">\u2013 Se on hirvitt\u00e4v\u00e4\u00e4, mutta nyt haetaan tehoja henkil\u00f6st\u00f6st\u00e4, jotta ei tarvitsisi heikent\u00e4\u00e4 ihmisten p\u00e4\u00e4sy\u00e4 palveluihin.<\/p>\n<p class=\"aw-1gybjub aw-1p7kakr cmIuaG fmSRng yle__article__paragraph\">Suunnitelmissa on hoiva-avustajien tuominen my\u00f6s kotihoitoon l\u00e4hihoitajien tilalle. Kovin suureksi osuus ei voi kasvaa, koska hoiva-avustaja ei voi ty\u00f6skennell\u00e4 vanhuksen luona yksin.<\/p>\n<p class=\"aw-1gybjub aw-1p7kakr cmIuaG fmSRng yle__article__paragraph\">Marjala sanoo, ett\u00e4 s\u00e4\u00e4st\u00f6jen lis\u00e4ksi muutoksilla tavoitellaan sit\u00e4, ett\u00e4 hoitajat riitt\u00e4v\u00e4t v\u00e4ltt\u00e4m\u00e4tt\u00f6miin teht\u00e4viin.<\/p>\n<p><img decoding=\"async\" alt=\"Millariikka Rytk\u00f6nen neuvottelup\u00f6yd\u00e4ss\u00e4.\" src=\"https:\/\/www.europesays.com\/fi\/wp-content\/uploads\/2025\/10\/39-143417367d014ab6ac54.jpeg\" loading=\"lazy\" class=\"aw-1l9m598 hKVVvP\"\/><\/p>\n<p>Avaa kuvien katselu<\/p>\n<p>Muutokset lis\u00e4isiv\u00e4t kuormitusta koko hoitoalalla, sanoo Tehyn puheenjohtaja Millariikka Rytk\u00f6nen. Kuva kunta-alan ty\u00f6ehtoneuvotteluista kev\u00e4\u00e4lt\u00e4 2025. Kuva: Markku Pitk\u00e4nen \/ YleTehy l\u00e4hett\u00e4nyt kannanotot Lappiin ja Etel\u00e4-Pohjanmaalle<\/p>\n<p class=\"aw-1gybjub aw-1p7kakr cmIuaG fmSRng yle__article__paragraph\">Tehy kertoo, ett\u00e4 se on tehnyt sek\u00e4 Etel\u00e4-Pohjanmaan ett\u00e4 Lapin hyvinvointialueen ehdotuksista kannanotot, joissa se toivoo, ett\u00e4 n\u00e4it\u00e4 muutoksia ei teht\u00e4isi.<\/p>\n<p class=\"aw-1gybjub aw-1p7kakr cmIuaG fmSRng yle__article__paragraph\">Millariikka Rytk\u00f6nen toivoo, ett\u00e4 suunnitelmat j\u00e4isiv\u00e4t vain suunnitelmiksi.<\/p>\n<p class=\"aw-1gybjub aw-1p7kakr cmIuaG fmSRng yle__article__paragraph\">\u2013 Saattaa kuulostaa pienelt\u00e4 asialta, ett\u00e4 sairaanhoitajan vakanssit muutetaan, mutta sit\u00e4 se ei todellakaan ole. Sen takia me Tehyn\u00e4 halutaan ottaa t\u00e4h\u00e4n isosti kantaa.<\/p>\n<p class=\"aw-1gybjub aw-1p7kakr cmIuaG fmSRng yle__article__paragraph\">Rytk\u00f6sen mukaan muutos lis\u00e4isi henkil\u00f6st\u00f6n kuormitusta ja veisi osaamista pois.<\/p>\n<p class=\"aw-1gybjub aw-1p7kakr cmIuaG fmSRng yle__article__paragraph\">\u2013 T\u00e4ytyisi my\u00f6s hoitoty\u00f6ss\u00e4 muistaa se, ett\u00e4 jokaisella koulutetulla ammattilaisella on t\u00e4rke\u00e4 oma roolinsa. Ei me pistet\u00e4 terveyskeskusl\u00e4\u00e4k\u00e4reit\u00e4k\u00e4\u00e4n tekem\u00e4\u00e4n polven tekonivelleikkauksia.<\/p>\n<p class=\"aw-1gybjub aw-1p7kakr cmIuaG fmSRng yle__article__paragraph\">Tehyn k\u00e4sityksen mukaan teht\u00e4v\u00e4muutokset teht\u00e4isiin esimerkiksi el\u00e4k\u00f6itymisten yhteydess\u00e4. Muutoksilla tavoitellaan s\u00e4\u00e4st\u00f6j\u00e4, Rytk\u00f6nen olettaa. Pitk\u00e4ll\u00e4 aikav\u00e4lill\u00e4 kustannukset kuitenkin kasvavat, h\u00e4n ennakoi.<\/p>\n<p class=\"aw-1gybjub aw-1p7kakr cmIuaG fmSRng yle__article__paragraph\">\u2013 Ymm\u00e4rr\u00e4n sit\u00e4 p\u00e4\u00e4tt\u00e4j\u00e4\u00e4, joka on tosi vaikeassa tilanteessa, kun v\u00e4h\u00e4t rahat t\u00e4ytyy sijoittaa oikealla tavalla. Mutta t\u00e4m\u00e4 on aivan v\u00e4\u00e4r\u00e4 kohta. P\u00e4\u00e4tt\u00e4jien pit\u00e4\u00e4 n\u00e4hd\u00e4 pidemm\u00e4lle.<\/p>\n","protected":false},"excerpt":{"rendered":"Tehyn mukaan Etel\u00e4-Pohjanmaalla sairaanhoitajia muutettaisiin l\u00e4hihoitajiksi tai hoiva-avustajiksi. Hyvinvointialue ei kommentoi asiaa. Lapissa l\u00e4hihoitajien tilalle aiotaan palkata hoiva-avustajia.&hellip;\n","protected":false},"author":2,"featured_media":51771,"comment_status":"","ping_status":"","sticky":false,"template":"","format":"standard","meta":{"footnotes":""},"categories":[12],"tags":[22,23,1377,12234,26,27,33,31,30,17,2218,71,12762,12760,667,24,25,28,29,12761,15,18,21,8184,680,4341,32,12759,2223,19,20,16],"class_list":{"0":"post-51770","1":"post","2":"type-post","3":"status-publish","4":"format-standard","5":"has-post-thumbnail","7":"category-suomi","8":"tag-breaking-news","9":"tag-breakingnews","10":"tag-etela-pohjanmaa","11":"tag-etela-pohjanmaan-hyvinvointialue","12":"tag-featured-news","13":"tag-featurednews","14":"tag-fi","15":"tag-finland","16":"tag-finnish","17":"tag-headlines","18":"tag-hyvinvointialueet","19":"tag-kotimaa","20":"tag-lahihoitajat","21":"tag-lapin-hyvinvointialue","22":"tag-lappi","23":"tag-latest-news","24":"tag-latestnews","25":"tag-main-news","26":"tag-mainnews","27":"tag-millariikka-rytkonen","28":"tag-news","29":"tag-otsikot","30":"tag-paauutiset","31":"tag-sairaanhoitajat","32":"tag-seinajoki","33":"tag-sosiaali-ja-terveyspalvelut","34":"tag-suomi","35":"tag-tehy","36":"tag-terveydenhuoltohenkilosto","37":"tag-top-stories","38":"tag-topstories","39":"tag-uutiset"},"share_on_mastodon":{"url":"","error":""},"_links":{"self":[{"href":"https:\/\/www.europesays.com\/fi\/wp-json\/wp\/v2\/posts\/51770","targetHints":{"allow":["GET"]}}],"collection":[{"href":"https:\/\/www.europesays.com\/fi\/wp-json\/wp\/v2\/posts"}],"about":[{"href":"https:\/\/www.europesays.com\/fi\/wp-json\/wp\/v2\/types\/post"}],"author":[{"embeddable":true,"href":"https:\/\/www.europesays.com\/fi\/wp-json\/wp\/v2\/users\/2"}],"replies":[{"embeddable":true,"href":"https:\/\/www.europesays.com\/fi\/wp-json\/wp\/v2\/comments?post=51770"}],"version-history":[{"count":0,"href":"https:\/\/www.europesays.com\/fi\/wp-json\/wp\/v2\/posts\/51770\/revisions"}],"wp:featuredmedia":[{"embeddable":true,"href":"https:\/\/www.europesays.com\/fi\/wp-json\/wp\/v2\/media\/51771"}],"wp:attachment":[{"href":"https:\/\/www.europesays.com\/fi\/wp-json\/wp\/v2\/media?parent=51770"}],"wp:term":[{"taxonomy":"category","embeddable":true,"href":"https:\/\/www.europesays.com\/fi\/wp-json\/wp\/v2\/categories?post=51770"},{"taxonomy":"post_tag","embeddable":true,"href":"https:\/\/www.europesays.com\/fi\/wp-json\/wp\/v2\/tags?post=51770"}],"curies":[{"name":"wp","href":"https:\/\/api.w.org\/{rel}","templated":true}]}}