{"id":51780,"date":"2025-10-02T20:40:07","date_gmt":"2025-10-02T20:40:07","guid":{"rendered":"https:\/\/www.europesays.com\/fi\/51780\/"},"modified":"2025-10-02T20:40:07","modified_gmt":"2025-10-02T20:40:07","slug":"veikkaus-areenasta-uhkaavaa-puhetta-nain-pomo-vastaa-iltalehti","status":"publish","type":"post","link":"https:\/\/www.europesays.com\/fi\/51780\/","title":{"rendered":"Veikkaus-areenasta uhkaavaa puhetta \u2013 N\u00e4in pomo vastaa &#8211; Iltalehti"},"content":{"rendered":"<ol>\n<li><a href=\"https:\/\/news.google.com\/rss\/articles\/CBMie0FVX3lxTFBaWUJ4aUlGZ0MtVTMxLV85Y0F6Y3VaU0x2TGxMN1EtcEp4bW9GQXpzQVlTQkFCSnVvTmQwcEd2RHVrMl9sb0JWaXRJOWs0LW53aGlTTmQ2ay0wVXVjTFZlRHpjY3VIUXJMR1Q0Q1VHX01sMWVvTlRMVm8zVQ?oc=5\" target=\"_blank\" rel=\"nofollow noopener\">Veikkaus-areenasta uhkaavaa puhetta \u2013 N\u00e4in pomo vastaa<\/a>&nbsp;&nbsp;Iltalehti<\/li>\n<li><a href=\"https:\/\/news.google.com\/rss\/articles\/CBMiXEFVX3lxTE9NV1o2N3BpWHpSNWl3QzBmYVREOWZCSDF1VWZ0c0ZfTlpQOHl6MmhBODFRWktZMVdidlA0X2E2eHZ2dkVFMldyWkVxWmJTZ3puYmh3Um0zQjlTYXRE?oc=5\" target=\"_blank\" rel=\"nofollow noopener\">Kommentti | Jokerit nolaa SM-liigan, jos Tapparan ja Ilveksen kohtaaminen j\u00e4\u00e4 varjoon<\/a>&nbsp;&nbsp;HS.fi<\/li>\n<li><a href=\"https:\/\/news.google.com\/rss\/articles\/CBMiQkFVX3lxTE8tU0NfcnpPTU5nRUZYV0FnZlo1bDhSWXVWbGVtaXdpaUprczU4TWU1c2VIbkhYSEQtcWdTWHZYSVlhUQ?oc=5\" target=\"_blank\" rel=\"nofollow noopener\">Jokerit pelaa yhdeks\u00e4n runkosarjan ottelua Helsingin areenassa<\/a>&nbsp;&nbsp;Yle<\/li>\n<li><a href=\"https:\/\/news.google.com\/rss\/articles\/CBMiX0FVX3lxTE9fWHRQTk1wS0l5ZTZYMnJETHFmeUNDMHZyanVWd3FiY2V1MHJWa1ZLS2JzQkRaU0NQaXU5cTdTeUVvMktEcDlfZk5fYnZZeUJTU0ZzbXRPQWxiZkZyUUtR?oc=5\" target=\"_blank\" rel=\"nofollow noopener\">Uusi suuromistaja lataa kovaa teksti\u00e4 Jokereista<\/a>&nbsp;&nbsp;Ilta-Sanomat<\/li>\n<li><a href=\"https:\/\/news.google.com\/rss\/articles\/CBMilwFBVV95cUxNV3JLYm0zc0RKeW9feDh2Mml1bE5ObTVJOXFqNnFoUjZvNlgyRXZpdW5uWTBreGtBM0diWWNKZXFsV253N1ppYVdBUDRtOHRTb3NlUkZBMzFQelh3cGZKUW00R1JUN2tWUHdJaUJocnYwNHpEdHc4RzU3ZklLNkE5Q1IzQzlDcEdsZll2NFN2ZTZBVUM3TFdj?oc=5\" target=\"_blank\" rel=\"nofollow noopener\">Tiedote: Jokerit ja Veikkaus Arena solmivat yhteisty\u00f6sopimuksen<\/a>&nbsp;&nbsp;JOKERIT<\/li>\n<\/ol>\n","protected":false},"excerpt":{"rendered":"Veikkaus-areenasta uhkaavaa puhetta \u2013 N\u00e4in pomo vastaa&nbsp;&nbsp;Iltalehti Kommentti | Jokerit nolaa SM-liigan, jos Tapparan ja Ilveksen kohtaaminen j\u00e4\u00e4&hellip;\n","protected":false},"author":2,"featured_media":51781,"comment_status":"","ping_status":"","sticky":false,"template":"","format":"standard","meta":{"footnotes":""},"categories":[158],"tags":[35,1274,33,31,30,1143,524,41,159,32,2599,160],"class_list":{"0":"post-51780","1":"post","2":"type-post","3":"status-publish","4":"format-standard","5":"has-post-thumbnail","7":"category-urheilu","8":"tag-24h","9":"tag-ammattiurheilu","10":"tag-fi","11":"tag-finland","12":"tag-finnish","13":"tag-jaakiekko","14":"tag-kulttuuri-ja-taidetapahtumat-ja-nayttelyt","15":"tag-liikunta-ja-urheilu","16":"tag-sports","17":"tag-suomi","18":"tag-tapahtumat-ja-tapahtumatiedot","19":"tag-urheilu"},"share_on_mastodon":{"url":"","error":""},"_links":{"self":[{"href":"https:\/\/www.europesays.com\/fi\/wp-json\/wp\/v2\/posts\/51780","targetHints":{"allow":["GET"]}}],"collection":[{"href":"https:\/\/www.europesays.com\/fi\/wp-json\/wp\/v2\/posts"}],"about":[{"href":"https:\/\/www.europesays.com\/fi\/wp-json\/wp\/v2\/types\/post"}],"author":[{"embeddable":true,"href":"https:\/\/www.europesays.com\/fi\/wp-json\/wp\/v2\/users\/2"}],"replies":[{"embeddable":true,"href":"https:\/\/www.europesays.com\/fi\/wp-json\/wp\/v2\/comments?post=51780"}],"version-history":[{"count":0,"href":"https:\/\/www.europesays.com\/fi\/wp-json\/wp\/v2\/posts\/51780\/revisions"}],"wp:featuredmedia":[{"embeddable":true,"href":"https:\/\/www.europesays.com\/fi\/wp-json\/wp\/v2\/media\/51781"}],"wp:attachment":[{"href":"https:\/\/www.europesays.com\/fi\/wp-json\/wp\/v2\/media?parent=51780"}],"wp:term":[{"taxonomy":"category","embeddable":true,"href":"https:\/\/www.europesays.com\/fi\/wp-json\/wp\/v2\/categories?post=51780"},{"taxonomy":"post_tag","embeddable":true,"href":"https:\/\/www.europesays.com\/fi\/wp-json\/wp\/v2\/tags?post=51780"}],"curies":[{"name":"wp","href":"https:\/\/api.w.org\/{rel}","templated":true}]}}