{"id":51803,"date":"2025-10-02T21:11:09","date_gmt":"2025-10-02T21:11:09","guid":{"rendered":"https:\/\/www.europesays.com\/fi\/51803\/"},"modified":"2025-10-02T21:11:09","modified_gmt":"2025-10-02T21:11:09","slug":"petteri-orpon-uho-paattyi-nolosti","status":"publish","type":"post","link":"https:\/\/www.europesays.com\/fi\/51803\/","title":{"rendered":"Petteri Orpon uho p\u00e4\u00e4ttyi nolosti"},"content":{"rendered":"<p><a href=\"https:\/\/www.iltalehti.fi\/kirjoittajat\/Joakim Kullas\" class=\"article-description-pov-author\" rel=\"nofollow noopener\" target=\"_blank\"><\/p>\n<p>Joakim Kullas<\/p>\n<p><img decoding=\"async\" class=\"author-image\" src=\"https:\/\/www.europesays.com\/fi\/wp-content\/uploads\/2025\/09\/51c71b786b3451c79ba27eaec81058801faaf5ffa483d63264dc7a2698d569d5.png\" alt=\"\"\/><\/a><\/p>\n<p>Petteri Orpo sai tuntea nahoissaan, kuinka pienten j\u00e4senmaiden toiveet tallotaan suurempien jalkoihin, kirjoittaa politiikan toimittaja Joakim Kullas. <\/p>\n<p>Eilen klo 22:54<\/p>\n<p><img decoding=\"async\" class=\"image image-show image-preview\" src=\"https:\/\/www.europesays.com\/fi\/wp-content\/uploads\/2025\/10\/183de70e9692494556ecd0f9fd03875e0eba2a96a25242295703dd06ee920353.jpg\" alt=\"\"\/><img decoding=\"async\" class=\"image image-show\" src=\"https:\/\/www.europesays.com\/fi\/wp-content\/uploads\/2025\/10\/1759439469_25_183de70e9692494556ecd0f9fd03875e0eba2a96a25242295703dd06ee920353.jpg\" alt=\"\"\/><\/p>\n<p>Petteri Orpo puhui medialle saapuessaan ep\u00e4viralliseen huippukokoukseen keskiviikkona.  EPA\/THOMAS TRAASDAHL<\/p>\n<p class=\"paragraph\">P\u00e4\u00e4ministeri <strong>Petteri Orpo<\/strong> (kok) l\u00e4hti ep\u00e4viralliseen Eurooppa-neuvostoon K\u00f6\u00f6penhaminaan itsevarmuutta puhkuen, mutta joutui pettym\u00e4\u00e4n.<\/p>\n<p class=\"paragraph\">Euroopan valtiojohtajien keskiviikkoinen kokous pohjusti varsinaista Eurooppa-neuvostoa, joka j\u00e4rjestet\u00e4\u00e4n lokakuun lopussa. Siell\u00e4 komissio esittelee johtajille puolustuksen tiekartan, jonka keskeisin\u00e4 elementtein\u00e4 oletetaan olevan EU:n it\u00e4rajan puolustuksen vahvistaminen ja Ven\u00e4j\u00e4n droonien torjunnan parantaminen.<\/p>\n<p class=\"paragraph\">Niin kutsuttuun droonimuuriin Orpo haluaisi rahaa EU:lta.<\/p>\n<p class=\"paragraph\">Orpo sanoi eduskunnassa viime perjantaina, ett\u00e4 kun Suomi on aiemmin osoittanut taloudellisuutta solidaarisuutta etel\u00e4iselle Euroopalle, nyt on muun Euroopan aika osoittaa solidaarisuutta Suomelle ja muille rajamaille droonimuurin rakentamisessa.<\/p>\n<p class=\"paragraph\">Sama puhe jatkui Orpon saapuessa Eurooppa-neuvostoon keskiviikkona.<\/p>\n<p class=\"paragraph\">\u2013 Nyt on aika osoittaa solidaarisuutta it\u00e4isemp\u00e4\u00e4 ja pohjoisempaa Eurooppaa kohtaan nimenomaan turvallisuudessa, h\u00e4n sanoi toimittajille.<\/p>\n<p class=\"paragraph\">Nelj\u00e4n tunnin keskustelu puolustuksesta p\u00e4\u00e4ttyi Orpon kannalta ik\u00e4v\u00e4sti.<\/p>\n<p class=\"paragraph\">\u2013 Odotin, ett\u00e4 olisi ollut enemm\u00e4n konkretiaa p\u00f6yd\u00e4ss\u00e4, h\u00e4n kommentoi paikan p\u00e4\u00e4ll\u00e4 K\u00f6\u00f6penhaminassa kokousta seuranneelle <a href=\"https:\/\/www.kauppalehti.fi\/uutiset\/a\/c2364657-fc9a-43e4-b16f-4633ba759c4e\" rel=\"noopener nofollow\" target=\"_blank\">Kauppalehdelle<\/a> ja muulle medialle.<\/p>\n<p class=\"paragraph\">Kokouksesta ei saatu konkreettisia askelmerkkej\u00e4 eteenp\u00e4in Suomen toiveiden eli droonimuurin osalta.<\/p>\n<p class=\"paragraph\">Kapuloita rattaisiin heitti Italian laitaoikeistolainen p\u00e4\u00e4ministeri <strong>Giorgia Meloni<\/strong>, joka vaati droonimuuria my\u00f6s EU:n etel\u00e4rajalle. H\u00e4nen mukaansa vain it\u00e4rajaan keskittyminen on virhe.<\/p>\n<p class=\"paragraph\">Orpo on eurovaalien aikaan kehunut Melonia \u201deritt\u00e4in yhteisty\u00f6kykyiseksi ja Eurooppa-my\u00f6nteiseksi\u201d. Saa n\u00e4hd\u00e4, muuttuuko \u00e4\u00e4ni kellossa.<\/p>\n<p class=\"paragraph\">Melonin lis\u00e4ksi Espanjan p\u00e4\u00e4ministeri <strong>Pedro S\u00e1nchez<\/strong> ja Ranskan presidentti <strong>Emmanuel Macron<\/strong> suhtautuivat it\u00e4rajan droonimuuriin ep\u00e4illen. Saksan puolustusministeri <strong>Boris Pistorius<\/strong> on jo tyrm\u00e4nnyt ajatuksen droonimuurista, kertoo <a href=\"https:\/\/www.politico.eu\/article\/france-emmanuel-macron-eu-drone-wall\/\" rel=\"noopener nofollow\" target=\"_blank\">Politico<\/a>.<\/p>\n<p class=\"paragraph\">Jos Ranska ja Saksa eiv\u00e4t innostu droonimuurista, voidaan EU:n it\u00e4laidalla alkaa hautailemaan haaveita asiasta. K\u00e4yt\u00e4nn\u00f6ss\u00e4 komission esitysten eteneminen vaatii suurimpien EU-maiden mukanaoloa.<\/p>\n<p class=\"paragraph\">Droonimuurin rakentaminen olisi Suomen ja muiden it\u00e4isten EU-maiden turvallisuudelle eritt\u00e4in t\u00e4rke\u00e4\u00e4.<\/p>\n<p class=\"paragraph\">Nyt n\u00e4ytt\u00e4\u00e4 silt\u00e4, ett\u00e4 p\u00e4\u00e4ministerin kovista puheista huolimatta solidaarisuutta EU:n etel\u00e4isilt\u00e4 ja l\u00e4ntisilt\u00e4 mailta ei ole tulossa. Sopii toivoa, ett\u00e4 tilanne kehittyy lokakuun varsinaiseen Eurooppa-neuvostoon menness\u00e4.<\/p>\n","protected":false},"excerpt":{"rendered":"Joakim Kullas Petteri Orpo sai tuntea nahoissaan, kuinka pienten j\u00e4senmaiden toiveet tallotaan suurempien jalkoihin, kirjoittaa politiikan toimittaja Joakim&hellip;\n","protected":false},"author":2,"featured_media":51804,"comment_status":"","ping_status":"","sticky":false,"template":"","format":"standard","meta":{"footnotes":""},"categories":[14],"tags":[35,22,23,26,27,33,31,30,17,70,24,25,28,29,15,18,21,142,637,886,32,19,20,56,4385,16,59,60,61],"class_list":{"0":"post-51803","1":"post","2":"type-post","3":"status-publish","4":"format-standard","5":"has-post-thumbnail","7":"category-ulkomaat","8":"tag-24h","9":"tag-breaking-news","10":"tag-breakingnews","11":"tag-featured-news","12":"tag-featurednews","13":"tag-fi","14":"tag-finland","15":"tag-finnish","16":"tag-headlines","17":"tag-kansainvalinen-politiikka","18":"tag-latest-news","19":"tag-latestnews","20":"tag-main-news","21":"tag-mainnews","22":"tag-news","23":"tag-otsikot","24":"tag-paauutiset","25":"tag-poliitikot","26":"tag-politiikka","27":"tag-puolueet","28":"tag-suomi","29":"tag-top-stories","30":"tag-topstories","31":"tag-ulkomaat","32":"tag-ulkopolitiikka-ja-kansainvalinen-politiikka","33":"tag-uutiset","34":"tag-world","35":"tag-world-news","36":"tag-worldnews"},"share_on_mastodon":{"url":"","error":""},"_links":{"self":[{"href":"https:\/\/www.europesays.com\/fi\/wp-json\/wp\/v2\/posts\/51803","targetHints":{"allow":["GET"]}}],"collection":[{"href":"https:\/\/www.europesays.com\/fi\/wp-json\/wp\/v2\/posts"}],"about":[{"href":"https:\/\/www.europesays.com\/fi\/wp-json\/wp\/v2\/types\/post"}],"author":[{"embeddable":true,"href":"https:\/\/www.europesays.com\/fi\/wp-json\/wp\/v2\/users\/2"}],"replies":[{"embeddable":true,"href":"https:\/\/www.europesays.com\/fi\/wp-json\/wp\/v2\/comments?post=51803"}],"version-history":[{"count":0,"href":"https:\/\/www.europesays.com\/fi\/wp-json\/wp\/v2\/posts\/51803\/revisions"}],"wp:featuredmedia":[{"embeddable":true,"href":"https:\/\/www.europesays.com\/fi\/wp-json\/wp\/v2\/media\/51804"}],"wp:attachment":[{"href":"https:\/\/www.europesays.com\/fi\/wp-json\/wp\/v2\/media?parent=51803"}],"wp:term":[{"taxonomy":"category","embeddable":true,"href":"https:\/\/www.europesays.com\/fi\/wp-json\/wp\/v2\/categories?post=51803"},{"taxonomy":"post_tag","embeddable":true,"href":"https:\/\/www.europesays.com\/fi\/wp-json\/wp\/v2\/tags?post=51803"}],"curies":[{"name":"wp","href":"https:\/\/api.w.org\/{rel}","templated":true}]}}