{"id":51805,"date":"2025-10-02T21:12:09","date_gmt":"2025-10-02T21:12:09","guid":{"rendered":"https:\/\/www.europesays.com\/fi\/51805\/"},"modified":"2025-10-02T21:12:09","modified_gmt":"2025-10-02T21:12:09","slug":"bess-vaihtoi-nimeaan-oletko-tehnyt-saman","status":"publish","type":"post","link":"https:\/\/www.europesays.com\/fi\/51805\/","title":{"rendered":"Bess vaihtoi nime\u00e4\u00e4n \u2013 Oletko tehnyt saman?"},"content":{"rendered":"<p>Nimeens\u00e4 ei ole pakko tyyty\u00e4, jos ei halua tulla sill\u00e4 kutsutuksi.<\/p>\n<p><img decoding=\"async\" class=\"image image-show image-preview\" src=\"https:\/\/www.europesays.com\/fi\/wp-content\/uploads\/2025\/10\/167dfdcabecb5d8d2fb7744462023bb8fffe2b1f471da4d49ecd4d5f4d8b0292.jpg\" alt=\"\"\/><img decoding=\"async\" class=\"image image-show\" src=\"https:\/\/www.europesays.com\/fi\/wp-content\/uploads\/2025\/10\/1759439529_193_167dfdcabecb5d8d2fb7744462023bb8fffe2b1f471da4d49ecd4d5f4d8b0292.jpg\" alt=\"\"\/><\/p>\n<p>Bessin entinen etunimi oli Essi. Nyt se on virallisestikin Bess. Mikko Huisko<\/p>\n<p class=\"paragraph\">Kaikkia ei lapsuudessa annettu nimi miellyt\u00e4, ja se vaihdetaan aikuisena toiseksi. Nimen vaihtamiselle voi olla muitakin syit\u00e4: esimerkiksi suosikkilaulaja <strong>Bess<\/strong> <a href=\"https:\/\/www.iltalehti.fi\/viihdeuutiset\/76ed1ae4-f7a9-481d-a8a0-a90a960caf09\" rel=\"nofollow noopener\" target=\"_blank\">vaihtoi taiteilijanimens\u00e4 viralliseksi etunimekseenkin<\/a>.<\/p>\n<p class=\"paragraph\">Jotkut taas vaihtavat nime \u00e4\u00e4n suuren el\u00e4m\u00e4nmuutoksen yhteydess\u00e4, kun he haluavat aloittaa puhtaalta p\u00f6yd\u00e4lt\u00e4. Ja onpa nimi\u00e4 vaihdettu joskus v\u00e4h\u00e4n l\u00e4p\u00e4ll\u00e4kin. Iltalehtikin on kertonut <a href=\"https:\/\/www.iltalehti.fi\/kotimaa\/808640f5-80cd-487a-8f7c-e6b674345398\" rel=\"nofollow noopener\" target=\"_blank\">naisesta, joka vaihtoi nimens\u00e4 19-vuotiaana Katti Mauksi<\/a>.<\/p>\n<p class=\"paragraph\">Etsimme nyt nimens\u00e4 vaihtaneiden tarinoita. Jos sinulla on kokemusta aiheesta, voit l\u00e4hett\u00e4\u00e4 sen alta.<\/p>\n","protected":false},"excerpt":{"rendered":"Nimeens\u00e4 ei ole pakko tyyty\u00e4, jos ei halua tulla sill\u00e4 kutsutuksi. Bessin entinen etunimi oli Essi. Nyt se&hellip;\n","protected":false},"author":2,"featured_media":51806,"comment_status":"","ping_status":"","sticky":false,"template":"","format":"standard","meta":{"footnotes":""},"categories":[12],"tags":[35,22,23,26,27,33,31,30,17,1511,763,24,25,28,29,1616,47,15,18,21,32,397,484,19,20,16],"class_list":{"0":"post-51805","1":"post","2":"type-post","3":"status-publish","4":"format-standard","5":"has-post-thumbnail","7":"category-suomi","8":"tag-24h","9":"tag-breaking-news","10":"tag-breakingnews","11":"tag-featured-news","12":"tag-featurednews","13":"tag-fi","14":"tag-finland","15":"tag-finnish","16":"tag-headlines","17":"tag-joukkoviestinta","18":"tag-kulttuuri-ja-viihde","19":"tag-latest-news","20":"tag-latestnews","21":"tag-main-news","22":"tag-mainnews","23":"tag-media-viestinta","24":"tag-musiikki","25":"tag-news","26":"tag-otsikot","27":"tag-paauutiset","28":"tag-suomi","29":"tag-taide","30":"tag-taiteellinen-ilmaisu-ja-mediat","31":"tag-top-stories","32":"tag-topstories","33":"tag-uutiset"},"share_on_mastodon":{"url":"","error":""},"_links":{"self":[{"href":"https:\/\/www.europesays.com\/fi\/wp-json\/wp\/v2\/posts\/51805","targetHints":{"allow":["GET"]}}],"collection":[{"href":"https:\/\/www.europesays.com\/fi\/wp-json\/wp\/v2\/posts"}],"about":[{"href":"https:\/\/www.europesays.com\/fi\/wp-json\/wp\/v2\/types\/post"}],"author":[{"embeddable":true,"href":"https:\/\/www.europesays.com\/fi\/wp-json\/wp\/v2\/users\/2"}],"replies":[{"embeddable":true,"href":"https:\/\/www.europesays.com\/fi\/wp-json\/wp\/v2\/comments?post=51805"}],"version-history":[{"count":0,"href":"https:\/\/www.europesays.com\/fi\/wp-json\/wp\/v2\/posts\/51805\/revisions"}],"wp:featuredmedia":[{"embeddable":true,"href":"https:\/\/www.europesays.com\/fi\/wp-json\/wp\/v2\/media\/51806"}],"wp:attachment":[{"href":"https:\/\/www.europesays.com\/fi\/wp-json\/wp\/v2\/media?parent=51805"}],"wp:term":[{"taxonomy":"category","embeddable":true,"href":"https:\/\/www.europesays.com\/fi\/wp-json\/wp\/v2\/categories?post=51805"},{"taxonomy":"post_tag","embeddable":true,"href":"https:\/\/www.europesays.com\/fi\/wp-json\/wp\/v2\/tags?post=51805"}],"curies":[{"name":"wp","href":"https:\/\/api.w.org\/{rel}","templated":true}]}}