{"id":51816,"date":"2025-10-02T21:36:08","date_gmt":"2025-10-02T21:36:08","guid":{"rendered":"https:\/\/www.europesays.com\/fi\/51816\/"},"modified":"2025-10-02T21:36:08","modified_gmt":"2025-10-02T21:36:08","slug":"supercell-nousi-kyselyssa-suomen-hyvamaineisimmaksi-yhtioksi-uutisia-lyhyesti","status":"publish","type":"post","link":"https:\/\/www.europesays.com\/fi\/51816\/","title":{"rendered":"Supercell nousi kyselyss\u00e4 Suomen hyv\u00e4\u00admaineisimmaksi yhti\u00f6ksi | Uutisia lyhyesti"},"content":{"rendered":"<p class=\"aw-1gybjub aw-5vja16 cmIuaG zKETg yle__article__paragraph\">Vuosi sitten Supercell ei ylt\u00e4nyt edes k\u00e4rkikymmenikk\u00f6\u00f6n.<\/p>\n<p><img decoding=\"async\" alt=\"Supercellin toimitusjohtaja Ilkka Paananen.\" src=\"https:\/\/www.europesays.com\/fi\/wp-content\/uploads\/2025\/10\/39-14117026794a329f0429.jpeg\" class=\"aw-1l9m598 hKVVvP\"\/><\/p>\n<p>Avaa kuvien katselu<\/p>\n<p>Supercellin toimitusjohtaja Ilkka Paananen. Kuva: Markku Rantala \/ Yle<\/p>\n<p class=\"aw-1gybjub aw-1p7kakr cmIuaG fmSRng yle__article__paragraph\">Peliyhti\u00f6 Supercell on suomalaisten mielest\u00e4 Suomen hyv\u00e4maineisin yritys. Asia ilmenee yritysten mainetta selvitt\u00e4neest\u00e4 kyselytutkimuksesta.<\/p>\n<p class=\"aw-1gybjub aw-1p7kakr cmIuaG fmSRng yle__article__paragraph\">Supercell paransi tulostaan selv\u00e4sti verrattuna viime vuoteen. Tuolloin yhti\u00f6 ei p\u00e4\u00e4ssyt hyv\u00e4maineisimpien yritysten listalla edes kymmenen k\u00e4rkeen.<\/p>\n<p class=\"aw-1gybjub aw-1p7kakr cmIuaG fmSRng yle__article__paragraph\">Toiseksi hyv\u00e4maineisin yritys oli t\u00e4m\u00e4n vuoden tutkimuksessa mets\u00e4koneita valmistava Ponsse. Kolmantena oli elintarvikeyhti\u00f6 Fazer.<\/p>\n<p class=\"aw-1gybjub aw-1p7kakr cmIuaG fmSRng yle__article__paragraph\">Huonomaineisimmiksi yrityksiksi koettiin ultrapikamuotia myyv\u00e4t kiinalaisomisteiset verkkokaupat Shein ja Temu. S\u00e4hk\u00f6autovalmistaja Tesla oli huonomaineisimpien yritysten joukossa nyt ensimm\u00e4ist\u00e4 kertaa.<\/p>\n<p class=\"aw-1gybjub aw-1p7kakr cmIuaG fmSRng yle__article__paragraph\">Kymmenen huonomaineisimman yrityksen joukossa olivat lis\u00e4ksi esimerkiksi s\u00e4hk\u00f6njakeluyhti\u00f6 Caruna, ven\u00e4l\u00e4isomisteinen Teboil, Posti ja tavarataloketju K\u00e4rkk\u00e4inen.<\/p>\n<p class=\"aw-1gybjub aw-1p7kakr cmIuaG fmSRng yle__article__paragraph\">Reputation and Trust Analytics -yhti\u00f6n kyselyyn vastasi vajaat 11\u00a0000 suomalaista touko\u2013kes\u00e4kuussa.<\/p>\n","protected":false},"excerpt":{"rendered":"Vuosi sitten Supercell ei ylt\u00e4nyt edes k\u00e4rkikymmenikk\u00f6\u00f6n. Avaa kuvien katselu Supercellin toimitusjohtaja Ilkka Paananen. Kuva: Markku Rantala \/&hellip;\n","protected":false},"author":2,"featured_media":51817,"comment_status":"","ping_status":"","sticky":false,"template":"","format":"standard","meta":{"footnotes":""},"categories":[76],"tags":[79,77,33,31,30,71,32,12774,78,1356],"class_list":{"0":"post-51816","1":"post","2":"type-post","3":"status-publish","4":"format-standard","5":"has-post-thumbnail","7":"category-talous","8":"tag-business","9":"tag-economy","10":"tag-fi","11":"tag-finland","12":"tag-finnish","13":"tag-kotimaa","14":"tag-suomi","15":"tag-supercell","16":"tag-talous","17":"tag-yritykset"},"share_on_mastodon":{"url":"","error":""},"_links":{"self":[{"href":"https:\/\/www.europesays.com\/fi\/wp-json\/wp\/v2\/posts\/51816","targetHints":{"allow":["GET"]}}],"collection":[{"href":"https:\/\/www.europesays.com\/fi\/wp-json\/wp\/v2\/posts"}],"about":[{"href":"https:\/\/www.europesays.com\/fi\/wp-json\/wp\/v2\/types\/post"}],"author":[{"embeddable":true,"href":"https:\/\/www.europesays.com\/fi\/wp-json\/wp\/v2\/users\/2"}],"replies":[{"embeddable":true,"href":"https:\/\/www.europesays.com\/fi\/wp-json\/wp\/v2\/comments?post=51816"}],"version-history":[{"count":0,"href":"https:\/\/www.europesays.com\/fi\/wp-json\/wp\/v2\/posts\/51816\/revisions"}],"wp:featuredmedia":[{"embeddable":true,"href":"https:\/\/www.europesays.com\/fi\/wp-json\/wp\/v2\/media\/51817"}],"wp:attachment":[{"href":"https:\/\/www.europesays.com\/fi\/wp-json\/wp\/v2\/media?parent=51816"}],"wp:term":[{"taxonomy":"category","embeddable":true,"href":"https:\/\/www.europesays.com\/fi\/wp-json\/wp\/v2\/categories?post=51816"},{"taxonomy":"post_tag","embeddable":true,"href":"https:\/\/www.europesays.com\/fi\/wp-json\/wp\/v2\/tags?post=51816"}],"curies":[{"name":"wp","href":"https:\/\/api.w.org\/{rel}","templated":true}]}}