{"id":51818,"date":"2025-10-02T21:37:10","date_gmt":"2025-10-02T21:37:10","guid":{"rendered":"https:\/\/www.europesays.com\/fi\/51818\/"},"modified":"2025-10-02T21:37:10","modified_gmt":"2025-10-02T21:37:10","slug":"lewis-hamilton-myi-kaikki-autonsa-olen-nykyaan-enemman-taiteen-ystava","status":"publish","type":"post","link":"https:\/\/www.europesays.com\/fi\/51818\/","title":{"rendered":"Lewis Hamilton myi kaikki autonsa \u2013 &#8221;Olen nyky\u00e4\u00e4n enemm\u00e4n taiteen yst\u00e4v\u00e4\u201d"},"content":{"rendered":"<p>Noin 15 miljoonan euron arvoiseen kokoelmaan mahtui melkoisia superautoja. <\/p>\n<p><img decoding=\"async\" class=\"image image-show image-preview\" src=\"https:\/\/www.europesays.com\/fi\/wp-content\/uploads\/2025\/10\/bbb5a25c66c3dc5499bd4cae94afff001cbfc766cfb2c8e68230cb72a0d4f5fb.jpg\" alt=\"\"\/><img decoding=\"async\" class=\"image image-show\" src=\"https:\/\/www.europesays.com\/fi\/wp-content\/uploads\/2025\/10\/1759441030_456_bbb5a25c66c3dc5499bd4cae94afff001cbfc766cfb2c8e68230cb72a0d4f5fb.jpg\" alt=\"\"\/><\/p>\n<p>Lewis Hamilton ja h\u00e4nen luksusautonsa Mercedes-Maybach S680 harvinaisena Virgil Abloh -erikoisversiona. AOP<\/p>\n<p class=\"paragraph\">Formula 1 -kuljettaja <a href=\"https:\/\/www.iltalehti.fi\/henkilot\/Lewis Hamilton\" class=\"article-link-person-page\" rel=\"nofollow noopener\" target=\"_blank\">Lewis Hamilton<\/a> on myynyt koko autokokoelmansa, jonka arvo oli noin 15 miljoonaa euroa. Seitsem\u00e4nkertainen maailmanmestari aikoo siirty\u00e4 autoista taiteen pariin, uutisoi <a href=\"https:\/\/www.reuters.com\/sports\/formula1\/hamilton-says-he-is-now-more-into-art-than-cars-2025-09-18\/\" target=\"_blank\" rel=\"noopener nofollow\">Reuters<\/a>.<\/p>\n<p>Moninkertainen maailmanmestari n\u00e4htiin autonsa kanssa Los Angelesissa. AOP<\/p>\n<p class=\"paragraph\">H\u00e4nen tallissaan on ainakin jossain kohti k\u00e4ynyt urheilu-, gt- ja superauto-osastolta sek\u00e4 Ferrari 599 ett\u00e4 Ferrari Laferrari kahtena eri versiona, Pagani Zonda, Mclaren P1, Mercedes-AMG One, Mercedes-AMG SLS Black Series ja Mercedes-AMG GT R.<\/p>\n<p class=\"paragraph\">Mercedeksen mallistosta hieman toisenlaista tarjontaa on ollut ainakin Mercedes-Maybach S680 harvinaisena Virgil Abloh -erikoisversiona sek\u00e4 kuusipy\u00f6r\u00e4inen maasturi Mercedes-AMG G63 6\u00d76. N\u00e4ist\u00e4 ensimm\u00e4isess\u00e4 Hamilton onkin n\u00e4hty Los Angelesissa.<\/p>\n<p class=\"paragraph\">Enemm\u00e4n harrastekalustoksi t\u00e4n\u00e4 p\u00e4iv\u00e4n laskettavia ovat olleet vuoden 1966 Shelby Cobra ja vuoden 1967 Shelby Mustang GT500 australialaisen <a href=\"https:\/\/www.bosshunting.com.au\/motors\/cars\/lewis-hamilton-car-collection\/\" target=\"_blank\" rel=\"noopener nofollow\">Bosshunting<\/a>-sivuston mukaan.<\/p>\n<p>Mercedes-AMG One, jonka kehitysty\u00f6ss\u00e4 Hamilton oli mukana. Mercedes-Benz<\/p>\n<p class=\"paragraph\">Aikanaan Hamilton julkaisi sosiaalisessa mediassa kuvia autoistaan, mutta t\u00e4h\u00e4n on sittemmin tullut muutos.<\/p>\n<p class=\"paragraph\">Erilaiset superautot korostuvat selv\u00e4sti valinnoissa. On hyv\u00e4 huomata Paganin yhteys Mercedekseen voimal\u00e4hteen kautta.<\/p>\n<p class=\"paragraph\">Hamilton osallistui itse Mercedes-AMG One -mallin kehitysty\u00f6h\u00f6n ajaessaan merkin F1-tallissa useaan mestaruuteen.<\/p>\n<p class=\"paragraph\">\u2013 Minulla ei ole yht\u00e4\u00e4n autoa, eli luovuin kaikista autoistani. Olen nyky\u00e4\u00e4n enemm\u00e4n taiteen yst\u00e4v\u00e4. Jos hankkisin auton, se olisi [Ferrari] F40. Mutta se onkin hieno taideteos, kommentoi Hamilton Reutersille.<\/p>\n<p class=\"paragraph\">H\u00e4n oli jo aiemmin hankkiutunut eroon yksityiskoneestaan.<\/p>\n","protected":false},"excerpt":{"rendered":"Noin 15 miljoonan euron arvoiseen kokoelmaan mahtui melkoisia superautoja. Lewis Hamilton ja h\u00e4nen luksusautonsa Mercedes-Maybach S680 harvinaisena Virgil&hellip;\n","protected":false},"author":2,"featured_media":51819,"comment_status":"","ping_status":"","sticky":false,"template":"","format":"standard","meta":{"footnotes":""},"categories":[14],"tags":[35,648,2810,22,23,26,27,33,31,30,17,24,25,28,29,83,15,18,21,2811,32,128,19,20,56,16,59,60,61],"class_list":{"0":"post-51818","1":"post","2":"type-post","3":"status-publish","4":"format-standard","5":"has-post-thumbnail","7":"category-ulkomaat","8":"tag-24h","9":"tag-autot","10":"tag-autourheilu-ja-urheiluautot","11":"tag-breaking-news","12":"tag-breakingnews","13":"tag-featured-news","14":"tag-featurednews","15":"tag-fi","16":"tag-finland","17":"tag-finnish","18":"tag-headlines","19":"tag-latest-news","20":"tag-latestnews","21":"tag-main-news","22":"tag-mainnews","23":"tag-moottoriurheilu","24":"tag-news","25":"tag-otsikot","26":"tag-paauutiset","27":"tag-rata-autoilu","28":"tag-suomi","29":"tag-tieliikenne","30":"tag-top-stories","31":"tag-topstories","32":"tag-ulkomaat","33":"tag-uutiset","34":"tag-world","35":"tag-world-news","36":"tag-worldnews"},"share_on_mastodon":{"url":"","error":""},"_links":{"self":[{"href":"https:\/\/www.europesays.com\/fi\/wp-json\/wp\/v2\/posts\/51818","targetHints":{"allow":["GET"]}}],"collection":[{"href":"https:\/\/www.europesays.com\/fi\/wp-json\/wp\/v2\/posts"}],"about":[{"href":"https:\/\/www.europesays.com\/fi\/wp-json\/wp\/v2\/types\/post"}],"author":[{"embeddable":true,"href":"https:\/\/www.europesays.com\/fi\/wp-json\/wp\/v2\/users\/2"}],"replies":[{"embeddable":true,"href":"https:\/\/www.europesays.com\/fi\/wp-json\/wp\/v2\/comments?post=51818"}],"version-history":[{"count":0,"href":"https:\/\/www.europesays.com\/fi\/wp-json\/wp\/v2\/posts\/51818\/revisions"}],"wp:featuredmedia":[{"embeddable":true,"href":"https:\/\/www.europesays.com\/fi\/wp-json\/wp\/v2\/media\/51819"}],"wp:attachment":[{"href":"https:\/\/www.europesays.com\/fi\/wp-json\/wp\/v2\/media?parent=51818"}],"wp:term":[{"taxonomy":"category","embeddable":true,"href":"https:\/\/www.europesays.com\/fi\/wp-json\/wp\/v2\/categories?post=51818"},{"taxonomy":"post_tag","embeddable":true,"href":"https:\/\/www.europesays.com\/fi\/wp-json\/wp\/v2\/tags?post=51818"}],"curies":[{"name":"wp","href":"https:\/\/api.w.org\/{rel}","templated":true}]}}