{"id":51826,"date":"2025-10-02T21:58:08","date_gmt":"2025-10-02T21:58:08","guid":{"rendered":"https:\/\/www.europesays.com\/fi\/51826\/"},"modified":"2025-10-02T21:58:08","modified_gmt":"2025-10-02T21:58:08","slug":"yle-joonas-iisalo-korvaa-mottolan-susijengin-valmennusjohdossa-urheilu","status":"publish","type":"post","link":"https:\/\/www.europesays.com\/fi\/51826\/","title":{"rendered":"Yle: Joonas Iisalo korvaa M\u00f6tt\u00f6l\u00e4n Susijengin valmennusjohdossa | Urheilu"},"content":{"rendered":"<p>Suomen miesten koripallomaajoukkue saa valmennusjohtoonsa vahvistusta Joonas Iisalosta, kertoo <a href=\"https:\/\/yle.fi\/a\/74-20186353?origin=rss\" rel=\"nofollow noopener\" target=\"_blank\">Yle<\/a>.<\/p>\n<p>Ylen tietojen mukaan Iisalo korvaa alkusyksyn EM-lopputurnauksessa sensaatiomaisesti nelj\u00e4nneksi sijoittuneen Susijengin valmennusjohdossa Hanno M\u00f6tt\u00f6l\u00e4n. T\u00e4m\u00e4 siirtyy Kanadan maajoukkueen valmennustiimiin kanadalais-suomalaisen Gordon Herbertin avuksi.<\/p>\n<p>Joonas Iisalo on viimeksi valmentanut vuodenvaihteessa 2023\u201324 Saksassa. H\u00e4nen isoveljens\u00e4 Tuomas Iisalo aloittaa syksyll\u00e4 ensimm\u00e4isen t\u00e4yden kautensa NBA-joukkue Memphis Grizzliesin p\u00e4\u00e4valmentajana.<\/p>\n","protected":false},"excerpt":{"rendered":"Suomen miesten koripallomaajoukkue saa valmennusjohtoonsa vahvistusta Joonas Iisalosta, kertoo Yle. Ylen tietojen mukaan Iisalo korvaa alkusyksyn EM-lopputurnauksessa sensaatiomaisesti&hellip;\n","protected":false},"author":2,"featured_media":51827,"comment_status":"","ping_status":"","sticky":false,"template":"","format":"standard","meta":{"footnotes":""},"categories":[158],"tags":[33,31,30,101,100,41,98,103,159,32,160,2957,161],"class_list":{"0":"post-51826","1":"post","2":"type-post","3":"status-publish","4":"format-standard","5":"has-post-thumbnail","7":"category-urheilu","8":"tag-fi","9":"tag-finland","10":"tag-finnish","11":"tag-ihmissuhteet","12":"tag-lapset-ja-nuoret","13":"tag-liikunta-ja-urheilu","14":"tag-perhe","15":"tag-sosiaalikysymykset","16":"tag-sports","17":"tag-suomi","18":"tag-urheilu","19":"tag-urheilujarjestot","20":"tag-urheilutapahtumat"},"share_on_mastodon":{"url":"","error":""},"_links":{"self":[{"href":"https:\/\/www.europesays.com\/fi\/wp-json\/wp\/v2\/posts\/51826","targetHints":{"allow":["GET"]}}],"collection":[{"href":"https:\/\/www.europesays.com\/fi\/wp-json\/wp\/v2\/posts"}],"about":[{"href":"https:\/\/www.europesays.com\/fi\/wp-json\/wp\/v2\/types\/post"}],"author":[{"embeddable":true,"href":"https:\/\/www.europesays.com\/fi\/wp-json\/wp\/v2\/users\/2"}],"replies":[{"embeddable":true,"href":"https:\/\/www.europesays.com\/fi\/wp-json\/wp\/v2\/comments?post=51826"}],"version-history":[{"count":0,"href":"https:\/\/www.europesays.com\/fi\/wp-json\/wp\/v2\/posts\/51826\/revisions"}],"wp:featuredmedia":[{"embeddable":true,"href":"https:\/\/www.europesays.com\/fi\/wp-json\/wp\/v2\/media\/51827"}],"wp:attachment":[{"href":"https:\/\/www.europesays.com\/fi\/wp-json\/wp\/v2\/media?parent=51826"}],"wp:term":[{"taxonomy":"category","embeddable":true,"href":"https:\/\/www.europesays.com\/fi\/wp-json\/wp\/v2\/categories?post=51826"},{"taxonomy":"post_tag","embeddable":true,"href":"https:\/\/www.europesays.com\/fi\/wp-json\/wp\/v2\/tags?post=51826"}],"curies":[{"name":"wp","href":"https:\/\/api.w.org\/{rel}","templated":true}]}}