{"id":51832,"date":"2025-10-02T22:03:08","date_gmt":"2025-10-02T22:03:08","guid":{"rendered":"https:\/\/www.europesays.com\/fi\/51832\/"},"modified":"2025-10-02T22:03:08","modified_gmt":"2025-10-02T22:03:08","slug":"kansanedustaja-julkaisi-hammentavan-facebook-paivityksen-kirves-emoji-perassa","status":"publish","type":"post","link":"https:\/\/www.europesays.com\/fi\/51832\/","title":{"rendered":"Kansanedustaja julkaisi h\u00e4mment\u00e4v\u00e4n Facebook-p\u00e4ivityksen \u2013 Kirves-emoji per\u00e4ss\u00e4"},"content":{"rendered":"<p>Kansanedustaja Kaisa Garedew (ps) julkaisi Facebook-p\u00e4ivityksen, jossa h\u00e4n kritisoi islamia ja liitt\u00e4\u00e4 sen vahvasti terrorismiin.<\/p>\n<p><img decoding=\"async\" class=\"image image-show image-preview\" src=\"https:\/\/www.europesays.com\/fi\/wp-content\/uploads\/2025\/10\/3b6b4bf93f37799afe96d24478367fc5e71caf84e98b94c0c5a3f39afd531e73.jpg\" alt=\"\"\/><img decoding=\"async\" class=\"image image-show\" src=\"https:\/\/www.europesays.com\/fi\/wp-content\/uploads\/2025\/10\/1759442588_465_3b6b4bf93f37799afe96d24478367fc5e71caf84e98b94c0c5a3f39afd531e73.jpg\" alt=\"\"\/><\/p>\n<p>Kaisa Garedew on perussuomalaisten kansanedustaja. Hanne Salonen \/ Eduskunta<\/p>\n<p class=\"paragraph\">Kansanedustaja <strong>Kaisa Garedew<\/strong> (ps) julkaisi t\u00e4n\u00e4\u00e4n Facebookiin islamin uskoa jyrk\u00e4sti kritisoivan p\u00e4ivityksen.<\/p>\n<p class=\"paragraph\">P\u00e4ivityksess\u00e4 lukee mustalla pohjalla: Islam on kaiken terrorismin alku ja juuri. Tekstin per\u00e4ss\u00e4 on kirves-emoji. Jos p\u00e4ivitys ei n\u00e4y alla, n\u00e4et sen <a href=\"https:\/\/www.facebook.com\/kaisa.garedew\/posts\/pfbid024UG1q7dc2aby133VhRrKsh2yRNbxxamWXNGToCMDfhiVPCstcpUSUqtje4kHthpsl?locale=fi_FI\" target=\"_blank\" rel=\"noopener nofollow\">t\u00e4st\u00e4 linkist\u00e4<\/a>.<\/p>\n<p class=\"paragraph\"><strong>Onko t\u00e4m\u00e4 sinun oma postaus?<\/strong><\/p>\n<p class=\"paragraph\">\u2013 Joo, kyll\u00e4.<\/p>\n<p class=\"paragraph\"><strong>Mit\u00e4 tarkoitat sill\u00e4?<\/strong><\/p>\n<p class=\"paragraph\">\u2013 Ajatus t\u00e4ss\u00e4 postauksessa on, ett\u00e4 siell\u00e4 Hamasin peruskirjassa on juutalaisvastaisuutta ja esimerkiksi Israelin valtion tuhoaminen kokonaan. Ja kun islamiin tutustuu paremmin, se on todella v\u00e4kivaltainen ja antisemitistinen.<\/p>\n<p class=\"paragraph\">\u2013 Islam uskontona on t\u00e4mm\u00f6inen kulttuuri, joka on hyvin sotaisa ja sielt\u00e4 kumpuavat n\u00e4m\u00e4 terroristiliikkeet Hamas, Hizbollah, Al-Qaida, Isis.<\/p>\n<p class=\"paragraph\"><strong>Eli liittyyk\u00f6 t\u00e4m\u00e4 nyt t\u00e4h\u00e4n Israel-keskusteluun?<\/strong><\/p>\n<p class=\"paragraph\">\u2013 Liittyy siihen, mutta kautta aikojen t\u00e4t\u00e4 terrorismia on ollut eri muodoissa ja siell\u00e4 on aina t\u00e4m\u00e4 islam taustalla.<\/p>\n<p class=\"paragraph\">Garedew sanoo islamin olevan uskonnon lis\u00e4ksi strategia ja politiikkaa. H\u00e4n sivuaa my\u00f6s v\u00e4est\u00f6nvaihtoteoriaa.<\/p>\n<p class=\"paragraph\">\u2013 Ja siell\u00e4 on t\u00e4mm\u00f6ist\u00e4 suunnitelmallisuutta l\u00e4ntt\u00e4 kohtaan, ett\u00e4 heid\u00e4n suunnitelmanaan on vallata Eurooppa.<\/p>\n<p class=\"paragraph\"><strong>Tuossa Facebook-p\u00e4ivityksess\u00e4 ei ole avattu mit\u00e4\u00e4n t\u00e4llaista. Mutta olet kuitenkin laittanut sinne t\u00e4llaisen kirves-emojin per\u00e4\u00e4n. Mink\u00e4 takia?<\/strong><\/p>\n<p class=\"paragraph\">\u2013 Seh\u00e4n viittaa t\u00e4h\u00e4n jihadismiin. T\u00e4n\u00e4\u00e4n oli [Manchesterissa Iso-Britanniassa] t\u00e4m\u00e4 synagoga-veitsi-isku. Eli kurkun leikkaaminen on heid\u00e4n yksi tapansa tappaa juutalaisia.<\/p>\n<p class=\"paragraph\"><strong>Mutta mit\u00e4 t\u00e4m\u00e4 kirves nimenomaan t\u00e4ss\u00e4 sinun Facebook-p\u00e4ivityksess\u00e4si nyt tarkoittaa?<\/strong><\/p>\n<p class=\"paragraph\">\u2013 Se viittaa terrorismi-iskuihin ja vaikka t\u00e4m\u00e4n p\u00e4iv\u00e4n terrorismi-iskuun juutalaisten synagogaan.<\/p>\n<p class=\"paragraph\">Garedew mainitsee my\u00f6s muita terrorismi-iskuja, kuten Hamasin lokakuun 7. p\u00e4iv\u00e4n hy\u00f6kk\u00e4yksen Israelissa vuonna 2023.<\/p>\n<p class=\"paragraph\">H\u00e4n sanoo aikovansa kirjoittaa aiheesta laajemmin Facebookiin viel\u00e4 my\u00f6hemmin, mutta ei ole viel\u00e4 ehtinyt avata asiaa t\u00e4m\u00e4n enemp\u00e4\u00e4 muiden ty\u00f6teht\u00e4vien takia.<\/p>\n<p class=\"paragraph\">\u2013 Se, ett\u00e4 koko ajan pel\u00e4t\u00e4\u00e4n sanoa n\u00e4it\u00e4 tosiasioita ja sanotaan, ett\u00e4 t\u00e4m\u00e4 on vihan lietsontaa, se est\u00e4\u00e4 totuutta tulemasta julki.<\/p>\n<p class=\"paragraph\"><strong>Mit\u00e4 sitten, kun Suomessa on kuitenkin uskonnonvapaus?<\/strong><\/p>\n<p class=\"paragraph\">\u2013 Ehdottomasti. Itse kannatan sit\u00e4.<\/p>\n<p class=\"paragraph\">\u2013 Mutta kaikenn\u00e4k\u00f6inen antisemitismi ja rasistinen toiminta juutalaisia vastaan ja kansanmurhaan kiihottavat huudot mielenosoituksissa eiv\u00e4t mill\u00e4\u00e4n tavalla ole mielest\u00e4ni hyv\u00e4ksytt\u00e4vi\u00e4.<\/p>\n<p class=\"paragraph\"><strong>Eik\u00f6 t\u00e4m\u00e4 tavallaan ole rinnastettavissa? Kun antisemitismi on kuitenkin juutalaisvastaisuutta, niin sin\u00e4 t\u00e4ss\u00e4 vaikutat olevan todella vahvasti islamvastainen.<\/strong><\/p>\n<p class=\"paragraph\">\u2013 Se tausta pit\u00e4\u00e4 ymm\u00e4rt\u00e4\u00e4, siin\u00e4 on kaksi eri asiaa. Min\u00e4 puhun nyt terrorismista, ja siell\u00e4 on islam taustalla.<\/p>\n<p class=\"paragraph\"><strong>Eli onko sinun mielest\u00e4si OK olla kategorisesti islamia vastaan?<\/strong><\/p>\n<p class=\"paragraph\">\u2013 En puhu islamia vastaan, vaan terrorismia vastaan, jonka pohjana on islam.<\/p>\n<p class=\"paragraph\"><strong>Viel\u00e4 t\u00e4h\u00e4n Facebook-p\u00e4ivitykseen liittyen, tuliko sinulle mieleen, ett\u00e4 sit\u00e4 voisi tulkita niin, ett\u00e4 sin\u00e4 haluaisit jotakin v\u00e4kivaltaa muslimeja kohtaan?<\/strong><\/p>\n<p class=\"paragraph\">\u2013 Min\u00e4 vastustan v\u00e4kivaltaa, kaikkea v\u00e4kivaltaa, antisemitismi\u00e4, terrorismia. Aivan nollatoleranssi.<\/p>\n","protected":false},"excerpt":{"rendered":"Kansanedustaja Kaisa Garedew (ps) julkaisi Facebook-p\u00e4ivityksen, jossa h\u00e4n kritisoi islamia ja liitt\u00e4\u00e4 sen vahvasti terrorismiin. Kaisa Garedew on&hellip;\n","protected":false},"author":2,"featured_media":51833,"comment_status":"","ping_status":"","sticky":false,"template":"","format":"standard","meta":{"footnotes":""},"categories":[14],"tags":[35,22,23,26,27,33,31,30,17,2453,24,25,803,28,29,15,18,21,637,4839,7219,32,19,20,56,16,59,60,61],"class_list":{"0":"post-51832","1":"post","2":"type-post","3":"status-publish","4":"format-standard","5":"has-post-thumbnail","7":"category-ulkomaat","8":"tag-24h","9":"tag-breaking-news","10":"tag-breakingnews","11":"tag-featured-news","12":"tag-featurednews","13":"tag-fi","14":"tag-finland","15":"tag-finnish","16":"tag-headlines","17":"tag-kansalaisaktivismi-ja-jarjestot","18":"tag-latest-news","19":"tag-latestnews","20":"tag-levottomuudet-ja-sodat","21":"tag-main-news","22":"tag-mainnews","23":"tag-news","24":"tag-otsikot","25":"tag-paauutiset","26":"tag-politiikka","27":"tag-rasismi","28":"tag-sosiaalinen-sorto","29":"tag-suomi","30":"tag-top-stories","31":"tag-topstories","32":"tag-ulkomaat","33":"tag-uutiset","34":"tag-world","35":"tag-world-news","36":"tag-worldnews"},"share_on_mastodon":{"url":"","error":""},"_links":{"self":[{"href":"https:\/\/www.europesays.com\/fi\/wp-json\/wp\/v2\/posts\/51832","targetHints":{"allow":["GET"]}}],"collection":[{"href":"https:\/\/www.europesays.com\/fi\/wp-json\/wp\/v2\/posts"}],"about":[{"href":"https:\/\/www.europesays.com\/fi\/wp-json\/wp\/v2\/types\/post"}],"author":[{"embeddable":true,"href":"https:\/\/www.europesays.com\/fi\/wp-json\/wp\/v2\/users\/2"}],"replies":[{"embeddable":true,"href":"https:\/\/www.europesays.com\/fi\/wp-json\/wp\/v2\/comments?post=51832"}],"version-history":[{"count":0,"href":"https:\/\/www.europesays.com\/fi\/wp-json\/wp\/v2\/posts\/51832\/revisions"}],"wp:featuredmedia":[{"embeddable":true,"href":"https:\/\/www.europesays.com\/fi\/wp-json\/wp\/v2\/media\/51833"}],"wp:attachment":[{"href":"https:\/\/www.europesays.com\/fi\/wp-json\/wp\/v2\/media?parent=51832"}],"wp:term":[{"taxonomy":"category","embeddable":true,"href":"https:\/\/www.europesays.com\/fi\/wp-json\/wp\/v2\/categories?post=51832"},{"taxonomy":"post_tag","embeddable":true,"href":"https:\/\/www.europesays.com\/fi\/wp-json\/wp\/v2\/tags?post=51832"}],"curies":[{"name":"wp","href":"https:\/\/api.w.org\/{rel}","templated":true}]}}