{"id":51834,"date":"2025-10-02T22:04:11","date_gmt":"2025-10-02T22:04:11","guid":{"rendered":"https:\/\/www.europesays.com\/fi\/51834\/"},"modified":"2025-10-02T22:04:11","modified_gmt":"2025-10-02T22:04:11","slug":"helsingissa-on-tapahtunut-iso-muutos-olen-huolissani","status":"publish","type":"post","link":"https:\/\/www.europesays.com\/fi\/51834\/","title":{"rendered":"Helsingiss\u00e4 on tapahtunut iso muutos \u2013 \u201dOlen huolissani\u201d"},"content":{"rendered":"<p>Tilanne huolestuttaa l\u00e4\u00e4k\u00e4ri Jonne Junturaa.<\/p>\n<p><img decoding=\"async\" class=\"image image-show image-preview\" src=\"https:\/\/www.europesays.com\/fi\/wp-content\/uploads\/2025\/10\/022f88333961a646fd1fd3278dbaa7513eab7d2d2c6c6dca36962f34aec74c6c.jpg\" alt=\"\"\/><img decoding=\"async\" class=\"image image-show\" src=\"https:\/\/www.europesays.com\/fi\/wp-content\/uploads\/2025\/10\/1759442651_985_022f88333961a646fd1fd3278dbaa7513eab7d2d2c6c6dca36962f34aec74c6c.jpg\" alt=\"\"\/><\/p>\n<p>Jonne Juntura on huolissaan kaupungin toimista p\u00e4ihdetilanteen ratkaisemiseksi. H\u00e4net mielest\u00e4\u00e4n toimet ovat riittt\u00e4m\u00e4tt\u00f6mi\u00e4. nico vehmas<\/p>\n<ul>\n<li>Jonne Juntura on huolissaan Helsingin pahenevasta p\u00e4ihdetilanteesta.<\/li>\n<li>H\u00e4nen mielest\u00e4\u00e4n erityisesti kaksi isoa ongelmaa korostuu t\u00e4ll\u00e4 hetkell\u00e4.<\/li>\n<li>Helsingin poliisin mukaan huumeisiin liittyv\u00e4t teht\u00e4v\u00e4t ovat moninkertaistuneet.<\/li>\n<\/ul>\n<p class=\"paragraph\">P\u00e4ihdel\u00e4\u00e4k\u00e4ri <strong>Jonne Juntura<\/strong> on huolissaan alati pahenevasta p\u00e4ihdetilanteesta Helsingiss\u00e4. Juntura on SDP:n varavaltuutettu Helsingiss\u00e4. H\u00e4n istuu sosiaali- terveys- ja pelastuspalveluiden lautakunnan j\u00e4senen\u00e4. Juntura on tunnettu my\u00f6s aktiivisuudestaan sosiaalisessa mediassa.<\/p>\n<p class=\"paragraph\">Juntura asui kuusi vuotta Piritorin kupeessa, joka on erityisen vilkas ja huumekaupasta tunnettu paikka S\u00f6rn\u00e4isiss\u00e4. P\u00e4ihdetilanne on h\u00e4nen mielest\u00e4\u00e4n pahentunut toden teolla vasta kuluneen vuoden aikana. Erityisen pahasti tilannetta on sekoittanut muuntohuume alfa-PVP, joka tunnetaan yleisesti peukkuna.<\/p>\n<p class=\"paragraph\">\u2013 En ole aikaisemmin kokenut Piritorin l\u00e4heisyydess\u00e4 asumista erityisen hankalana.<\/p>\n<p>H\u00e4mment\u00e4v\u00e4 kommentti kokouksessa<\/p>\n<p class=\"paragraph\">Tilanne on h\u00e4nen mukaansa pahentunut merkitt\u00e4v\u00e4sti kuluneiden 6\u20139 kuukauden aikana. Junturan mukaan ihmiset pyrkiv\u00e4t enemm\u00e4n porttikongeista sis\u00e4\u00e4n asukkaiden mukana. Ovia yritettiin saada auki laittamalla k\u00e4si\u00e4 tai jalkoja oven v\u00e4liin. V\u00e4kivallalla uhkailuakin h\u00e4n on kohdannut.<\/p>\n<p class=\"paragraph\">\u2013 Yleisesti ottaen koko Helsinginkatu on muuttunut. Muutos on lyhyess\u00e4 ajassa ollut iso ja tilanne heijastuu monien asumiseen. Taloyhti\u00f6iden asukkaat ovat huolissaan, h\u00e4n kertoo.<\/p>\n<p class=\"paragraph\">Juntura v\u00e4itt\u00e4\u00e4, ett\u00e4 Helsingin asumis- kriisi- ja p\u00e4ihdepalvelujen johtaja <strong>Mikko Tamminen<\/strong> sanoi viimeviikkoisessa lautakunnan kokouksessa, ett\u00e4 p\u00e4ihteidenk\u00e4ytt\u00e4j\u00e4t ovat osa kaupunkiel\u00e4m\u00e4\u00e4. Juntura on kertonut asiasta aiemmin my\u00f6s Tiktokissa.<\/p>\n<p class=\"paragraph\">\u2013 H\u00e4n sanoi, ett\u00e4 siihen pit\u00e4\u00e4 vain tottua, Juntura v\u00e4itt\u00e4\u00e4.<\/p>\n<p class=\"paragraph\">Iltalehti yritti tavoittaa asiasta Mikko Tammista Helsingin kaupungin viestinn\u00e4n kautta. <strong>Jaana Juutilainen-Saari <\/strong>kaupungin viestinn\u00e4st\u00e4 v\u00e4litti kysymyksen Tammiselle, joka ei muistanut kokouksesta kyseist\u00e4 kommenttia.<\/p>\n<p>Kurvin pahentuneesta p\u00e4ihdetilanteesta on uutisoitu jo vuoden p\u00e4iv\u00e4t. Miia Sir\u00e9n<\/p>\n<p class=\"paragraph\">Junturan mukaan kommentti aiheutti h\u00e4mmennyst\u00e4 kokouksessa. Se tuli vastauksena j\u00e4rjestysh\u00e4iri\u00f6ihin puuttumiseen. H\u00e4nen mielest\u00e4\u00e4n kommentti kuvastaa hyvin kaupungin linjaa.<\/p>\n<p class=\"paragraph\">Kaupunki ei ole halunnut ottaa vastuuta ongelmasta, h\u00e4n v\u00e4itt\u00e4\u00e4. H\u00e4nen mielest\u00e4\u00e4n toimet ovat riitt\u00e4m\u00e4tt\u00f6mi\u00e4, vaikka onkin tyytyv\u00e4inen esimerkiksi siihen, miten vieroitushoitoihin on satsattu. H\u00e4n toivoisi kuitenkin avoimuutta kaupungilta kansalaisten suuntaan. Juntura toivoisi, ett\u00e4 palveluiden vaikutusten seurattavuutta parannettaisiin.<\/p>\n<p class=\"paragraph\">\u2013 T\u00e4st\u00e4 tarvitaan ajankohtaista tilannetietoa. Jos kerran vuodessa lis\u00e4t\u00e4\u00e4n jalkautuvien palveluiden m\u00e4\u00e4r\u00e4\u00e4 niin miten voimme vuoden p\u00e4\u00e4st\u00e4 tiet\u00e4\u00e4, onnistuimmeko jossain.<\/p>\n<p>Kaupungin toimet eiv\u00e4t riit\u00e4<\/p>\n<p class=\"paragraph\">Huumetilannetta on k\u00e4sitelty kaupungin johdossa useasti syksyn aikana. Viime viikolla Helsinki <a href=\"https:\/\/www.iltalehti.fi\/kotimaa\/661e8652-3b58-484b-89d8-a197020af8ec\" rel=\"nofollow noopener\" target=\"_blank\">p\u00e4\u00e4tti lis\u00e4t\u00e4<\/a> jalkautuvien palveluiden m\u00e4\u00e4r\u00e4\u00e4 ja lis\u00e4\u00e4v\u00e4\u00e4 my\u00f6s valaistuksen kunnossapitoa ja lis\u00e4valaistusta sek\u00e4 tehostavat alueiden yleist\u00e4 puhtaanapitoa. Kaupungin johdossa ei h\u00e4nen mielest\u00e4\u00e4n ymm\u00e4rret\u00e4 ongelman vakavuutta ja sen vaatimia toimia.<\/p>\n<p class=\"paragraph\">Juntura n\u00e4kee t\u00e4m\u00e4nhetkisess\u00e4 tilanteessa kaksi suurta ongelmaa. J\u00e4rjestysh\u00e4iri\u00f6iden kasvanut m\u00e4\u00e4r\u00e4 on ensimm\u00e4inen. Se on ollut kaupunkipolitiikan kipupiste jo pitk\u00e4\u00e4n, h\u00e4n sanoo. Ongelmat ovat h\u00e4nen mukaansa hyvin paikallisia.<\/p>\n<p class=\"paragraph\">Helsingiss\u00e4 ongelmat ovat keskittyneet pitk\u00e4lti Kallion ja S\u00f6rn\u00e4isten alueelle, mutta lieveilmi\u00f6t ovat levinneet my\u00f6s <a href=\"https:\/\/www.iltalehti.fi\/kotimaa\/f99c88ef-ea5e-4729-8db4-8d7375878d3a\" rel=\"nofollow noopener\" target=\"_blank\">T\u00f6\u00f6l\u00f6\u00f6n<\/a>, jossa levottomuus ja varastelu ovat <a href=\"https:\/\/www.iltalehti.fi\/kotimaa\/8e9c0a73-2109-4c1d-8d8f-b2af7a90240e\" rel=\"nofollow noopener\" target=\"_blank\">asukkaiden mukaan<\/a> selke\u00e4sti lis\u00e4\u00e4ntyneet.<\/p>\n<p class=\"paragraph\">\u2013 Ongelmia on esimerkiksi p\u00e4ihdeasuntoloiden l\u00e4heisyydess\u00e4. Helsingiss\u00e4 ne ovat tosi t\u00e4rkeit\u00e4 palveluita, mutta se ei voi tarkoittaa sit\u00e4, ett\u00e4 meill\u00e4 ei ole velvollisuutta pyrki\u00e4 minimoimaan niist\u00e4 aiheutuvaa haittaa.<\/p>\n<p class=\"paragraph\">H\u00e4iri\u00f6iden kasvanut m\u00e4\u00e4r\u00e4 on ty\u00f6llist\u00e4nyt kaupungin lis\u00e4ksi viranomaisia. Helsingin poliisin mukaan huumeisiin liittyv\u00e4t teht\u00e4v\u00e4t ovat <a href=\"https:\/\/www.iltalehti.fi\/kotimaa\/5c23b1e0-86a9-4c27-b563-67c0c6362665\" rel=\"nofollow noopener\" target=\"_blank\">moninkertaistuneet<\/a>. T\u00e4m\u00e4n lis\u00e4ksi lieveilmi\u00f6ihin liittyv\u00e4n palautteen m\u00e4\u00e4r\u00e4 on kasvanut.<\/p>\n<p>P\u00e4ihdeongelma on paisunut Helsingiss\u00e4 suureksi. Sen lieveilmi\u00f6t her\u00e4tt\u00e4v\u00e4t monissa huolta. Jenni G\u00e4stgivar<\/p>\n<p>Mik\u00e4 ratkaisuksi?<\/p>\n<p class=\"paragraph\">Toiseksi ongelmaksi h\u00e4n nime\u00e4\u00e4 psykiatrian ja p\u00e4ihdepalveluiden eriytt\u00e4misen. Vakaviin k\u00e4ytt\u00f6ongelmiin liittyy usein psyykkisi\u00e4 oireita, joihin hoitoa ei saa. Alfa-PVP on yleistynyt Helsingiss\u00e4 kovalla tahdilla.<\/p>\n<p class=\"paragraph\">Psykiatriaan erikoistuva Juntura on tehnyt t\u00f6it\u00e4 p\u00e4ihdepalveluiden parissa. H\u00e4n huomauttaa, ett\u00e4 usein p\u00e4ihde- ja mielenterveysongelmat ovat p\u00e4\u00e4llekk\u00e4isi\u00e4. Pitk\u00e4aikaisesti ydinongelmana on p\u00e4ihde- ja psykiatriapalveluiden avun piiriin p\u00e4\u00e4sy.<\/p>\n<p class=\"paragraph\">\u2013 Sitten kun t\u00e4h\u00e4n yhdistyy alfa-PVP, joka niin sanotusti heitt\u00e4\u00e4 bensaa liekkeihin. Se on tullut tilanteeseen, jossa sill\u00e4 on ollut hyv\u00e4t elementit aiheuttaa t\u00e4m\u00e4 nykyinen tilanne. Ongelmatilanne on silti monen tekij\u00e4n summa.<\/p>\n<p class=\"paragraph\">Asiantuntijat ovat samaa mielt\u00e4. Riippuvuuden hoito ja korvaushoito ovat olennaisia ratkaisuja.<\/p>\n<p class=\"paragraph\">\u2013 Korvaushoidossa pit\u00e4isi olla konkreettiset tavoitteet ja vahva psykososiaalinen kuntoutus mukana, mutta usein se j\u00e4\u00e4 uupumaan, riippuvuusasiantuntija <strong>Juha Lantz<\/strong> kommentoi Iltalehdelle <a href=\"https:\/\/www.iltalehti.fi\/kotimaa\/a0564f32-177e-4b30-b8fa-d6b10bd9ab1c\" rel=\"nofollow noopener\" target=\"_blank\">aiemmin t\u00e4ll\u00e4 viikolla.<\/a><\/p>\n<p class=\"paragraph\">Helsingiss\u00e4 on pyritty nopeuttamaan vieroitukseen p\u00e4\u00e4sy\u00e4. Tavoite olisi, ett\u00e4 hoitoon p\u00e4\u00e4sisi yhdess\u00e4 arkip\u00e4iv\u00e4ss\u00e4. Vieroitushoitoihin panostaminen on toivottu muutos, mutta Junturan mukaan hoito keskittyy edelleen pitk \u00e4lti alkoholi- ja opioidiriippuvuuksien hoitoon. Alfa-PVP:n kaltaisten stimulanttien vieroitushoidot ovat hankalia, sill\u00e4 varsinaista vieroitusl\u00e4\u00e4kett\u00e4 ei ole.<\/p>\n<p class=\"paragraph\">\u2013 Ensisijaisesti p\u00e4ihdehoito pit\u00e4isi saada kuntoon, sill\u00e4 p\u00e4ihderiippuvuus on sairaus. Emme kuitenkaan anna kenenk\u00e4\u00e4n k\u00e4ytt\u00e4yty\u00e4 kipe\u00e4n\u00e4 miten sattuu. Yhteiskunnan on l\u00f6ydett\u00e4v\u00e4 rajat siihen.<\/p>\n<p class=\"paragraph\">Juntura muutti hiljattain pois Kalliosta. H\u00e4n sanoo, ett\u00e4 pahentuneella tilanteella ei ollut vaikutusta asiaan mutta my\u00f6nt\u00e4\u00e4, ett\u00e4 riist\u00e4ytynyt tilanne alkoi n\u00e4ky\u00e4 liikaa omassa arjessa.<\/p>\n<p class=\"paragraph\">\u2013 Meill\u00e4 pit\u00e4\u00e4 olla turvalliset tilat kaikille, ja se, ett\u00e4 meill\u00e4 on Piritorilla paremmat lamput ja hienommat laatat, ei auta.<\/p>\n","protected":false},"excerpt":{"rendered":"Tilanne huolestuttaa l\u00e4\u00e4k\u00e4ri Jonne Junturaa. Jonne Juntura on huolissaan kaupungin toimista p\u00e4ihdetilanteen ratkaisemiseksi. H\u00e4net mielest\u00e4\u00e4n toimet ovat riittt\u00e4m\u00e4tt\u00f6mi\u00e4.&hellip;\n","protected":false},"author":2,"featured_media":51835,"comment_status":"","ping_status":"","sticky":false,"template":"","format":"standard","meta":{"footnotes":""},"categories":[12],"tags":[35,22,23,26,27,33,31,30,17,766,24,25,28,29,15,18,21,764,32,767,765,167,19,20,16,769],"class_list":{"0":"post-51834","1":"post","2":"type-post","3":"status-publish","4":"format-standard","5":"has-post-thumbnail","7":"category-suomi","8":"tag-24h","9":"tag-breaking-news","10":"tag-breakingnews","11":"tag-featured-news","12":"tag-featurednews","13":"tag-fi","14":"tag-finland","15":"tag-finnish","16":"tag-headlines","17":"tag-koronavirus","18":"tag-latest-news","19":"tag-latestnews","20":"tag-main-news","21":"tag-mainnews","22":"tag-news","23":"tag-otsikot","24":"tag-paauutiset","25":"tag-sairaudet","26":"tag-suomi","27":"tag-tartuntataudit","28":"tag-taudit-ja-hairiot","29":"tag-terveys","30":"tag-top-stories","31":"tag-topstories","32":"tag-uutiset","33":"tag-virussairaudet"},"share_on_mastodon":{"url":"","error":""},"_links":{"self":[{"href":"https:\/\/www.europesays.com\/fi\/wp-json\/wp\/v2\/posts\/51834","targetHints":{"allow":["GET"]}}],"collection":[{"href":"https:\/\/www.europesays.com\/fi\/wp-json\/wp\/v2\/posts"}],"about":[{"href":"https:\/\/www.europesays.com\/fi\/wp-json\/wp\/v2\/types\/post"}],"author":[{"embeddable":true,"href":"https:\/\/www.europesays.com\/fi\/wp-json\/wp\/v2\/users\/2"}],"replies":[{"embeddable":true,"href":"https:\/\/www.europesays.com\/fi\/wp-json\/wp\/v2\/comments?post=51834"}],"version-history":[{"count":0,"href":"https:\/\/www.europesays.com\/fi\/wp-json\/wp\/v2\/posts\/51834\/revisions"}],"wp:featuredmedia":[{"embeddable":true,"href":"https:\/\/www.europesays.com\/fi\/wp-json\/wp\/v2\/media\/51835"}],"wp:attachment":[{"href":"https:\/\/www.europesays.com\/fi\/wp-json\/wp\/v2\/media?parent=51834"}],"wp:term":[{"taxonomy":"category","embeddable":true,"href":"https:\/\/www.europesays.com\/fi\/wp-json\/wp\/v2\/categories?post=51834"},{"taxonomy":"post_tag","embeddable":true,"href":"https:\/\/www.europesays.com\/fi\/wp-json\/wp\/v2\/tags?post=51834"}],"curies":[{"name":"wp","href":"https:\/\/api.w.org\/{rel}","templated":true}]}}