{"id":51838,"date":"2025-10-02T22:17:08","date_gmt":"2025-10-02T22:17:08","guid":{"rendered":"https:\/\/www.europesays.com\/fi\/51838\/"},"modified":"2025-10-02T22:17:08","modified_gmt":"2025-10-02T22:17:08","slug":"seiska-stefan-therman-kuumeni-martina-aitolehdelle-suorat-sanat","status":"publish","type":"post","link":"https:\/\/www.europesays.com\/fi\/51838\/","title":{"rendered":"Seiska: Stefan Therman kuumeni Martina Aitolehdelle &#8211; suorat sanat"},"content":{"rendered":"<p>Liikemies ja Martina Aitolehden lapsen is\u00e4 Stefan Therman on saanut ilmeisesti tarpeekseen siit\u00e4, ett\u00e4 h\u00e4nen yksityisasioitaan ruoditaan julkisesti ilman mahdollisuutta vastata. <\/p>\n<p>Viimeisin ylily\u00f6nti h\u00e4nen mukaansa kuultiin Martina &amp; Esko -podcastissa, jossa Martina Aitolehti arvosteli Thermanin roolia heid\u00e4n yhteisen tytt\u00e4rens\u00e4 el\u00e4m\u00e4ss\u00e4.<\/p>\n<p>Aitolehti on aiemminkin kertonut menneisyydest\u00e4\u00e4n, johon kuuluu muita ihmisi\u00e4<\/p>\n<p>Martina Aitolehden ja Esko Eerik\u00e4isen juontama podcast on ollut varsin suosittu ja siit\u00e4 on meneill\u00e4\u00e4n jo kolmas tuotantokausi. Aitolehti on ruotinut podissa omaa el\u00e4m\u00e4\u00e4ns\u00e4 avoimesti. Osana t\u00e4t\u00e4 on ollut my\u00f6s entisiin parisuhteisiin palaaminen.<\/p>\n<p>Tuoreessa jaksossa Aitolehti kyseenalaisti ex-miehens\u00e4 Thermanin sitoutuneisuutta huoltajuuteen ja sanoi ottaneensa vastuuta heid\u00e4n tytt\u00e4rest\u00e4\u00e4n yksin.<\/p>\n<p>Vastaavaa kritiikki\u00e4 Thermania kohtaan on kuultu podcastissa aiemminkin. T\u00e4h\u00e4n saakka mies on pysynyt vaiti, mutta nyt h\u00e4n on p\u00e4\u00e4tt\u00e4nyt oikaista yksipuoliseksi kokemansa puhetta. Thermanilta on harvoin n\u00e4hty t\u00e4llaisia julkisia ulostuloja.<\/p>\n<p>\u2013 En tied\u00e4 mit\u00e4 se nainen vet\u00e4\u00e4, mutta varmaan rahapulassa koittaa saada klikkej\u00e4, kun aussimaksajakin otti ja l\u00e4hti, Therman tykitt\u00e4\u00e4 <a href=\"https:\/\/www.seiska.fi\/vain-seiskassa\/nyt-puhuu-stefan-therman-suorat-sanat-martina-aitolehdesta\/1948306\" target=\"_blank\" rel=\"noreferrer noopener nofollow\">Seiskalle.<\/a><\/p>\n<p>Asialla Therman viittaa Aitolehden viimeisimp\u00e4\u00e4n miesyst\u00e4v\u00e4\u00e4n, australialaistaustaiseen liikemieheen, jonka kanssa Aitolehden oli m\u00e4\u00e4r\u00e4 menn\u00e4 naimisiin kes\u00e4ll\u00e4, mutta suhde on tiett\u00e4v\u00e4sti katkolla.<\/p>\n<p>\u2013 Jep, keskittyisi omiin suhteisiinsa ja asioihinsa, ja j\u00e4tt\u00e4isi minut pois jo t\u00e4st\u00e4 yksipuolisesta paskanjauhannasta, Therman jatkaa Seiskalle.<\/p>\n<p>Aitolehti on tehnyt selv\u00e4ksi podcastissaan, ett\u00e4 kertoo omasta el\u00e4m\u00e4st\u00e4\u00e4n, johon my\u00f6s entiset kumppanit v\u00e4ist\u00e4m\u00e4tt\u00e4 liittyv\u00e4t. Thermanin mielest\u00e4 t\u00e4m\u00e4 ei mit\u00e4 ilmeisemmin kuitenkaan oikeuta siihen, ett\u00e4 muita k\u00e4sitell\u00e4\u00e4n julkisesti ilman mahdollisuutta kommentoida.<\/p>\n<p>\u2013 Minulla ja Isbell\u00e4 on kaikki hyvin, Therman p\u00e4\u00e4tt\u00e4\u00e4 Seiskassa.<\/p>\n<p>Lue my\u00f6s: <a href=\"https:\/\/www.como.fi\/uutiset\/seiska-martina-aitolehti-ibizalla-haat-on-peruttu\/\" title=\"Seiska: Martina Aitolehti Ibizalla \u2013 \u201dH\u00e4\u00e4t on peruttu\u201d\" class=\"underline-custom !font-montserrat !font-bold !underline-offset-4 !decoration-4 !decoration-red-600 !text-md\" rel=\"nofollow noopener\" target=\"_blank\">Seiska: Martina Aitolehti Ibizalla \u2013 \u201dH\u00e4\u00e4t on peruttu\u201d<\/a><\/p>\n<p>Lue my\u00f6s: <a href=\"https:\/\/www.como.fi\/uutiset\/kultamekko-iida-kiistaa-yhteyden-stefan-thermaniin\/\" title=\"Kultamekko-Iida kiist\u00e4\u00e4 yhteyden Stefan Thermaniin\" class=\"underline-custom !font-montserrat !font-bold !underline-offset-4 !decoration-4 !decoration-red-600 !text-md\" rel=\"nofollow noopener\" target=\"_blank\">Kultamekko-Iida kiist\u00e4\u00e4 yhteyden Stefan Thermaniin<\/a><\/p>\n<p>Lue my\u00f6s: <a href=\"https:\/\/www.como.fi\/tilaa-comon-uutiskirje\/\" title=\"Tilaa Comon uutiskirje ja tied\u00e4t mist\u00e4 kahvitauolla puhutaan! Nappaa kotimaan tv-vinkit ja puheenaiheet suoraan s\u00e4hk\u00f6postiin t\u00e4st\u00e4.\" class=\"underline-custom !font-montserrat !font-bold !underline-offset-4 !decoration-4 !decoration-red-600 !text-md\" rel=\"nofollow noopener\" target=\"_blank\">Tilaa Comon uutiskirje ja tied\u00e4t mist\u00e4 kahvitauolla puhutaan! Nappaa kotimaan tv-vinkit ja puheenaiheet suoraan s\u00e4hk\u00f6postiin t\u00e4st\u00e4.<\/a><\/p>\n","protected":false},"excerpt":{"rendered":"Liikemies ja Martina Aitolehden lapsen is\u00e4 Stefan Therman on saanut ilmeisesti tarpeekseen siit\u00e4, ett\u00e4 h\u00e4nen yksityisasioitaan ruoditaan julkisesti&hellip;\n","protected":false},"author":2,"featured_media":51839,"comment_status":"","ping_status":"","sticky":false,"template":"","format":"standard","meta":{"footnotes":""},"categories":[136],"tags":[407,137,33,31,30,408,2878,3095,32,109],"class_list":{"0":"post-51838","1":"post","2":"type-post","3":"status-publish","4":"format-standard","5":"has-post-thumbnail","7":"category-julkkikset","8":"tag-celebrities","9":"tag-entertainment","10":"tag-fi","11":"tag-finland","12":"tag-finnish","13":"tag-julkkikset","14":"tag-martina-aitolehti","15":"tag-stefan-therman","16":"tag-suomi","17":"tag-viihde"},"share_on_mastodon":{"url":"","error":""},"_links":{"self":[{"href":"https:\/\/www.europesays.com\/fi\/wp-json\/wp\/v2\/posts\/51838","targetHints":{"allow":["GET"]}}],"collection":[{"href":"https:\/\/www.europesays.com\/fi\/wp-json\/wp\/v2\/posts"}],"about":[{"href":"https:\/\/www.europesays.com\/fi\/wp-json\/wp\/v2\/types\/post"}],"author":[{"embeddable":true,"href":"https:\/\/www.europesays.com\/fi\/wp-json\/wp\/v2\/users\/2"}],"replies":[{"embeddable":true,"href":"https:\/\/www.europesays.com\/fi\/wp-json\/wp\/v2\/comments?post=51838"}],"version-history":[{"count":0,"href":"https:\/\/www.europesays.com\/fi\/wp-json\/wp\/v2\/posts\/51838\/revisions"}],"wp:featuredmedia":[{"embeddable":true,"href":"https:\/\/www.europesays.com\/fi\/wp-json\/wp\/v2\/media\/51839"}],"wp:attachment":[{"href":"https:\/\/www.europesays.com\/fi\/wp-json\/wp\/v2\/media?parent=51838"}],"wp:term":[{"taxonomy":"category","embeddable":true,"href":"https:\/\/www.europesays.com\/fi\/wp-json\/wp\/v2\/categories?post=51838"},{"taxonomy":"post_tag","embeddable":true,"href":"https:\/\/www.europesays.com\/fi\/wp-json\/wp\/v2\/tags?post=51838"}],"curies":[{"name":"wp","href":"https:\/\/api.w.org\/{rel}","templated":true}]}}