{"id":51840,"date":"2025-10-02T22:22:08","date_gmt":"2025-10-02T22:22:08","guid":{"rendered":"https:\/\/www.europesays.com\/fi\/51840\/"},"modified":"2025-10-02T22:22:08","modified_gmt":"2025-10-02T22:22:08","slug":"netflix-julkaisi-paljastavan-trailerin-marraskuun-odotetuimmasta-elokuvasta","status":"publish","type":"post","link":"https:\/\/www.europesays.com\/fi\/51840\/","title":{"rendered":"Netflix julkaisi paljastavan trailerin marraskuun odotetuimmasta elokuvasta"},"content":{"rendered":"\n<p><strong>Guillermo del Toron Frankenstein julkaistaan Netflixiss\u00e4 marraskuussa.<\/strong><\/p>\n<p><a href=\"https:\/\/muropaketti.com\/avainsana\/netflix\" rel=\"nofollow noopener\" target=\"_blank\">Netflix<\/a> on julkaissut uuden trailerin Guillermo del Toron <a href=\"https:\/\/muropaketti.com\/avainsana\/frankenstein\/\" rel=\"nofollow noopener\" target=\"_blank\">Frankenstein<\/a>-elokuvasta, joka sai maailmanensi-iltansa elokuun lopussa Venetsian elokuvajuhlilla. Uusi mainosp\u00e4tk\u00e4 esittelee aiemmista poiketen Jacob Elordin esitt\u00e4m\u00e4n hirvi\u00f6n.<\/p>\n<p>Tarjolla on uutta materiaalia my\u00f6s Oscar Isaacista Victor Von Frankenstein roolissa ja Mia Gothista, joka esitt\u00e4\u00e4 tiedemiehen Elizabeth Lavenza -morsianta.<\/p>\n<p>Frankensteinin <a href=\"https:\/\/www.rottentomatoes.com\/m\/frankenstein_2025\" target=\"_blank\" rel=\"noopener nofollow\">Rotten Tomatoes<\/a> -prosentti on nyt 80. <a href=\"https:\/\/www.metacritic.com\/movie\/frankenstein-2025\" target=\"_blank\" rel=\"noopener nofollow\">Metacriticin<\/a> kriitikkoarvostelujen keskiarvo on t\u00e4ll\u00e4 hetkell\u00e4 puolestaan 74 \/ 100.<\/p>\n<p>Mary Shelleyn klassikkoromaaniin pohjautuvassa kauhudraamassa n\u00e4hd\u00e4\u00e4n my\u00f6s Felix Kammerer, David Bradley, Lars Mikkelsen, Christian Convery, Charles Dance ja Christoph Waltz.<\/p>\n<p>Del Toro vastaa itse my\u00f6s elokuvansa k\u00e4sikirjoituksesta, joka py\u00f6r\u00e4ht\u00e4\u00e4 maailmalla my\u00f6s valkokankailla 17. lokakuuta alkaen. Netflixiin Frankenstein saapuu 7. marraskuuta.<\/p>\n","protected":false},"excerpt":{"rendered":"Guillermo del Toron Frankenstein julkaistaan Netflixiss\u00e4 marraskuussa. Netflix on julkaissut uuden trailerin Guillermo del Toron Frankenstein-elokuvasta, joka sai&hellip;\n","protected":false},"author":2,"featured_media":51841,"comment_status":"","ping_status":"","sticky":false,"template":"","format":"standard","meta":{"footnotes":""},"categories":[131],"tags":[155,2873,137,33,173,31,30,7244,7245,774,172,217,12551,32,109],"class_list":{"0":"post-51840","1":"post","2":"type-post","3":"status-publish","4":"format-standard","5":"has-post-thumbnail","7":"category-elokuvat","8":"tag-elokuvat","9":"tag-elokuvatrailerit","10":"tag-entertainment","11":"tag-fi","12":"tag-film","13":"tag-finland","14":"tag-finnish","15":"tag-frankenstein","16":"tag-guillermo-del-toro","17":"tag-jacob-elordi","18":"tag-movies","19":"tag-netflix","20":"tag-oscar-isaac","21":"tag-suomi","22":"tag-viihde"},"share_on_mastodon":{"url":"","error":""},"_links":{"self":[{"href":"https:\/\/www.europesays.com\/fi\/wp-json\/wp\/v2\/posts\/51840","targetHints":{"allow":["GET"]}}],"collection":[{"href":"https:\/\/www.europesays.com\/fi\/wp-json\/wp\/v2\/posts"}],"about":[{"href":"https:\/\/www.europesays.com\/fi\/wp-json\/wp\/v2\/types\/post"}],"author":[{"embeddable":true,"href":"https:\/\/www.europesays.com\/fi\/wp-json\/wp\/v2\/users\/2"}],"replies":[{"embeddable":true,"href":"https:\/\/www.europesays.com\/fi\/wp-json\/wp\/v2\/comments?post=51840"}],"version-history":[{"count":0,"href":"https:\/\/www.europesays.com\/fi\/wp-json\/wp\/v2\/posts\/51840\/revisions"}],"wp:featuredmedia":[{"embeddable":true,"href":"https:\/\/www.europesays.com\/fi\/wp-json\/wp\/v2\/media\/51841"}],"wp:attachment":[{"href":"https:\/\/www.europesays.com\/fi\/wp-json\/wp\/v2\/media?parent=51840"}],"wp:term":[{"taxonomy":"category","embeddable":true,"href":"https:\/\/www.europesays.com\/fi\/wp-json\/wp\/v2\/categories?post=51840"},{"taxonomy":"post_tag","embeddable":true,"href":"https:\/\/www.europesays.com\/fi\/wp-json\/wp\/v2\/tags?post=51840"}],"curies":[{"name":"wp","href":"https:\/\/api.w.org\/{rel}","templated":true}]}}