{"id":51847,"date":"2025-10-02T22:29:08","date_gmt":"2025-10-02T22:29:08","guid":{"rendered":"https:\/\/www.europesays.com\/fi\/51847\/"},"modified":"2025-10-02T22:29:08","modified_gmt":"2025-10-02T22:29:08","slug":"kymmenen-norjan-sotilasta-katosi-sotaharjoituksen-jalkeen-venajan-rajan-lahella-uutisia-lyhyesti","status":"publish","type":"post","link":"https:\/\/www.europesays.com\/fi\/51847\/","title":{"rendered":"Kymmenen Norjan sotilasta katosi sota\u00adharjoituksen j\u00e4lkeen Ven\u00e4j\u00e4n rajan l\u00e4hell\u00e4 | Uutisia lyhyesti"},"content":{"rendered":"<p class=\"aw-1gybjub aw-5vja16 cmIuaG zKETg yle__article__paragraph\">Etsinn\u00e4t k\u00e4ynnistyiv\u00e4t, kun sotilaat eiv\u00e4t palanneet sovittuun paikkaan aamulla harjoitusten p\u00e4\u00e4tytty\u00e4. Poliisi sanoo, ett\u00e4 katoamiset otetaan vakavasti.<\/p>\n<p><img decoding=\"async\" alt=\"Kartassa Norjan, Suomen ja Ven\u00e4j\u00e4n pohjoiskolkka, johon merkitty Pykeija, jossa norjalaiset sotilaat katosivat.\" src=\"https:\/\/www.europesays.com\/fi\/wp-content\/uploads\/2025\/10\/39-153246268deca3ee0672.jpeg\" class=\"aw-1l9m598 hKVVvP\"\/><\/p>\n<p>Avaa kuvien katselu<\/p>\n<p>Kuva: Leena Luotio \/ Yle, Mapcreator, OpenStreetMap<\/p>\n<p class=\"aw-1gybjub aw-1p7kakr cmIuaG fmSRng yle__article__paragraph\">Norjassa on torstaina etsitty kymment\u00e4 sotilasta, jotka katosivat sotaharjoituksen j\u00e4lkeen It\u00e4-Finnmarkissa l\u00e4hell\u00e4 Ven\u00e4j\u00e4n rajaa.<\/p>\n<p class=\"aw-1gybjub aw-1p7kakr cmIuaG fmSRng yle__article__paragraph\">Etsinn\u00e4t k\u00e4ynnistyiv\u00e4t, kun sotilaat eiv\u00e4t palanneet sovittuun paikkaan aamulla harjoituksen p\u00e4\u00e4tytty\u00e4.<\/p>\n<p class=\"aw-1gybjub aw-1p7kakr cmIuaG fmSRng yle__article__paragraph\"><a class=\"aw-iao6s4 iHOxEa yle__article__link\" href=\"https:\/\/www.nrk.no\/tromsogfinnmark\/leteaksjon-etter-10-soldater-i-finnmark-1.17595842\" role=\"link\" rel=\"nofollow noopener\" target=\"_blank\">Norjan yleisradioyhti\u00f6 NRK<\/a> kertoo, ett\u00e4 viisi kadonneesta sotilaasta on l\u00f6ydetty. Viisi on yh\u00e4 kateissa ja heit\u00e4 etsit\u00e4\u00e4n muun muassa helikopterin, droonien ja koirien avulla.<\/p>\n<p class=\"aw-1gybjub aw-1p7kakr cmIuaG fmSRng yle__article__paragraph\">NRK:n mukaan sotilaita on etsitty Pykeijan kyl\u00e4n ja Uuniemen kunnan alueilta, jotka sijaitsevat l\u00e4hell\u00e4 Ven\u00e4j\u00e4n rajaa.<\/p>\n<p class=\"aw-1gybjub aw-1p7kakr cmIuaG fmSRng yle__article__paragraph\">Poliisin operatiivinen johtaja <strong class=\"aw-ak79eh KyCXm yle__article__strong\">J\u00f8rgen Haukland Hansen<\/strong> kertoo NRK:lle, ett\u00e4 katoamiset otetaan vakavasti ja niihin on kaksi mahdollista syyt\u00e4.<\/p>\n<p class=\"aw-1gybjub aw-1p7kakr cmIuaG fmSRng yle__article__paragraph\">\u2013 Toinen mahdollisuus on, ett\u00e4 sotilaat ovat voineet ymm\u00e4rt\u00e4\u00e4 kokoontumisajan v\u00e4\u00e4rin. Toinen on se, ett\u00e4 jotain on voinut tapahtua, h\u00e4n sanoo.<\/p>\n","protected":false},"excerpt":{"rendered":"Etsinn\u00e4t k\u00e4ynnistyiv\u00e4t, kun sotilaat eiv\u00e4t palanneet sovittuun paikkaan aamulla harjoitusten p\u00e4\u00e4tytty\u00e4. Poliisi sanoo, ett\u00e4 katoamiset otetaan vakavasti. Avaa&hellip;\n","protected":false},"author":2,"featured_media":51848,"comment_status":"","ping_status":"","sticky":false,"template":"","format":"standard","meta":{"footnotes":""},"categories":[14],"tags":[22,23,26,27,33,31,30,17,24,25,782,28,29,15,18,21,32,19,20,56,16,59,60,61],"class_list":{"0":"post-51847","1":"post","2":"type-post","3":"status-publish","4":"format-standard","5":"has-post-thumbnail","7":"category-ulkomaat","8":"tag-breaking-news","9":"tag-breakingnews","10":"tag-featured-news","11":"tag-featurednews","12":"tag-fi","13":"tag-finland","14":"tag-finnish","15":"tag-headlines","16":"tag-latest-news","17":"tag-latestnews","18":"tag-maanpuolustus","19":"tag-main-news","20":"tag-mainnews","21":"tag-news","22":"tag-otsikot","23":"tag-paauutiset","24":"tag-suomi","25":"tag-top-stories","26":"tag-topstories","27":"tag-ulkomaat","28":"tag-uutiset","29":"tag-world","30":"tag-world-news","31":"tag-worldnews"},"share_on_mastodon":{"url":"","error":""},"_links":{"self":[{"href":"https:\/\/www.europesays.com\/fi\/wp-json\/wp\/v2\/posts\/51847","targetHints":{"allow":["GET"]}}],"collection":[{"href":"https:\/\/www.europesays.com\/fi\/wp-json\/wp\/v2\/posts"}],"about":[{"href":"https:\/\/www.europesays.com\/fi\/wp-json\/wp\/v2\/types\/post"}],"author":[{"embeddable":true,"href":"https:\/\/www.europesays.com\/fi\/wp-json\/wp\/v2\/users\/2"}],"replies":[{"embeddable":true,"href":"https:\/\/www.europesays.com\/fi\/wp-json\/wp\/v2\/comments?post=51847"}],"version-history":[{"count":0,"href":"https:\/\/www.europesays.com\/fi\/wp-json\/wp\/v2\/posts\/51847\/revisions"}],"wp:featuredmedia":[{"embeddable":true,"href":"https:\/\/www.europesays.com\/fi\/wp-json\/wp\/v2\/media\/51848"}],"wp:attachment":[{"href":"https:\/\/www.europesays.com\/fi\/wp-json\/wp\/v2\/media?parent=51847"}],"wp:term":[{"taxonomy":"category","embeddable":true,"href":"https:\/\/www.europesays.com\/fi\/wp-json\/wp\/v2\/categories?post=51847"},{"taxonomy":"post_tag","embeddable":true,"href":"https:\/\/www.europesays.com\/fi\/wp-json\/wp\/v2\/tags?post=51847"}],"curies":[{"name":"wp","href":"https:\/\/api.w.org\/{rel}","templated":true}]}}