{"id":51849,"date":"2025-10-02T22:30:11","date_gmt":"2025-10-02T22:30:11","guid":{"rendered":"https:\/\/www.europesays.com\/fi\/51849\/"},"modified":"2025-10-02T22:30:11","modified_gmt":"2025-10-02T22:30:11","slug":"muuramen-yt-neuvottelut-paatokseen-naihin-kohteisiin-henkilostovahennykset-iskevat-keski-suomi","status":"publish","type":"post","link":"https:\/\/www.europesays.com\/fi\/51849\/","title":{"rendered":"Muuramen yt-neuvottelut p\u00e4\u00e4t\u00f6kseen: n\u00e4ihin kohteisiin henkil\u00f6st\u00f6v\u00e4hennykset iskev\u00e4t | Keski-Suomi"},"content":{"rendered":"<p>Muuramen kunnassa on k\u00e4yty yhteistoimintamenettely (yt) 17.6.\u201330.9.2025 taloudellisista ja tuotannollisista syist\u00e4. Yt-neuvotteluiden v\u00e4hennystarpeena oli 29 henkil\u00f6vuotta ja rahassa l\u00e4hes kaksi miljoonaa euroa. V\u00e4hennysten my\u00f6t\u00e4 kunnan organisaatiorakennetta uudistetaan ja henkil\u00f6st\u00f6vuosia v\u00e4hennet\u00e4\u00e4n talousarvion mukaisesti.<\/p>\n<p>Jatkossa toimintakokonaisuudet jakautuvat Muuramen kunnan tiedotteen mukaan nelj\u00e4\u00e4n osaan. Kunnanjohtaja <strong>Jarkko M\u00e4\u00e4tt\u00e4sen<\/strong> johtamaan Elinvoiman kehitt\u00e4misen ja konsernijohtamisen kokonaisuuteen yhdistyv\u00e4t kunnan strategisiin kasvutavoitteisiin kiinte\u00e4sti liittyv\u00e4t maanhankinta ja kaavoitus. Toimialueella ei tapahdu henkil\u00f6st\u00f6v\u00e4hennyksi\u00e4.<\/p>\n<p>Elinvoiman ja kest\u00e4v\u00e4n kasvun toimialasta puolestaan muodostetaan Rakentamisen ja kuntaymp\u00e4rist\u00f6n toimiala, jonka sis\u00e4ll\u00e4 tulosaluerakenne tiivistyy nykyisest\u00e4 nelj\u00e4st\u00e4 kahteen. Toimialalta v\u00e4henee 12 henkil\u00f6ty\u00f6vuotta t\u00e4m\u00e4n vuoden talousarvioon verrattuna. V\u00e4hennyksest\u00e4 yhdeks\u00e4n toteutuu irtisanomisilla.<\/p>\n<p>Tukipalvelukeskuksen toimialan nimi tarkennetaan Tukipalvelujen toimialaksi, jota johtaa hallintojohtaja. Kokonaisuutena tukipalvelukeskuksen toimialalta v\u00e4henee 4,14 henkil\u00f6st\u00f6vuotta. V\u00e4hennys ei edellyt\u00e4 toimialalla irtisanomisia tai lomautuksia, vaan se sis\u00e4lt\u00e4\u00e4 ty\u00f6suhteiden osa-aikaistamisia.<\/p>\n<p>Kunnan Hyvinvoinnin ja palveluiden toimialalla organisaatiorakenne tiivistyy kuudesta tulosalueesta kolmeen. Toimialalta v\u00e4henee 12,5 henkil\u00f6ty\u00f6vuotta, mutta v\u00e4hennys ei edellyt\u00e4 toimialalla irtisanomisia.<\/p>\n<p>\u2013\u2009Henkil\u00f6ty\u00f6vuosiv\u00e4hennyksist\u00e4 on valtaosa toteutunut jo vuoden 2025 kuluessa el\u00e4k\u00f6itymisist\u00e4, m\u00e4\u00e4r\u00e4aikaisuuksien p\u00e4\u00e4ttymisist\u00e4 ja itse irtisanoutuneista. T\u00e4m\u00e4 on edellytt\u00e4nyt toiminnan merkitt\u00e4v\u00e4\u00e4 j\u00e4ntev\u00f6itt\u00e4mist\u00e4 osana kunnan talouden sopeuttamista kuluvan vuoden aikana, kunnanjohtaja M\u00e4\u00e4tt\u00e4nen toteaa tiedotteessa.<\/p>\n<p>Organisaatiomuutokset astuvat voimaan ensi vuoden alusta alkaen. Muuramen kunnanhallitus p\u00e4\u00e4tt\u00e4\u00e4 yhteistoimintamenettelyn maanantaina 6.10. j\u00e4rjestett\u00e4v\u00e4ss\u00e4 kokouksessa.<\/p>\n<p>Jutun kuvateksti\u00e4 korjattu kello 21.44: Muuramen kunta ty\u00f6llisti viime vuoden lopussa 449 ihmist\u00e4, joista naisia on 355 ja miehi\u00e4 94. Luvut olivat alun perin jutussa v\u00e4\u00e4rin.<\/p>\n<p>\t\t\t\t\t<img class=\"diks-card__image\" src=\"https:\/\/www.europesays.com\/fi\/wp-content\/uploads\/2025\/10\/8624548.jpg\"   loading=\"lazy\" decoding=\"sync\" alt=\"\"\/><\/p>\n","protected":false},"excerpt":{"rendered":"Muuramen kunnassa on k\u00e4yty yhteistoimintamenettely (yt) 17.6.\u201330.9.2025 taloudellisista ja tuotannollisista syist\u00e4. Yt-neuvotteluiden v\u00e4hennystarpeena oli 29 henkil\u00f6vuotta ja rahassa&hellip;\n","protected":false},"author":2,"featured_media":51850,"comment_status":"","ping_status":"","sticky":false,"template":"","format":"standard","meta":{"footnotes":""},"categories":[12],"tags":[22,23,26,27,33,31,30,17,12777,24,25,28,29,2748,12776,15,18,21,402,32,19,20,860,861,1955,16],"class_list":{"0":"post-51849","1":"post","2":"type-post","3":"status-publish","4":"format-standard","5":"has-post-thumbnail","7":"category-suomi","8":"tag-breaking-news","9":"tag-breakingnews","10":"tag-featured-news","11":"tag-featurednews","12":"tag-fi","13":"tag-finland","14":"tag-finnish","15":"tag-headlines","16":"tag-jarkko-maatta","17":"tag-latest-news","18":"tag-latestnews","19":"tag-main-news","20":"tag-mainnews","21":"tag-muurame","22":"tag-muuramen-kunta","23":"tag-news","24":"tag-otsikot","25":"tag-paauutiset","26":"tag-rakentaminen-kiinteistot","27":"tag-suomi","28":"tag-top-stories","29":"tag-topstories","30":"tag-tyoelama","31":"tag-tyollisyys-ja-tyottomyys","32":"tag-tyottomyys","33":"tag-uutiset"},"share_on_mastodon":{"url":"","error":""},"_links":{"self":[{"href":"https:\/\/www.europesays.com\/fi\/wp-json\/wp\/v2\/posts\/51849","targetHints":{"allow":["GET"]}}],"collection":[{"href":"https:\/\/www.europesays.com\/fi\/wp-json\/wp\/v2\/posts"}],"about":[{"href":"https:\/\/www.europesays.com\/fi\/wp-json\/wp\/v2\/types\/post"}],"author":[{"embeddable":true,"href":"https:\/\/www.europesays.com\/fi\/wp-json\/wp\/v2\/users\/2"}],"replies":[{"embeddable":true,"href":"https:\/\/www.europesays.com\/fi\/wp-json\/wp\/v2\/comments?post=51849"}],"version-history":[{"count":0,"href":"https:\/\/www.europesays.com\/fi\/wp-json\/wp\/v2\/posts\/51849\/revisions"}],"wp:featuredmedia":[{"embeddable":true,"href":"https:\/\/www.europesays.com\/fi\/wp-json\/wp\/v2\/media\/51850"}],"wp:attachment":[{"href":"https:\/\/www.europesays.com\/fi\/wp-json\/wp\/v2\/media?parent=51849"}],"wp:term":[{"taxonomy":"category","embeddable":true,"href":"https:\/\/www.europesays.com\/fi\/wp-json\/wp\/v2\/categories?post=51849"},{"taxonomy":"post_tag","embeddable":true,"href":"https:\/\/www.europesays.com\/fi\/wp-json\/wp\/v2\/tags?post=51849"}],"curies":[{"name":"wp","href":"https:\/\/api.w.org\/{rel}","templated":true}]}}