{"id":51853,"date":"2025-10-02T22:43:07","date_gmt":"2025-10-02T22:43:07","guid":{"rendered":"https:\/\/www.europesays.com\/fi\/51853\/"},"modified":"2025-10-02T22:43:07","modified_gmt":"2025-10-02T22:43:07","slug":"nanna-karalahti-avaa-tuntemuksiaan-mtv-uutiset","status":"publish","type":"post","link":"https:\/\/www.europesays.com\/fi\/51853\/","title":{"rendered":"Nanna Karalahti avaa tuntemuksiaan | MTV Uutiset"},"content":{"rendered":"<p><strong class=\"typography-bold\">Nanna Karalahti julkaisi sosiaalisessa mediassa tunteellisen p\u00e4ivityksen.<\/strong><\/p>\n<p>Hyvinvointivalmentaja <a class=\"underline\" data-testid=\"internal-link\" role=\"link\" data-sentry-element=\"Link\" data-sentry-component=\"InternalLink\" data-sentry-source-file=\"InternalLink.tsx\" href=\"https:\/\/www.mtvuutiset.fi\/aihe\/nanna-karalahti\/5947492\" rel=\"nofollow noopener\" target=\"_blank\"><strong class=\"typography-bold\">Nanna Karalahti<\/strong><\/a> avaa tuntemuksiaan <a class=\"underline\" data-testid=\"external-link\" href=\"https:\/\/www.instagram.com\/stories\/nanna.karalahti\/3734472880466454282\/?hl=fi\" rel=\"noopener noreferrer nofollow\" data-sentry-component=\"ExternalLink\" data-sentry-source-file=\"ExternalLink.tsx\" target=\"_blank\">Instagram-tilin tarinoissa<\/a>. Julkaisut ovat n\u00e4ht\u00e4vill\u00e4 24 tuntia niiden julkaisusta.\u00a0<\/p>\n<p>Nannan julkaisemassa kuvakaappauksessa n\u00e4kyy, ett\u00e4 h\u00e4n on saanut seuraajaltaan kehuvan viestin ja h\u00e4n kiitt\u00e4\u00e4 viestin l\u00e4hett\u00e4j\u00e4\u00e4.<\/p>\n<p>\u2013 Okei aika kiva saada just nyt t\u00e4llainen viesti! Ei oo kyll\u00e4 helppoa ollut, mutta aina min\u00e4 jossain sis\u00e4isess\u00e4 varmassa tiedossa roikun ja syvin niist\u00e4 minulle on arvojen mukainen toiminta, Nanna kirjoittaa kuvakaappauksen yhteyteen.<\/p>\n<p>Seuraavana tarina on synkempi.<\/p>\n<p>\u2013\u00a0Mutta just nyt on kyll\u00e4 todella surullinen olo. Niinkun todella surullinen, Nanna kirjoittaa.<\/p>\n<p>Nanna ei ole avannut tarinoissa, mist\u00e4 surullinen olo johtuu.<\/p>\n<p>Lue my\u00f6s: <a class=\"underline\" data-testid=\"internal-link\" role=\"link\" data-sentry-element=\"Link\" data-sentry-component=\"InternalLink\" data-sentry-source-file=\"InternalLink.tsx\" href=\"https:\/\/www.mtvuutiset.fi\/artikkeli\/jere-karalahti-vangittu-epailtyna-torkeasta-huumerikoksesta\/9233148\" rel=\"nofollow noopener\" target=\"_blank\">Jere Karalahti vangittu ep\u00e4iltyn\u00e4 t\u00f6rke\u00e4st\u00e4 huumerikoksesta<\/a><\/p>\n<p>Nannan ex-mies, entinen j\u00e4\u00e4kiekkoilija<strong class=\"typography-bold\">\u00a0<\/strong><a class=\"underline\" data-testid=\"external-link\" href=\"https:\/\/www.mtvuutiset.fi\/artikkeli\/jere-karalahti-vangittu-epailtyna-torkeasta-huumerikoksesta\/9233148\" rel=\"noopener noreferrer nofollow\" data-sentry-component=\"ExternalLink\" data-sentry-source-file=\"ExternalLink.tsx\" target=\"_blank\"><strong class=\"typography-bold\">Jere Karalahti<\/strong> vangittiin ep\u00e4iltyn\u00e4 t\u00f6rke\u00e4st\u00e4 huumausainerikoksesta t\u00e4n\u00e4\u00e4n.<\/a> Ep\u00e4illyn rikoksen tekoaika on t\u00e4m\u00e4n vuoden kes\u00e4kuun ensimm\u00e4isest\u00e4 p\u00e4iv\u00e4st\u00e4 l\u00e4htien syyskuun 29. p\u00e4iv\u00e4\u00e4n.<\/p>\n<p>MTV Uutiset tavoitti jutun tutkinnanjohtajan. H\u00e4n ei kommentoi sit\u00e4, mist\u00e4 huumeesta tai huumeista on kyse. Poliisi ei my\u00f6sk\u00e4\u00e4n kommentoi, ep\u00e4ill\u00e4\u00e4nk\u00f6 asiassa huumeiden maahantuontia, levitt\u00e4mist\u00e4 vai molempia.<\/p>\n<p>MTV Uutiset ei ole tavoittanut Nannan kommentoimaan asiaa.<\/p>\n<p><strong class=\"typography-bold\">Lue lis\u00e4\u00e4:\u00a0<\/strong><a class=\"underline\" data-testid=\"external-link\" href=\"https:\/\/www.mtvuutiset.fi\/artikkeli\/seiska-jere-ja-nanna-karalahden-avioero-on-lopullinen\/9032890\" rel=\"noopener noreferrer nofollow\" data-sentry-component=\"ExternalLink\" data-sentry-source-file=\"ExternalLink.tsx\" target=\"_blank\"><strong class=\"typography-bold\">Seiska: Jere ja Nanna Karalahden avioero on lopullinen<\/strong><\/a><\/p>\n<p><a class=\"underline\" data-testid=\"external-link\" href=\"https:\/\/www.mtvuutiset.fi\/aihe\/nanna-karalahti\/5947492\" rel=\"noopener noreferrer nofollow\" data-sentry-component=\"ExternalLink\" data-sentry-source-file=\"ExternalLink.tsx\" target=\"_blank\"><strong class=\"typography-bold\">Nanna<\/strong><\/a> ja<strong class=\"typography-bold\">\u00a0<\/strong><a class=\"underline\" data-testid=\"external-link\" href=\"https:\/\/www.mtvuutiset.fi\/aihe\/jere-karalahti\/2963732\" rel=\"noopener noreferrer nofollow\" data-sentry-component=\"ExternalLink\" data-sentry-source-file=\"ExternalLink.tsx\" target=\"_blank\"><strong class=\"typography-bold\">Jere Karalahdella<\/strong><\/a> on kolme yhteist\u00e4 lasta. Karalahtien\u00a0<a class=\"underline\" data-testid=\"external-link\" href=\"https:\/\/www.mtvuutiset.fi\/artikkeli\/seiska-jere-ja-nanna-karalahden-avioero-on-lopullinen\/9032890\" rel=\"noopener noreferrer nofollow\" data-sentry-component=\"ExternalLink\" data-sentry-source-file=\"ExternalLink.tsx\" target=\"_blank\">avioero astui voimaan kes\u00e4kuussa 2024<\/a>.\u00a0<\/p>\n<p>Nanna Karalahti kertoi MTV Uutisille viime huhtikuussa, ett\u00e4 h\u00e4n muutti alkuvuodesta ex-parin kolmen lapsen kanssa Keravalta Espooseen.\u00a0<\/p>\n<p>Lue my\u00f6s: <a class=\"underline\" data-testid=\"internal-link\" role=\"link\" data-sentry-element=\"Link\" data-sentry-component=\"InternalLink\" data-sentry-source-file=\"InternalLink.tsx\" href=\"https:\/\/www.mtvuutiset.fi\/artikkeli\/jere-karalahti-vangittuna-nain-nanna-karalahti-kertoi-lasten-huoltajuuskuvioista-kevaalla\/9233166\" rel=\"nofollow noopener\" target=\"_blank\">Jere Karalahti vangittu \u2013 n\u00e4in Nanna Karalahti kertoi perheen tilanteesta kev\u00e4\u00e4ll\u00e4<\/a><\/p>\n<p>H\u00e4nen mukaansa huoltajuuskuviot ovat t\u00e4ll\u00e4 hetkell\u00e4 hyvin selke\u00e4t.\u00a0<\/p>\n<p>\u2013 Kuvio on nyt todella selke\u00e4: miten homma toimii ja millaista arki on. Olemme Jeren kanssa tietysti v\u00e4leiss\u00e4. Meill\u00e4 on kolme yhteist\u00e4 lasta. Ajattelen, ett\u00e4 meid\u00e4n lasten pit\u00e4\u00e4 tiet\u00e4\u00e4, miten siistit vanhemmat heill\u00e4 on. Vaikka mik\u00e4 tilanne olisi, niin he tulevat tiet\u00e4m\u00e4\u00e4n, ett\u00e4 heill\u00e4 on todella siisti is\u00e4, Nanna Karalahti sanoi huhtikuussa.\u00a0<\/p>\n<p><script async src=\"\/\/www.instagram.com\/embed.js\"><\/script><\/p>\n","protected":false},"excerpt":{"rendered":"Nanna Karalahti julkaisi sosiaalisessa mediassa tunteellisen p\u00e4ivityksen. Hyvinvointivalmentaja Nanna Karalahti avaa tuntemuksiaan Instagram-tilin tarinoissa. Julkaisut ovat n\u00e4ht\u00e4vill\u00e4 24&hellip;\n","protected":false},"author":2,"featured_media":51854,"comment_status":"","ping_status":"","sticky":false,"template":"","format":"standard","meta":{"footnotes":""},"categories":[136],"tags":[407,137,33,31,30,408,32,109],"class_list":{"0":"post-51853","1":"post","2":"type-post","3":"status-publish","4":"format-standard","5":"has-post-thumbnail","7":"category-julkkikset","8":"tag-celebrities","9":"tag-entertainment","10":"tag-fi","11":"tag-finland","12":"tag-finnish","13":"tag-julkkikset","14":"tag-suomi","15":"tag-viihde"},"share_on_mastodon":{"url":"","error":""},"_links":{"self":[{"href":"https:\/\/www.europesays.com\/fi\/wp-json\/wp\/v2\/posts\/51853","targetHints":{"allow":["GET"]}}],"collection":[{"href":"https:\/\/www.europesays.com\/fi\/wp-json\/wp\/v2\/posts"}],"about":[{"href":"https:\/\/www.europesays.com\/fi\/wp-json\/wp\/v2\/types\/post"}],"author":[{"embeddable":true,"href":"https:\/\/www.europesays.com\/fi\/wp-json\/wp\/v2\/users\/2"}],"replies":[{"embeddable":true,"href":"https:\/\/www.europesays.com\/fi\/wp-json\/wp\/v2\/comments?post=51853"}],"version-history":[{"count":0,"href":"https:\/\/www.europesays.com\/fi\/wp-json\/wp\/v2\/posts\/51853\/revisions"}],"wp:featuredmedia":[{"embeddable":true,"href":"https:\/\/www.europesays.com\/fi\/wp-json\/wp\/v2\/media\/51854"}],"wp:attachment":[{"href":"https:\/\/www.europesays.com\/fi\/wp-json\/wp\/v2\/media?parent=51853"}],"wp:term":[{"taxonomy":"category","embeddable":true,"href":"https:\/\/www.europesays.com\/fi\/wp-json\/wp\/v2\/categories?post=51853"},{"taxonomy":"post_tag","embeddable":true,"href":"https:\/\/www.europesays.com\/fi\/wp-json\/wp\/v2\/tags?post=51853"}],"curies":[{"name":"wp","href":"https:\/\/api.w.org\/{rel}","templated":true}]}}