{"id":51859,"date":"2025-10-02T22:54:10","date_gmt":"2025-10-02T22:54:10","guid":{"rendered":"https:\/\/www.europesays.com\/fi\/51859\/"},"modified":"2025-10-02T22:54:10","modified_gmt":"2025-10-02T22:54:10","slug":"naita-vaihtoautoja-myytiin-eniten-verkkouutiset","status":"publish","type":"post","link":"https:\/\/www.europesays.com\/fi\/51859\/","title":{"rendered":"N\u00e4it\u00e4 vaihtoautoja myytiin eniten | Verkkouutiset"},"content":{"rendered":"<p class=\"ai-optimize-6 ai-optimize-introduction\">Suomen suurin autojen markkinapaikka Nettiauto on julkaissut vaihtoautojen myyntitiedot syyskuulta.<\/p>\n<p class=\"ai-optimize-7\">Nettiautossa ilmoitettuja henkil\u00f6autoja myytiin yhteens\u00e4 reilut 58 000, mik\u00e4 on noin 12 prosenttia enemm\u00e4n viime vuoden syyskuuhun verrattuna.<\/p>\n<p class=\"ai-optimize-8\">Vaihtoautojen mediaanihinta oli syyskuussa 12 prosenttia pienempi kuin vuonna 2024 samaan aikaan.<\/p>\n<p class=\"ai-optimize-18\">Volkswagen Golf on pit\u00e4nyt ykk\u00f6ssijaa suomalaisten eniten myytyn\u00e4 vaihtoautona jo vuosia. My\u00f6s muut listan mallit ovat vakiinnuttaneet paikkansa myydyimpien joukossa.<\/p>\n<p class=\"ai-optimize-6\">S\u00e4hk\u00f6autoissa tietyt mallit ovat selke\u00e4sti suosituimpia, vaikka kolmen k\u00e4rjess\u00e4 onkin t\u00e4n\u00e4 vuonna tapahtunut muutoksia. Polestar 2 viihtyi pitk\u00e4\u00e4n myydyimp\u00e4n\u00e4, mutta Volkswagenin ID.4 nousi syyskuussa niukasti ohi. ID.4 menee Nettiauton mukaan t\u00e4ll\u00e4 hetkell\u00e4 my\u00f6s nopeasti kaupaksi.<\/p>\n<p><strong>Myydyimm\u00e4t vaihtoautot syyskuussa<\/strong><\/p>\n<ol>\n<li class=\"ai-optimize-10\">Volkswagen Golf<\/li>\n<li class=\"ai-optimize-11\">Skoda Octavia<\/li>\n<li class=\"ai-optimize-12\">Mercedes-Benz C<\/li>\n<li class=\"ai-optimize-13\">Toyota Corolla<\/li>\n<li class=\"ai-optimize-14\">Volkswagen Passat<\/li>\n<li class=\"ai-optimize-15\">Mercedes-Benz\u00a0E<\/li>\n<li class=\"ai-optimize-16\">Audi A4<\/li>\n<li class=\"ai-optimize-17\">Ford Focus<\/li>\n<li class=\"ai-optimize-18\">Toyota\u00a0Yaris<\/li>\n<li class=\"ai-optimize-19\">Volvo V70<\/li>\n<\/ol>\n<p><strong>Myydyimm\u00e4t s\u00e4hk\u00f6autot syyskuussa<\/strong><\/p>\n<ol>\n<li class=\"ai-optimize-8\">Volkswagen ID.4<\/li>\n<li class=\"ai-optimize-9\">Polestar\u00a02<\/li>\n<li class=\"ai-optimize-10\">Tesla\u00a0Model\u00a03<\/li>\n<li class=\"ai-optimize-11\">Skoda\u00a0Enyaq<\/li>\n<li class=\"ai-optimize-12\">Tesla\u00a0Model\u00a0Y<\/li>\n<li class=\"ai-optimize-13\">Audi Q4 e-tron<\/li>\n<li class=\"ai-optimize-14\">Volvo XC40<\/li>\n<li class=\"ai-optimize-15\">Audi e-tron<\/li>\n<li class=\"ai-optimize-16\">Volkswagen ID.3<\/li>\n<li class=\"ai-optimize-17\">Kia EV6<\/li>\n<\/ol>\n","protected":false},"excerpt":{"rendered":"Suomen suurin autojen markkinapaikka Nettiauto on julkaissut vaihtoautojen myyntitiedot syyskuulta. Nettiautossa ilmoitettuja henkil\u00f6autoja myytiin yhteens\u00e4 reilut 58 000,&hellip;\n","protected":false},"author":2,"featured_media":51860,"comment_status":"","ping_status":"","sticky":false,"template":"","format":"standard","meta":{"footnotes":""},"categories":[76],"tags":[6051,79,77,33,31,30,32,78],"class_list":{"0":"post-51859","1":"post","2":"type-post","3":"status-publish","4":"format-standard","5":"has-post-thumbnail","7":"category-talous","8":"tag-autoilu","9":"tag-business","10":"tag-economy","11":"tag-fi","12":"tag-finland","13":"tag-finnish","14":"tag-suomi","15":"tag-talous"},"share_on_mastodon":{"url":"","error":""},"_links":{"self":[{"href":"https:\/\/www.europesays.com\/fi\/wp-json\/wp\/v2\/posts\/51859","targetHints":{"allow":["GET"]}}],"collection":[{"href":"https:\/\/www.europesays.com\/fi\/wp-json\/wp\/v2\/posts"}],"about":[{"href":"https:\/\/www.europesays.com\/fi\/wp-json\/wp\/v2\/types\/post"}],"author":[{"embeddable":true,"href":"https:\/\/www.europesays.com\/fi\/wp-json\/wp\/v2\/users\/2"}],"replies":[{"embeddable":true,"href":"https:\/\/www.europesays.com\/fi\/wp-json\/wp\/v2\/comments?post=51859"}],"version-history":[{"count":0,"href":"https:\/\/www.europesays.com\/fi\/wp-json\/wp\/v2\/posts\/51859\/revisions"}],"wp:featuredmedia":[{"embeddable":true,"href":"https:\/\/www.europesays.com\/fi\/wp-json\/wp\/v2\/media\/51860"}],"wp:attachment":[{"href":"https:\/\/www.europesays.com\/fi\/wp-json\/wp\/v2\/media?parent=51859"}],"wp:term":[{"taxonomy":"category","embeddable":true,"href":"https:\/\/www.europesays.com\/fi\/wp-json\/wp\/v2\/categories?post=51859"},{"taxonomy":"post_tag","embeddable":true,"href":"https:\/\/www.europesays.com\/fi\/wp-json\/wp\/v2\/tags?post=51859"}],"curies":[{"name":"wp","href":"https:\/\/api.w.org\/{rel}","templated":true}]}}