{"id":51865,"date":"2025-10-02T22:57:10","date_gmt":"2025-10-02T22:57:10","guid":{"rendered":"https:\/\/www.europesays.com\/fi\/51865\/"},"modified":"2025-10-02T22:57:10","modified_gmt":"2025-10-02T22:57:10","slug":"britannian-starmer-manchesterin-hyokkaajan-motiivina-oli-halu-vahingoittaa-juutalaisia-uutisia-lyhyesti","status":"publish","type":"post","link":"https:\/\/www.europesays.com\/fi\/51865\/","title":{"rendered":"Britannian Starmer: Manchesterin hy\u00f6kk\u00e4\u00e4j\u00e4n motiivina oli halu vahingoittaa juutalaisia | Uutisia lyhyesti"},"content":{"rendered":"<p>2.10. 19:59\u2022P\u00e4ivitetty 2.10. 21:30<\/p>\n<p class=\"aw-1gybjub aw-1p7kakr cmIuaG fmSRng yle__article__paragraph\">Britannian p\u00e4\u00e4ministeri <strong class=\"aw-ak79eh KyCXm yle__article__strong\">Keir Starmerin<\/strong> mukaan Manchesterin hy\u00f6kk\u00e4\u00e4j\u00e4n motiivina oli halu vahingoittaa juutalaisia.<\/p>\n<p class=\"aw-1gybjub aw-1p7kakr cmIuaG fmSRng yle__article__paragraph\">Torstaiaamuna Manchesterissa synagogan l\u00e4heisyydess\u00e4 <a class=\"aw-iao6s4 iHOxEa yle__article__link\" href=\"https:\/\/yle.fi\/a\/74-20186288\" role=\"link\" rel=\"nofollow noopener\" target=\"_blank\">tehtiin isku<\/a>, jossa ep\u00e4ilty ajoi autollaan v\u00e4kijoukkoon ja hy\u00f6kk\u00e4si sen j\u00e4lkeen puukolla ihmisten kimppuun. Iskussa kuoli ainakin kaksi henkil\u00f6\u00e4, ja poliisi ampui ep\u00e4illyn tekij\u00e4n paikan p\u00e4\u00e4ll\u00e4.<\/p>\n<p class=\"aw-1gybjub aw-1p7kakr cmIuaG fmSRng yle__article__paragraph\">Poliisi pit\u00e4\u00e4 tapausta terroritekona. Starmer nimitti ep\u00e4ilty\u00e4 \u201dalhaiseksi yksil\u00f6ksi\u201d, joka teko terrori-iskun juutalaisia vastaan vain siksi, ett\u00e4 he ovat juutalaisia.<\/p>\n<p class=\"aw-1gybjub aw-1p7kakr cmIuaG fmSRng yle__article__paragraph\">Puheessaan Starmer my\u00f6s varoitti juutalaisvastaisuuden kasvusta ja sanoi, ett\u00e4 Britannian pit\u00e4\u00e4 toimita juutalaisvastaisuuden kitkemiseksi.<\/p>\n<p class=\"aw-1gybjub aw-1p7kakr cmIuaG fmSRng yle__article__paragraph\">L\u00e4hteet: Reuters, STT<\/p>\n","protected":false},"excerpt":{"rendered":"2.10. 19:59\u2022P\u00e4ivitetty 2.10. 21:30 Britannian p\u00e4\u00e4ministeri Keir Starmerin mukaan Manchesterin hy\u00f6kk\u00e4\u00e4j\u00e4n motiivina oli halu vahingoittaa juutalaisia. Torstaiaamuna Manchesterissa&hellip;\n","protected":false},"author":2,"featured_media":74,"comment_status":"","ping_status":"","sticky":false,"template":"","format":"standard","meta":{"footnotes":""},"categories":[5],"tags":[22,23,1775,26,27,33,31,30,17,24,25,28,29,15,18,21,32,19,20,56,16],"class_list":{"0":"post-51865","1":"post","2":"type-post","3":"status-publish","4":"format-standard","5":"has-post-thumbnail","7":"category-otsikot","8":"tag-breaking-news","9":"tag-breakingnews","10":"tag-britannia","11":"tag-featured-news","12":"tag-featurednews","13":"tag-fi","14":"tag-finland","15":"tag-finnish","16":"tag-headlines","17":"tag-latest-news","18":"tag-latestnews","19":"tag-main-news","20":"tag-mainnews","21":"tag-news","22":"tag-otsikot","23":"tag-paauutiset","24":"tag-suomi","25":"tag-top-stories","26":"tag-topstories","27":"tag-ulkomaat","28":"tag-uutiset"},"share_on_mastodon":{"url":"","error":""},"_links":{"self":[{"href":"https:\/\/www.europesays.com\/fi\/wp-json\/wp\/v2\/posts\/51865","targetHints":{"allow":["GET"]}}],"collection":[{"href":"https:\/\/www.europesays.com\/fi\/wp-json\/wp\/v2\/posts"}],"about":[{"href":"https:\/\/www.europesays.com\/fi\/wp-json\/wp\/v2\/types\/post"}],"author":[{"embeddable":true,"href":"https:\/\/www.europesays.com\/fi\/wp-json\/wp\/v2\/users\/2"}],"replies":[{"embeddable":true,"href":"https:\/\/www.europesays.com\/fi\/wp-json\/wp\/v2\/comments?post=51865"}],"version-history":[{"count":0,"href":"https:\/\/www.europesays.com\/fi\/wp-json\/wp\/v2\/posts\/51865\/revisions"}],"wp:featuredmedia":[{"embeddable":true,"href":"https:\/\/www.europesays.com\/fi\/wp-json\/wp\/v2\/media\/74"}],"wp:attachment":[{"href":"https:\/\/www.europesays.com\/fi\/wp-json\/wp\/v2\/media?parent=51865"}],"wp:term":[{"taxonomy":"category","embeddable":true,"href":"https:\/\/www.europesays.com\/fi\/wp-json\/wp\/v2\/categories?post=51865"},{"taxonomy":"post_tag","embeddable":true,"href":"https:\/\/www.europesays.com\/fi\/wp-json\/wp\/v2\/tags?post=51865"}],"curies":[{"name":"wp","href":"https:\/\/api.w.org\/{rel}","templated":true}]}}