{"id":51866,"date":"2025-10-02T23:09:11","date_gmt":"2025-10-02T23:09:11","guid":{"rendered":"https:\/\/www.europesays.com\/fi\/51866\/"},"modified":"2025-10-02T23:09:11","modified_gmt":"2025-10-02T23:09:11","slug":"ellinoora-ja-emma-karasjoki-keskustelevat-mielenterveydesta-gogin-kantabaarissa","status":"publish","type":"post","link":"https:\/\/www.europesays.com\/fi\/51866\/","title":{"rendered":"Ellinoora ja Emma Karasjoki keskustelevat mielenterveydest\u00e4 Gogin kantabaarissa"},"content":{"rendered":"<p>\n            20250214, Tampere. Iskelm\u00e4 Gaala 2025. Kuvassa Ellinoora.<br \/>\n            Timo Korhonen\n        <\/p>\n<p class=\"subtitle \">Artisti Ellinoora kertoo terapiamatkastaan Gogin kantabaarissa.<\/p>\n<p class=\"article-content article-content-width !bg-background\">Artisti \u00a0on keskustelemassa muun muassa\u00a0mielenterveydest\u00e4 Gogin kantabaarin tuoreessa jaksossa.<\/p>\n<p class=\"italic m-italic article-content article-content-width !bg-background\">Arkistovideo: N\u00e4in Ellinooran tyyli on muuttunut.<\/p>\n<p class=\"article-content article-content-width !bg-background\">\u2013 Sin\u00e4kin olet Ellinoora julkisesti puhunut, ett\u00e4 olet k\u00e4ynyt terapiassa. Se on aikamoinen tabu yh\u00e4, vaikka ei kuuluisi olla yht\u00e4\u00e4n, podcastin juontaja  pohjustaa.<\/p>\n<p class=\"article-content article-content-width !bg-background\">\u2013 T\u00e4m\u00e4 ehk\u00e4 kertoo siit\u00e4, ett\u00e4 kuinka kuplautunutta oma el\u00e4m\u00e4 on. Ei se minulle ole mik\u00e4\u00e4n asia, Ellinoora kertoo.<\/p>\n<p class=\"article-content article-content-width !bg-background\">Artisti mainitsee, ett\u00e4 monet samalla alalla ty\u00f6skentelev\u00e4t ovat saaneet ty\u00f6nohjausta tai keskusteluapua. Ellinoora kertoo k\u00e4yneens\u00e4 psykoterapiassa seitsem\u00e4n vuoden ajan. H\u00e4n kertoo oppineensa muun muassa lempeytt\u00e4 ja ymm\u00e4rryst\u00e4 niin itse\u00e4\u00e4n kuin muitakin kohtaan.<\/p>\n<p class=\"article-content article-content-width !bg-background\">\u2013 Suosittelen l\u00e4mpim\u00e4sti kaikille. Kaikilla on erilaiset tilanteet ja erilaiset tavat k\u00e4sitell\u00e4 asioita, Ellinoora sanoo.<\/p>\n<p class=\"article-content article-content-width !bg-background\">H\u00e4n nostaa esille muun muassa otsikot terapiasta ja ihmisi\u00e4, jotka ovat saaneet avun, madaltavat kynnyst\u00e4 muille puhua mielenterveydest\u00e4\u00e4n.<\/p>\n<p>        <a itemprop=\"url\" href=\"https:\/\/www.seiska.fi\/katso\/talta-nayttaa-ellinooran-puoliso-esiintyi-vain-elamaa-lavalla\/1146263\" rel=\"nofollow noopener\" target=\"_blank\"><\/p>\n<p class=\"section-date\">\n        <strong class=\"article-section\" data-section=\"katso\"><br \/>\n            katso<br \/>\n        <\/strong><br \/>\n        29.9.2023 21:15\n    <\/p>\n<p>T\u00e4lt\u00e4 n\u00e4ytt\u00e4\u00e4 Ellinooran puoliso! Esiintyi Vain el\u00e4m\u00e4\u00e4 -lavalla\n    <\/p>\n<p itemprop=\"description\" class=\"subtitle \">\n    Ellinooran tuottajapuoliso Samuli Sirvi\u00f6 yll\u00e4tti rakkaansa yhdess\u00e4 H\u00e4t\u00e4-Miikan kanssa Vain el\u00e4m\u00e4\u00e4 -ohjelmassa.\n<\/p>\n<p>        <\/a><\/p>\n<p>Ellinoora koki henkisen lieveilmi\u00f6n<\/p>\n<p class=\"article-content article-content-width !bg-background\">\u2013 Minun olisi pit\u00e4nyt menn\u00e4 ehdottomasti aikaisemmin jo, Ellinoora my\u00f6nt\u00e4\u00e4.<\/p>\n<p class=\"article-content article-content-width !bg-background\">Kun ura l\u00e4hti kunnolla k\u00e4yntiin, Ellinoora painoi t\u00f6it\u00e4.<\/p>\n<p class=\"article-content article-content-width !bg-background\">\u2013 Huomasin yht\u00e4kki\u00e4, ett\u00e4 sulkeuduin. En en\u00e4\u00e4 vastannut viesteihin ja menin jotenkin tosi kasaan itseni kanssa, h\u00e4n sanoo.<\/p>\n<p class=\"article-content article-content-width !bg-background\">Tilanne tuntui ristiriitaiselta, sill\u00e4 asiat, joita h\u00e4n oli odottanut, vihdoin tapahtuivat. Ihmiset l\u00f6ysiv\u00e4t h\u00e4nen keikoillaan ja kuuntelivat h\u00e4nen musiikkiaan.<\/p>\n<p class=\"article-content article-content-width !bg-background\">\u2013 Sitten siin\u00e4 tuleekin henkisi\u00e4 lieveilmi\u00f6it\u00e4 sen kanssa. Se on absurdi juttu, Ellinoora summaa.<\/p>\n<p class=\"article-content article-content-width !bg-background\">H\u00e4n suosittelee puhumaan omista vaikeuksista \u00e4\u00e4nekk\u00e4\u00e4sti mieluummin kuin, ett\u00e4 niist\u00e4 k\u00e4rsii yksin hiljaa.<\/p>\n<p>        <a itemprop=\"url\" href=\"https:\/\/www.seiska.fi\/katso\/tempparit-sinkku-katuu-ohjelmaan-osallistumista-romahdus-kuvauksissa\/1933132\" rel=\"nofollow noopener\" target=\"_blank\"><\/p>\n<p>\nRomahdus kuvauksissa\n<\/p>\n<p class=\"section-date\">\n        <strong class=\"article-section\" data-section=\"katso\"><br \/>\n            katso<br \/>\n        <\/strong><br \/>\n        17.9. 08:15\n    <\/p>\n<p>Tempparit-sinkku katuu ohjelmaan osallistumista \u2013 romahdus kuvauksissa\n    <\/p>\n<p itemprop=\"description\" class=\"subtitle \">\n    Tinke kertoo Gogin kantabaarissa, ettei h\u00e4nen mielenterveytens\u00e4 ollut parhaassa mahdollisessa jamassa.\n<\/p>\n<p>        <\/a><\/p>\n<p>                <img decoding=\"async\" src=\"https:\/\/www.europesays.com\/fi\/wp-content\/uploads\/2025\/10\/1949145.webp\" width=\"576\" height=\"274\" title=\"Ellinooran mielest\u00e4 my\u00f6s hyville asioille on teht\u00e4v\u00e4 tilaa. Kuvassa artisti poseeraa vuoden 2025 Emma gaalassa.\" alt=\"20250308, Espoo. Emma-gaala 2025. Kuvassa Ellinoora.\" loading=\"lazy\" \/>            <\/p>\n<p>\n            Ellinooran mielest\u00e4 my\u00f6s hyville asioille on teht\u00e4v\u00e4 tilaa. Kuvassa artisti poseeraa vuoden 2025 Emma gaalassa.<br \/>\n            Timo Korhonen\n        <\/p>\n<p>&#8221;Tosi moni voi tosi huonosti&#8221;<\/p>\n<p class=\"article-content article-content-width !bg-background\">Ellinoora t\u00e4ytti viime vuoden puolella 30. H\u00e4nell\u00e4 oli merkkip\u00e4iv\u00e4n kunniaksi juhlakiertue, jolla h\u00e4n lauloi viel\u00e4 silloin julkaisematonta Ahdistuksen aika -kappalettaan. Kappaleen h\u00e4n kirjoitti vuonna 2021, kun h\u00e4n paloi loppuun. H\u00e4n kuvailee aikaa haastavaksi.<\/p>\n<p class=\"article-content article-content-width !bg-background\">\u2013 Teksti on kirjoitettu silloin. Mietin ensin, ett\u00e4 pit\u00e4\u00e4k\u00f6 t\u00e4t\u00e4 jotenkin editoida, koska t\u00e4m\u00e4 her\u00e4tt\u00e4\u00e4 minussa h\u00e4pe\u00e4\u00e4 ja heikkoutta. Sitten mietin, ett\u00e4 en ole ihminen enk\u00e4 tekij\u00e4, jos en pist\u00e4 t\u00e4t\u00e4 ihmisille, Ellinoora sanoo.<\/p>\n<p class=\"article-content article-content-width !bg-background\">Juhlakiertueella Ellinoora lauloi kappalettaan ihmisten joukossa eli yleis\u00f6n seassa. H\u00e4n huomasi, kuinka vakavakasvoiset ihmiset alkoivat itke\u00e4, kuten h\u00e4nkin.<\/p>\n<p class=\"article-content article-content-width !bg-background\">\u2013 Tosi moni voi tosi huonosti, ja siit\u00e4 ei puhuta mielest\u00e4ni tarpeeksi. Vasta sitten kun on ne otsikot, ett\u00e4 h\u00e4nen el\u00e4m\u00e4ns\u00e4 ei p\u00e4\u00e4ttynyt hyvin.<\/p>\n<p class=\"article-content article-content-width !bg-background\">\u2013 Mielest\u00e4ni meid\u00e4n pit\u00e4isi tehd\u00e4 yhteisesti, kollektiivisesti t\u00f6it\u00e4 sen eteen, ett\u00e4 ne patsaat pystytet\u00e4\u00e4n silloin, kun ihmiset el\u00e4v\u00e4t ja sanoa ne jutut silloin, kun olemme t\u00e4\u00e4ll\u00e4, eik\u00e4 postuumisti.<\/p>\n<p class=\"article-content article-content-width !bg-background\">Terapia on auttanut Ellinooraa siin\u00e4, ettei h\u00e4nen analyyttinen puolensa tule tekstin tielle.<\/p>\n<p>        <a itemprop=\"url\" href=\"https:\/\/www.seiska.fi\/katso\/podcast-juhani-koskinen-avautuu-tinder-kokemuksistaan\/1941903\" rel=\"nofollow noopener\" target=\"_blank\"><\/p>\n<p>\nJuhani Koskinen podcastissa:\n<\/p>\n<p class=\"section-date\">\n        <strong class=\"article-section\" data-section=\"katso\"><br \/>\n            katso<br \/>\n        <\/strong><br \/>\n        26.9. 09:15\n    <\/p>\n<p>Podcast: Juhani Koskinen avautuu Tinder-kokemuksistaan\n    <\/p>\n<p itemprop=\"description\" class=\"subtitle \">\n    Juhani Koskinen kertoo Gogin kantabaarissa parisuhdehaaveistaan ja erostaan Veronica Verhon kanssa.\n<\/p>\n<p>        <\/a><\/p>\n<p class=\"italic m-italic article-content article-content-width !bg-background\">Gogin kantabaari keskiviikkoisin Yle Areenassa.<\/p>\n","protected":false},"excerpt":{"rendered":"20250214, Tampere. Iskelm\u00e4 Gaala 2025. Kuvassa Ellinoora. Timo Korhonen Artisti Ellinoora kertoo terapiamatkastaan Gogin kantabaarissa. Artisti \u00a0on keskustelemassa&hellip;\n","protected":false},"author":2,"featured_media":51867,"comment_status":"","ping_status":"","sticky":false,"template":"","format":"standard","meta":{"footnotes":""},"categories":[136],"tags":[407,12213,12703,137,33,31,30,4898,408,1346,2923,32,1652,109,913],"class_list":{"0":"post-51866","1":"post","2":"type-post","3":"status-publish","4":"format-standard","5":"has-post-thumbnail","7":"category-julkkikset","8":"tag-celebrities","9":"tag-ellinoora","10":"tag-emma-karasjoki","11":"tag-entertainment","12":"tag-fi","13":"tag-finland","14":"tag-finnish","15":"tag-gogin-kantabaari","16":"tag-julkkikset","17":"tag-mielenterveys","18":"tag-podcast","19":"tag-suomi","20":"tag-terapia","21":"tag-viihde","22":"tag-yle-areena"},"share_on_mastodon":{"url":"","error":""},"_links":{"self":[{"href":"https:\/\/www.europesays.com\/fi\/wp-json\/wp\/v2\/posts\/51866","targetHints":{"allow":["GET"]}}],"collection":[{"href":"https:\/\/www.europesays.com\/fi\/wp-json\/wp\/v2\/posts"}],"about":[{"href":"https:\/\/www.europesays.com\/fi\/wp-json\/wp\/v2\/types\/post"}],"author":[{"embeddable":true,"href":"https:\/\/www.europesays.com\/fi\/wp-json\/wp\/v2\/users\/2"}],"replies":[{"embeddable":true,"href":"https:\/\/www.europesays.com\/fi\/wp-json\/wp\/v2\/comments?post=51866"}],"version-history":[{"count":0,"href":"https:\/\/www.europesays.com\/fi\/wp-json\/wp\/v2\/posts\/51866\/revisions"}],"wp:featuredmedia":[{"embeddable":true,"href":"https:\/\/www.europesays.com\/fi\/wp-json\/wp\/v2\/media\/51867"}],"wp:attachment":[{"href":"https:\/\/www.europesays.com\/fi\/wp-json\/wp\/v2\/media?parent=51866"}],"wp:term":[{"taxonomy":"category","embeddable":true,"href":"https:\/\/www.europesays.com\/fi\/wp-json\/wp\/v2\/categories?post=51866"},{"taxonomy":"post_tag","embeddable":true,"href":"https:\/\/www.europesays.com\/fi\/wp-json\/wp\/v2\/tags?post=51866"}],"curies":[{"name":"wp","href":"https:\/\/api.w.org\/{rel}","templated":true}]}}