{"id":51874,"date":"2025-10-02T23:22:09","date_gmt":"2025-10-02T23:22:09","guid":{"rendered":"https:\/\/www.europesays.com\/fi\/51874\/"},"modified":"2025-10-02T23:22:09","modified_gmt":"2025-10-02T23:22:09","slug":"polttoaineiden-verotus-kevenemassa-satakunnan-kansa","status":"publish","type":"post","link":"https:\/\/www.europesays.com\/fi\/51874\/","title":{"rendered":"Polttoaineiden verotus kevenem\u00e4ss\u00e4 &#8211; Satakunnan Kansa"},"content":{"rendered":"<p>Verotuksen kevent\u00e4misen lasketaan v\u00e4hent\u00e4v\u00e4n valtion energiaverotuloja ensi vuonna noin 50 miljoonalla eurolla ja sit\u00e4 seuraavana vuonna 96 miljoonalla eurolla.<\/p>\n<p>2.10. 17:24<\/p>\n<p class=\"article-body mb-nof-24 px-nof-16\">Hallitus <a class=\"article-genericlink\" href=\"https:\/\/valtioneuvosto.fi\/-\/10623\/liikennepolttoaineiden-verotus-kevenee\" rel=\"nofollow noopener\" target=\"_blank\">esitt\u00e4\u00e4<\/a> polttoaineiden verotuksen kevent\u00e4mist\u00e4.<\/p>\n<p class=\"article-body mb-nof-24 px-nof-16\">Esityksen mukaan bensiinin ja sit\u00e4 korvaavien biopolttoaineiden veronkevennys olisi keskim\u00e4\u00e4rin 2,7 sentti\u00e4 litralta. Dieselin ja sit\u00e4 korvaavien biopolttoaineiden vero taas alenisi keskim\u00e4\u00e4rin 2,4 sentti\u00e4 litralta.<\/p>\n<p class=\"article-body mb-nof-24 px-nof-16\">Verotuksen kevent\u00e4misen lasketaan v\u00e4hent\u00e4v\u00e4n valtion energiaverotuloja ensi vuonna noin 50 miljoonalla eurolla ja sit\u00e4 seuraavana vuonna 96 miljoonalla eurolla.<\/p>\n<p class=\"article-body mb-nof-24 px-nof-16\">Ehdotus perustuu <a class=\"article-personlink\" href=\"https:\/\/www.satakunnankansa.fi\/haku\/?query=Petteri%20Orpon\" rel=\"nofollow noopener\" target=\"_blank\">Petteri Orpon<\/a> (kok.) hallituksen hallitusohjelmaan ja on osa ensi vuoden talousarvioesityst\u00e4.<\/p>\n","protected":false},"excerpt":{"rendered":"Verotuksen kevent\u00e4misen lasketaan v\u00e4hent\u00e4v\u00e4n valtion energiaverotuloja ensi vuonna noin 50 miljoonalla eurolla ja sit\u00e4 seuraavana vuonna 96 miljoonalla&hellip;\n","protected":false},"author":2,"featured_media":51875,"comment_status":"","ping_status":"","sticky":false,"template":"","format":"standard","meta":{"footnotes":""},"categories":[12],"tags":[22,23,26,27,33,31,30,17,24,25,28,29,15,18,21,80,32,19,20,16],"class_list":{"0":"post-51874","1":"post","2":"type-post","3":"status-publish","4":"format-standard","5":"has-post-thumbnail","7":"category-suomi","8":"tag-breaking-news","9":"tag-breakingnews","10":"tag-featured-news","11":"tag-featurednews","12":"tag-fi","13":"tag-finland","14":"tag-finnish","15":"tag-headlines","16":"tag-latest-news","17":"tag-latestnews","18":"tag-main-news","19":"tag-mainnews","20":"tag-news","21":"tag-otsikot","22":"tag-paauutiset","23":"tag-satakunnan-kansa","24":"tag-suomi","25":"tag-top-stories","26":"tag-topstories","27":"tag-uutiset"},"share_on_mastodon":{"url":"","error":""},"_links":{"self":[{"href":"https:\/\/www.europesays.com\/fi\/wp-json\/wp\/v2\/posts\/51874","targetHints":{"allow":["GET"]}}],"collection":[{"href":"https:\/\/www.europesays.com\/fi\/wp-json\/wp\/v2\/posts"}],"about":[{"href":"https:\/\/www.europesays.com\/fi\/wp-json\/wp\/v2\/types\/post"}],"author":[{"embeddable":true,"href":"https:\/\/www.europesays.com\/fi\/wp-json\/wp\/v2\/users\/2"}],"replies":[{"embeddable":true,"href":"https:\/\/www.europesays.com\/fi\/wp-json\/wp\/v2\/comments?post=51874"}],"version-history":[{"count":0,"href":"https:\/\/www.europesays.com\/fi\/wp-json\/wp\/v2\/posts\/51874\/revisions"}],"wp:featuredmedia":[{"embeddable":true,"href":"https:\/\/www.europesays.com\/fi\/wp-json\/wp\/v2\/media\/51875"}],"wp:attachment":[{"href":"https:\/\/www.europesays.com\/fi\/wp-json\/wp\/v2\/media?parent=51874"}],"wp:term":[{"taxonomy":"category","embeddable":true,"href":"https:\/\/www.europesays.com\/fi\/wp-json\/wp\/v2\/categories?post=51874"},{"taxonomy":"post_tag","embeddable":true,"href":"https:\/\/www.europesays.com\/fi\/wp-json\/wp\/v2\/tags?post=51874"}],"curies":[{"name":"wp","href":"https:\/\/api.w.org\/{rel}","templated":true}]}}