{"id":51878,"date":"2025-10-02T23:35:09","date_gmt":"2025-10-02T23:35:09","guid":{"rendered":"https:\/\/www.europesays.com\/fi\/51878\/"},"modified":"2025-10-02T23:35:09","modified_gmt":"2025-10-02T23:35:09","slug":"vain-elamaa-jonna-tervomaa-ja-mikki-kauste-seurustelivat-paljastaa-bandikaveri-hs-fi","status":"publish","type":"post","link":"https:\/\/www.europesays.com\/fi\/51878\/","title":{"rendered":"Vain el\u00e4m\u00e4\u00e4 | Jonna Tervomaa ja Mikki Kauste seurustelivat, paljastaa b\u00e4ndikaveri &#8211; HS.fi"},"content":{"rendered":"<ol>\n<li><a href=\"https:\/\/news.google.com\/rss\/articles\/CBMiX0FVX3lxTE9EWkFvaENueDNjVHlJeHUzWU5vWmJ3cUpodHhjNTVNbmVJWHdVdVcxWGtRUlB1MWxvWHkzMDhVMVNHbnpuV2pKbVVyWXNMYU00R0dtS3NWSU9memNDNDBB?oc=5\" target=\"_blank\" rel=\"nofollow noopener\">Vain el\u00e4m\u00e4\u00e4 | Jonna Tervomaa ja Mikki Kauste seurustelivat, paljastaa b\u00e4ndikaveri<\/a>&nbsp;&nbsp;HS.fi<\/li>\n<li><a href=\"https:\/\/news.google.com\/rss\/articles\/CBMiW0FVX3lxTE1wTExRbTFxWGQ2NnN0dVdVYmpTZTNuZWdpMjNjRWlQWXRNMTJobFN4TEFrM0hqWHk0TDlSV1ZYQnVPV3h2RGZTd1ZobTlKbGdIWmo5U0g0YndFOFU?oc=5\" target=\"_blank\" rel=\"nofollow noopener\">Kirjapaljastus: kahdella Vain el\u00e4m\u00e4\u00e4 -t\u00e4hdell\u00e4 oli suhde<\/a>&nbsp;&nbsp;Ilta-Sanomat<\/li>\n<li><a href=\"https:\/\/news.google.com\/rss\/articles\/CBMigwFBVV95cUxPMFczS28zbXphRmk5bmJmOXdGUVlaNEhybVN1STRsRVRRNjlzQ1ptVVpWVXBjQ1NXbzdnTnpYRkNWaTJQQTd0ajgxaF9LT3cydERIN0VhNDFEdjNjVW9oTzl2SkpJNTlLLWVsRVRPc2xWVVhqNmRtczlGTWdQVVJYaFY2OA?oc=5\" target=\"_blank\" rel=\"nofollow noopener\">Kirja: Vain el\u00e4m\u00e4\u00e4 -artisteilla oli suhde<\/a>&nbsp;&nbsp;Iltalehti<\/li>\n<li><a href=\"https:\/\/news.google.com\/rss\/articles\/CBMijAFBVV95cUxQVzFCUndkdThxTW4yVTE4X0VlV250QVRBYjFUT1A1azRvWXZ6LW96YndRRXlBamFkQWdnd09YMXZqSy1yNng3cTM2cnhGeUg5eDJjZ0xmLXNhX1BZYjdyOEpKRGxCM0pZQ3BOUFRVTkdra0pJWXFtOEVSa1V2bWRnQVdyd1hueVRVY01Ndw?oc=5\" target=\"_blank\" rel=\"nofollow noopener\">HS: Vain el\u00e4m\u00e4\u00e4 -t\u00e4hdill\u00e4 salasuhde ja avoliitto!<\/a>&nbsp;&nbsp;Seiska.fi<\/li>\n<li><a href=\"https:\/\/news.google.com\/rss\/articles\/CBMihgFBVV95cUxQT2M2Q0pnb2pqVkdwTGgxa2ZMLUR2aGltaXBCb2NRaFpjaDB5eHJwOHhmVHNWSmk3b2huM0RzSHRKUTBNeFJQUnBqMTk2VVJhX1E0VFhlOFhYblgxOFJJUEVrc0FZVWdLVUNnV3RYRmlGTG1tQThZRWNjODFvTWJsN1Z1VldOUQ?oc=5\" target=\"_blank\" rel=\"nofollow noopener\">HS: Lis\u00e4\u00e4 tietoa Vain el\u00e4m\u00e4\u00e4 -parin rakkaussuhteesta<\/a>&nbsp;&nbsp;Como.fi<\/li>\n<\/ol>\n","protected":false},"excerpt":{"rendered":"Vain el\u00e4m\u00e4\u00e4 | Jonna Tervomaa ja Mikki Kauste seurustelivat, paljastaa b\u00e4ndikaveri&nbsp;&nbsp;HS.fi Kirjapaljastus: kahdella Vain el\u00e4m\u00e4\u00e4 -t\u00e4hdell\u00e4 oli suhde&nbsp;&nbsp;Ilta-Sanomat&hellip;\n","protected":false},"author":2,"featured_media":51879,"comment_status":"","ping_status":"","sticky":false,"template":"","format":"standard","meta":{"footnotes":""},"categories":[136],"tags":[407,137,33,31,30,46,408,32,109],"class_list":{"0":"post-51878","1":"post","2":"type-post","3":"status-publish","4":"format-standard","5":"has-post-thumbnail","7":"category-julkkikset","8":"tag-celebrities","9":"tag-entertainment","10":"tag-fi","11":"tag-finland","12":"tag-finnish","13":"tag-helsingin-sanomat","14":"tag-julkkikset","15":"tag-suomi","16":"tag-viihde"},"share_on_mastodon":{"url":"","error":""},"_links":{"self":[{"href":"https:\/\/www.europesays.com\/fi\/wp-json\/wp\/v2\/posts\/51878","targetHints":{"allow":["GET"]}}],"collection":[{"href":"https:\/\/www.europesays.com\/fi\/wp-json\/wp\/v2\/posts"}],"about":[{"href":"https:\/\/www.europesays.com\/fi\/wp-json\/wp\/v2\/types\/post"}],"author":[{"embeddable":true,"href":"https:\/\/www.europesays.com\/fi\/wp-json\/wp\/v2\/users\/2"}],"replies":[{"embeddable":true,"href":"https:\/\/www.europesays.com\/fi\/wp-json\/wp\/v2\/comments?post=51878"}],"version-history":[{"count":0,"href":"https:\/\/www.europesays.com\/fi\/wp-json\/wp\/v2\/posts\/51878\/revisions"}],"wp:featuredmedia":[{"embeddable":true,"href":"https:\/\/www.europesays.com\/fi\/wp-json\/wp\/v2\/media\/51879"}],"wp:attachment":[{"href":"https:\/\/www.europesays.com\/fi\/wp-json\/wp\/v2\/media?parent=51878"}],"wp:term":[{"taxonomy":"category","embeddable":true,"href":"https:\/\/www.europesays.com\/fi\/wp-json\/wp\/v2\/categories?post=51878"},{"taxonomy":"post_tag","embeddable":true,"href":"https:\/\/www.europesays.com\/fi\/wp-json\/wp\/v2\/tags?post=51878"}],"curies":[{"name":"wp","href":"https:\/\/api.w.org\/{rel}","templated":true}]}}