{"id":51882,"date":"2025-10-02T23:46:11","date_gmt":"2025-10-02T23:46:11","guid":{"rendered":"https:\/\/www.europesays.com\/fi\/51882\/"},"modified":"2025-10-02T23:46:11","modified_gmt":"2025-10-02T23:46:11","slug":"outokumpu-aloittaa-muutosneuvottelut-450-tyopaikkaa-voi-olla-vaarassa","status":"publish","type":"post","link":"https:\/\/www.europesays.com\/fi\/51882\/","title":{"rendered":"Outokumpu aloittaa muutosneuvottelut, 450 ty\u00f6paikkaa voi olla vaarassa"},"content":{"rendered":"<p class=\"ai-optimize-6 ai-optimize-introduction\">Ter\u00e4syhti\u00f6 Outokumpu k\u00e4ynnist\u00e4\u00e4 muutosneuvottelut, jotka voivat vaikuttaa enint\u00e4\u00e4n 450 ty\u00f6ntekij\u00e4\u00e4n eri maissa. Yhti\u00f6 kertoo asiasta tiedotteessa.<\/p>\n<p class=\"ai-optimize-7\">Neuvotteluiden odotetaan alkavan l\u00e4hiviikkoina.<\/p>\n<p class=\"ai-optimize-8\">Outokumpu perustelee muutosneuvotteluita taloustilanteella. T\u00e4m\u00e4n seurauksena yhti\u00f6 on k\u00e4ynnist\u00e4nyt uudelleenj\u00e4rjestelyohjelman, jolla tavoitellaan sadan miljoonan euron vuosittaisia rakenteellisia kustannuss\u00e4\u00e4st\u00f6j\u00e4 vuoden 2027 loppuun menness\u00e4.<\/p>\n<p class=\"ai-optimize-9\">Uudelleenj\u00e4rjestelyohjelma vaikuttaa tiedotteen mukaan p\u00e4\u00e4osin Europe-liiketoiminta-alueeseen ja globaaleihin konsernitoimintoihin. Suunnitellut rakenteelliset kustannuss\u00e4\u00e4st\u00f6t on tarkoitus saavuttaa v\u00e4hent\u00e4m\u00e4ll\u00e4 kiinteit\u00e4 kustannuksia, parantamalla tehokkuutta organisaatiossa ja tuotannon optimoinnilla.<\/p>\n<p class=\"ai-optimize-10\">Suunniteltujen toimenpiteiden, jotka edellytt\u00e4v\u00e4t paikallisen lains\u00e4\u00e4d\u00e4nn\u00f6n mukaisia tavanomaisia paikallisia neuvotteluja, odotetaan vaikuttavan noin 650:een Outokummun kokoaikaiseen ty\u00f6paikkaan vuoden 2027 loppuun menness\u00e4. Aiemmin on jo sovittu 94 ty\u00f6paikan v\u00e4hent\u00e4misest\u00e4, ja noin 120 ty\u00f6paikan odotetaan v\u00e4henev\u00e4n normaalin poistuman kautta.<\/p>\n<p class=\"ai-optimize-11\">\u2013 Euroopassa ruostumattoman ter\u00e4ksen kysynn\u00e4ss\u00e4 on edelleen jatkuvia haasteita, joita pahentavat edullisesti hinnoiteltu aasialainen tuontiter\u00e4s ja t\u00e4m\u00e4nhetkisten suojatoimenpiteiden tehottomuus. Nykyinen kannattavuustasomme on kest\u00e4m\u00e4t\u00f6n, ja meid\u00e4n on Outokummussa kiihdytett\u00e4v\u00e4 muutosvauhtia. T\u00e4m\u00e4n seurauksena Outokummun on pakko jatkaa suunniteltuja, vankkoja rakenteellisia kustannuss\u00e4\u00e4st\u00f6toimenpiteit\u00e4. Valitettavasti n\u00e4m\u00e4 toimet tulevat vaikuttamaan henkil\u00f6st\u00f6\u00f6mme ja olemme sitoutuneet tukemaan ty\u00f6ntekij\u00f6it\u00e4mme l\u00e4pi t\u00e4m\u00e4n siirtym\u00e4n, Outokummun toimitusjohtaja <strong>Kati ter Horst<\/strong> sanoo tiedotteessa.<\/p>\n","protected":false},"excerpt":{"rendered":"Ter\u00e4syhti\u00f6 Outokumpu k\u00e4ynnist\u00e4\u00e4 muutosneuvottelut, jotka voivat vaikuttaa enint\u00e4\u00e4n 450 ty\u00f6ntekij\u00e4\u00e4n eri maissa. Yhti\u00f6 kertoo asiasta tiedotteessa. Neuvotteluiden odotetaan&hellip;\n","protected":false},"author":2,"featured_media":51883,"comment_status":"","ping_status":"","sticky":false,"template":"","format":"standard","meta":{"footnotes":""},"categories":[76],"tags":[79,77,33,31,30,3514,32,78,860],"class_list":{"0":"post-51882","1":"post","2":"type-post","3":"status-publish","4":"format-standard","5":"has-post-thumbnail","7":"category-talous","8":"tag-business","9":"tag-economy","10":"tag-fi","11":"tag-finland","12":"tag-finnish","13":"tag-muutosneuvottelut","14":"tag-suomi","15":"tag-talous","16":"tag-tyoelama"},"share_on_mastodon":{"url":"","error":""},"_links":{"self":[{"href":"https:\/\/www.europesays.com\/fi\/wp-json\/wp\/v2\/posts\/51882","targetHints":{"allow":["GET"]}}],"collection":[{"href":"https:\/\/www.europesays.com\/fi\/wp-json\/wp\/v2\/posts"}],"about":[{"href":"https:\/\/www.europesays.com\/fi\/wp-json\/wp\/v2\/types\/post"}],"author":[{"embeddable":true,"href":"https:\/\/www.europesays.com\/fi\/wp-json\/wp\/v2\/users\/2"}],"replies":[{"embeddable":true,"href":"https:\/\/www.europesays.com\/fi\/wp-json\/wp\/v2\/comments?post=51882"}],"version-history":[{"count":0,"href":"https:\/\/www.europesays.com\/fi\/wp-json\/wp\/v2\/posts\/51882\/revisions"}],"wp:featuredmedia":[{"embeddable":true,"href":"https:\/\/www.europesays.com\/fi\/wp-json\/wp\/v2\/media\/51883"}],"wp:attachment":[{"href":"https:\/\/www.europesays.com\/fi\/wp-json\/wp\/v2\/media?parent=51882"}],"wp:term":[{"taxonomy":"category","embeddable":true,"href":"https:\/\/www.europesays.com\/fi\/wp-json\/wp\/v2\/categories?post=51882"},{"taxonomy":"post_tag","embeddable":true,"href":"https:\/\/www.europesays.com\/fi\/wp-json\/wp\/v2\/tags?post=51882"}],"curies":[{"name":"wp","href":"https:\/\/api.w.org\/{rel}","templated":true}]}}