{"id":51895,"date":"2025-10-03T00:12:13","date_gmt":"2025-10-03T00:12:13","guid":{"rendered":"https:\/\/www.europesays.com\/fi\/51895\/"},"modified":"2025-10-03T00:12:13","modified_gmt":"2025-10-03T00:12:13","slug":"yrittajaperheiden-suositut-lomat-ovat-veitsenteralla-ennakoimme-etta-avustus-vahenee-edelleen","status":"publish","type":"post","link":"https:\/\/www.europesays.com\/fi\/51895\/","title":{"rendered":"Yritt\u00e4j\u00e4perheiden suositut lomat ovat veitsenter\u00e4ll\u00e4 \u2013 \u201dEnnakoimme, ett\u00e4 avustus v\u00e4henee edelleen\u201d"},"content":{"rendered":"<p class=\"gb-ingress__content\">\n\t\t\t\tLomaj\u00e4rjest\u00f6n mukaan ensi vuoden tuetut perhelomat pyrit\u00e4\u00e4n j\u00e4rjest\u00e4m\u00e4\u00e4n normaalisti.\t\t\t<\/p>\n<p>Yritt\u00e4jien tuettuja lomia tarjoava Loma ja Terveys ry julkaisee ensi viikolla ensi vuoden yritt\u00e4j\u00e4lomat. Ne koostuvat perhelomista.<\/p>\n<p>Tuetun loman kuluista vastaa p\u00e4\u00e4osin lomaj\u00e4rjest\u00f6. Yritt\u00e4j\u00e4n vastuulle j\u00e4\u00e4v\u00e4t matkakulut sek\u00e4 omavastuumaksu, joka on 125 euroa. Loman hintaan sis\u00e4ltyv\u00e4t majoitus, ruokailut ja ohjattu ohjelma. Tuetun loman kesto on viisi vuorokautta.<\/p>\n<p>Tuettujen lomien tulevaisuus on osin vaakalaudalla hallituksen tekemien leikkausten takia. Loma ja Terveys ry:n ja muiden lomaj\u00e4rjest\u00f6jen toimintaa rahoittaa Sosiaali- ja terveysj\u00e4rjest\u00f6jen avustuskeskus STEA, jonka m\u00e4\u00e4r\u00e4rahat v\u00e4hentyiv\u00e4t osana valtiontalouden sopeutustoimia.<\/p>\n<p>\u2013\u00a0STEAn rahoitus on vaikuttanut meihin eritt\u00e4in paljon. J\u00e4rjest\u00f6mme saama avustus on v\u00e4hentynyt l\u00e4hes 40 prosenttia ja ennakoimme, ett\u00e4 se v\u00e4henee edelleen, toiminnanjohtaja <strong>Anne Yl\u00f6nen<\/strong> kertoo.<\/p>\n<p>Tarkemmin ensi vuoden lomatilanteesta tiedet\u00e4\u00e4n joulukuussa, kun STEAlta saadaan tietoa ensi vuoden avustuksista.<\/p>\n<p>Yl\u00f6sen mukaan j\u00e4rjest\u00f6 kartoittaa parhaillaan muita mahdollisuuksia tuettujen lomien rahoittamiseen jatkossa.<\/p>\n<p>\u2013\u00a0Olemme hakeneet ja saaneet ensimm\u00e4isen rahanker\u00e4yslupamme, joka avaa meille uusia mahdollisuuksia. Meill\u00e4 on laaja verkosto sitoutuneita sidosryhmi\u00e4 ja etsimme my\u00f6s uusia yrityskumppaneita. Yksi merkitt\u00e4v\u00e4 keino mahdollistaa lomia on lahjoitusten ker\u00e4\u00e4minen. T\u00e4m\u00e4 on meille uusi askel. Yhdess\u00e4 lahjoittajien kanssa voimme tarjota lomakokemuksia monille pienituloisille.<\/p>\n<p>\u201dIso tarve\u201d<\/p>\n<p>Loma ja Terveys ry j\u00e4rjesti aikaisemmin my\u00f6s yksitt\u00e4isille yritt\u00e4jille tarkoitettuja lomia, mutta rahoituksen leikkaamisen j\u00e4lkeen ne on j\u00e4tetty pois valikoimista.<\/p>\n<p>\u2013\u00a0Yritt\u00e4j\u00e4t hakevat ensisijaisesti perhelomille. Olemme aina painottaneet lomatarjontaa lapsiperheisiin ja sielt\u00e4 v\u00e4henn\u00e4mme lomia viimeisen\u00e4. Sen sijaan senioreiden ja erityisryhmien lomia olemme joutuneet ajamaan alas, Yl\u00f6nen sanoo.<\/p>\n<p>Yritt\u00e4j\u00e4perheiden lomien Yl\u00f6nen uskoo toteutuvan ensi vuonna, koska niihin on eniten hakijoita. M\u00e4\u00e4r\u00e4 pysynee t\u00e4m\u00e4n vuoden tasolla.<\/p>\n<p>Tuettujen lomien aikana yritt\u00e4j\u00e4lle tarjotaan t\u00e4ysihoito, johon kuuluu aamiaisen lis\u00e4ksi kaksi ateriaa p\u00e4iv\u00e4ss\u00e4. Loman aikana j\u00e4rjestet\u00e4\u00e4n runsaasti ohjattua ohjelmaa kuten luentoja, ryhm\u00e4keskusteluja sek\u00e4 liikunnallisia aktiviteetteja.<\/p>\n<p>Lomien hakuehdot pysyv\u00e4t Yl\u00f6sen mukaan samoina.<\/p>\n<p>\u2013\u00a0Pienituloisuus ja taloudelliset haasteet painottuvat. Niit\u00e4 on erityisesti pienyritt\u00e4jill\u00e4. Yleisesti arvioimme yritt\u00e4j\u00e4n el\u00e4m\u00e4ntilannetta. Se on meille t\u00e4rke\u00e4 tieto.<\/p>\n<p>Yritt\u00e4j\u00e4perheiden tarve tuettuja lomia kohtaan on Yl\u00f6sen mukaan kasvussa.<\/p>\n<p>\u2013\u00a0Toiminnalle on iso tarve etenkin lapsiperheiss\u00e4, kun sosiaaliturvaa on leikattu. Haasteet kohderyhmiss\u00e4mme eiv\u00e4t valitettavasti ole v\u00e4hentyneet, vaan ennemminkin syvenem\u00e4ss\u00e4.<\/p>\n<p>Yritt\u00e4j\u00e4t auttaa lahjoittajien l\u00f6yt\u00e4misess\u00e4<\/p>\n<p>Suomen Yritt\u00e4jien johtaja <strong>Harri Jaskari<\/strong> pit\u00e4\u00e4 tilannetta valitettavana, mutta muistuttaa ik\u00e4v\u00e4st\u00e4 tosiasiasta.<\/p>\n<p>\u2013\u00a0Yritt\u00e4j\u00e4kent\u00e4ss\u00e4 pit\u00e4\u00e4 toisaalta ymm\u00e4rt\u00e4\u00e4, ett\u00e4 valtion on pakko s\u00e4\u00e4st\u00e4\u00e4. Olemme tyytyv\u00e4isi\u00e4 siit\u00e4, ett\u00e4 perheet nostetaan tuetuissa lomissa etusijalle. Usein kun ollaan taloudellisesti hankalassa tilanteessa, mahdollisuus tuetulle lomalle p\u00e4\u00e4semiseen tukee osaltaan yritt\u00e4j\u00e4\u00e4 ja h\u00e4nen perhett\u00e4\u00e4n.<\/p>\n<p>Jaskarin mukaan STEAn avustusten v\u00e4heneminen aiheuttaa ik\u00e4v\u00e4n tilanteen, koska my\u00f6s konkurssien m\u00e4\u00e4r\u00e4 on korkealla ja moni pienyritt\u00e4j\u00e4 on taloudellisesti ahtaalla.<\/p>\n<p>\u2013\u00a0Siksi on mielest\u00e4ni hienoa, ett\u00e4 lomaj\u00e4rjest\u00f6 on yritt\u00e4nyt l\u00f6yt\u00e4\u00e4 ratkaisuja kuten rahanker\u00e4ysluvan. Haluamme omalta osaltamme tehd\u00e4 parhaamme siin\u00e4, ett\u00e4 j\u00e4rjest\u00f6ll\u00e4 olisi jatkossa kumppaneita, jotka n\u00e4kev\u00e4t tuettujen lomien tarpeen. Olemme tukemassa toimintaa lahjoittajien l\u00f6yt\u00e4miseksi. Pienist\u00e4 puroista voi tulla iso m\u00e4\u00e4r\u00e4 tukea.<\/p>\n<p>\t\t\t\t\t\tVinkkaa meille juttuaihe!<\/p>\n<p>                            Vinkkaa meille juttuaihe!<\/p>\n","protected":false},"excerpt":{"rendered":"Lomaj\u00e4rjest\u00f6n mukaan ensi vuoden tuetut perhelomat pyrit\u00e4\u00e4n j\u00e4rjest\u00e4m\u00e4\u00e4n normaalisti. Yritt\u00e4jien tuettuja lomia tarjoava Loma ja Terveys ry julkaisee&hellip;\n","protected":false},"author":2,"featured_media":51896,"comment_status":"","ping_status":"","sticky":false,"template":"","format":"standard","meta":{"footnotes":""},"categories":[76],"tags":[79,77,33,31,30,32,78,4349,2917],"class_list":{"0":"post-51895","1":"post","2":"type-post","3":"status-publish","4":"format-standard","5":"has-post-thumbnail","7":"category-talous","8":"tag-business","9":"tag-economy","10":"tag-fi","11":"tag-finland","12":"tag-finnish","13":"tag-suomi","14":"tag-talous","15":"tag-tyu00f6hyvinvointi","16":"tag-yrittu00e4ju00e4n-asialla"},"share_on_mastodon":{"url":"","error":""},"_links":{"self":[{"href":"https:\/\/www.europesays.com\/fi\/wp-json\/wp\/v2\/posts\/51895","targetHints":{"allow":["GET"]}}],"collection":[{"href":"https:\/\/www.europesays.com\/fi\/wp-json\/wp\/v2\/posts"}],"about":[{"href":"https:\/\/www.europesays.com\/fi\/wp-json\/wp\/v2\/types\/post"}],"author":[{"embeddable":true,"href":"https:\/\/www.europesays.com\/fi\/wp-json\/wp\/v2\/users\/2"}],"replies":[{"embeddable":true,"href":"https:\/\/www.europesays.com\/fi\/wp-json\/wp\/v2\/comments?post=51895"}],"version-history":[{"count":0,"href":"https:\/\/www.europesays.com\/fi\/wp-json\/wp\/v2\/posts\/51895\/revisions"}],"wp:featuredmedia":[{"embeddable":true,"href":"https:\/\/www.europesays.com\/fi\/wp-json\/wp\/v2\/media\/51896"}],"wp:attachment":[{"href":"https:\/\/www.europesays.com\/fi\/wp-json\/wp\/v2\/media?parent=51895"}],"wp:term":[{"taxonomy":"category","embeddable":true,"href":"https:\/\/www.europesays.com\/fi\/wp-json\/wp\/v2\/categories?post=51895"},{"taxonomy":"post_tag","embeddable":true,"href":"https:\/\/www.europesays.com\/fi\/wp-json\/wp\/v2\/tags?post=51895"}],"curies":[{"name":"wp","href":"https:\/\/api.w.org\/{rel}","templated":true}]}}