{"id":51905,"date":"2025-10-03T00:30:10","date_gmt":"2025-10-03T00:30:10","guid":{"rendered":"https:\/\/www.europesays.com\/fi\/51905\/"},"modified":"2025-10-03T00:30:10","modified_gmt":"2025-10-03T00:30:10","slug":"ensitreffit-alttarilla-julia-ja-arttu-paatyvat-eroon","status":"publish","type":"post","link":"https:\/\/www.europesays.com\/fi\/51905\/","title":{"rendered":"Ensitreffit alttarilla: Julia ja Arttu p\u00e4\u00e4tyv\u00e4t eroon"},"content":{"rendered":"<p>\n            Ensitreffit alttarilla<br \/>\n            MTV\n        <\/p>\n<p class=\"subtitle \">Ensitreffit alttarilla -kauden pareista yhden yhteinen matka p\u00e4\u00e4ttyi ennen kuin se ehti oikein alkaakaan.<\/p>\n<p class=\"article-content article-content-width !bg-background\">MTV Katsomo+:ssa torstaina 2.10. julkaistussa Ensitreffit alttarilla -jaksossa n\u00e4hd\u00e4\u00e4n, ett\u00e4  ja  osalta parisuhteen larppaaminen on tullut p\u00e4\u00e4t\u00f6kseens\u00e4. <\/p>\n<p class=\"article-content article-content-width !bg-background\">Julia on aiemmissa jaksoissa kertonut, ett\u00e4 h\u00e4lytyskellot alkoivat Artun suhteen soida jo h\u00e4\u00e4y\u00f6n\u00e4, jolloin Arttu oli h\u00e4nen mielest\u00e4\u00e4n m\u00e4\u00e4r\u00e4nnyt, ett\u00e4 Julia muuttaisi h\u00e4nen kotipaikkakunnalleen Imatralle.<\/p>\n<p class=\"article-content article-content-width !bg-background\">H\u00e4\u00e4matkalla asiat meniv\u00e4t pahemman kerran solmuun, kun Julia koki Artun arvostelleen h\u00e4nen ulkon\u00e4k\u00f6\u00e4\u00e4n toistuvasti, mink\u00e4 Arttu kiisti. Joka tapauksessa Julia sulkeutui kuoreensa.<\/p>\n<p class=\"article-content article-content-width !bg-background\">Uudessa jaksossa n\u00e4hd\u00e4\u00e4n, ett\u00e4 asiantuntijoiden avusta huolimatta umpisolmua ei en\u00e4\u00e4 saada avattua.<\/p>\n<p class=\"article-content article-content-width !bg-background\">\u2013 En halua suhteelle jatkoa, ja en halua edes yritt\u00e4\u00e4 parisuhdetta Artun kanssa. Mun rajat vaan tulee vastaan, Julia summaa.<\/p>\n<p>        <a itemprop=\"url\" href=\"https:\/\/www.seiska.fi\/katso\/ensitreffit-alttarilla-parin-valit-jaissa-morsian-ei-halua-edes-tavata\/1940907\" rel=\"nofollow noopener\" target=\"_blank\"><\/p>\n<p>\nEnsitreffit alttarilla\n<\/p>\n<p class=\"section-date\">\n        <strong class=\"article-section\" data-section=\"katso\"><br \/>\n            katso<br \/>\n        <\/strong><br \/>\n        25.9. 05:15\n    <\/p>\n<p>Ensitreffit alttarilla -parin v\u00e4lit j\u00e4iss\u00e4 \u2013 morsian ei halua edes tavata\n    <\/p>\n<p itemprop=\"description\" class=\"subtitle \">\n    Ensitreffit alttarilla -Julia on ottanut vihkisormuksen pois sormestaan.\n<\/p>\n<p>        <\/a><\/p>\n<p>                <img decoding=\"async\" src=\"https:\/\/www.europesays.com\/fi\/wp-content\/uploads\/2025\/10\/1948449.webp\" width=\"576\" height=\"274\" title=\"Julia on ylpe\u00e4 itsest\u00e4\u00e4n, ett\u00e4 sai pidetty\u00e4 kiinni omista rajoistaan.\" alt=\"Ensitreffit alttarilla Julia ja Arttu\" loading=\"lazy\" \/>            <\/p>\n<p>\n            Julia on ylpe\u00e4 itsest\u00e4\u00e4n, ett\u00e4 sai pidetty\u00e4 kiinni omista rajoistaan.<br \/>\n            MTV\n        <\/p>\n<p>&#8221;H\u00e4tik\u00f6ity p\u00e4\u00e4t\u00f6s&#8221;<\/p>\n<p class=\"article-content article-content-width !bg-background\">Jaksossa n\u00e4hd\u00e4\u00e4n, ett\u00e4 Julia ja Arttu tapaavat toisensa puistossa ja puhuvat tilanteesta. Arttu on pettynyt. H\u00e4nen mielest\u00e4\u00e4n Julia tekee h\u00e4tik\u00f6idyn p\u00e4\u00e4t\u00f6ksen.<\/p>\n<p class=\"article-content article-content-width !bg-background\">\u2013 Totta kai se, kun Julia ilmoittaa ett\u00e4 tutustutaan vain kavereina, on suuri pettymys itselle, h\u00e4n tunnustaa.<\/p>\n<p class=\"article-content article-content-width !bg-background\">\u2013 S\u00e4 olet kyll\u00e4 hyv\u00e4 tyyppi, vaikka ei ehk\u00e4 oltu toisillemme ne oikeat, mutta kyll\u00e4 se oikea on tuolla. No hard feelings niin sanotusti, Julia sanoo.<\/p>\n<p>        <a itemprop=\"url\" href=\"https:\/\/www.seiska.fi\/katso\/yksi-ensitreffit-alttarilla-osallistuja-saa-katsojat-nakemaan-punaista-kamalan-ahdistavaa\/1945483\" rel=\"nofollow noopener\" target=\"_blank\"><\/p>\n<p>\nEnsitreffit alttarilla\n<\/p>\n<p class=\"section-date\">\n        <strong class=\"article-section\" data-section=\"katso\"><br \/>\n            katso<br \/>\n        <\/strong><br \/>\n        29.9. 15:14\n    <\/p>\n<p>Yksi Ensitreffit alttarilla -osallistuja saa katsojat n\u00e4kem\u00e4\u00e4n punaista: &#8221;Kamalan ahdistavaa&#8221;\n    <\/p>\n<p itemprop=\"description\" class=\"subtitle \">\n    Ensitreffit alttarilla her\u00e4tt\u00e4\u00e4 katsojissa suuria tunteita.\n<\/p>\n<p>        <\/a><\/p>\n<p>                <img decoding=\"async\" src=\"https:\/\/www.europesays.com\/fi\/wp-content\/uploads\/2025\/10\/1930238.webp\" width=\"576\" height=\"274\" alt=\"Suhteen kehittyminen tyss\u00e4si heti alkuunsa.\" loading=\"lazy\" \/>            <\/p>\n<p>\n            Suhteen kehittyminen tyss\u00e4si heti alkuunsa.<br \/>\n            MTV\n        <\/p>\n<p>Ahdistus vaivaa<\/p>\n<p class=\"article-content article-content-width !bg-background\">Julia tapaa jaksossa my\u00f6s terapeutti \u00a0ja kertoo voinnistaan kaiken j\u00e4lkeen.<\/p>\n<p class=\"article-content article-content-width !bg-background\">\u2013 Ahdistus on ollut viel\u00e4 t\u00e4n\u00e4 p\u00e4iv\u00e4n\u00e4kin l\u00e4sn\u00e4. Sen kanssa teen t\u00f6it\u00e4. Huomaan, ett\u00e4 kun me vaikka jutellaan tai on n\u00e4hty, niin olen koko ajan varpaillani, ett\u00e4 mit\u00e4 sielt\u00e4 tulee. En koe, ett\u00e4 v\u00e4ltt\u00e4m\u00e4tt\u00e4 pystyitt\u00e4isiin olemaan edes yst\u00e4vi\u00e4. En halua vahingossakaan ruokkia mit\u00e4\u00e4n toisen ehk\u00e4 viel\u00e4 el\u00e4v\u00e4\u00e4 toivetta meist\u00e4, Julia kertoo tilanteesta Artun kanssa.<\/p>\n<p class=\"article-content article-content-width !bg-background\">Julia ottaa puheeksi my\u00f6s Artun negatiiviset kommentit h\u00e4nen ulkon\u00e4\u00f6st\u00e4\u00e4n. Julian mukaan ne jatkuivat, vaikka oli tullut jo ilmi, ett\u00e4 ne loukkasivat h\u00e4nt\u00e4.<\/p>\n<p class=\"article-content article-content-width !bg-background\">\u2013 S\u00e4 pystyit puolustamaan omia rajojasi, mutta siit\u00e4 huolimatta se toiminta jatkui edelleen, Hanna ihmettelee.<\/p>\n<p class=\"article-content article-content-width !bg-background\">Hanna toteaakin, ett\u00e4 jos parisuhteen pohjaa rakentaessa rikkoo luottamuksen tai ei kuuntele toista, yhteyden muodostaminen suhteessa on mahdotonta.<\/p>\n<p class=\"italic m-italic article-content article-content-width !bg-background\">Ensitreffit alttarilla torstaisin MTV3:lla ja MTV Katsomossa.<\/p>\n<p>        <a itemprop=\"url\" href=\"https:\/\/www.seiska.fi\/katso\/ensitreffit-alttarilla-elisalta-raivokas-avautuminen-mua-loukkaa-se-tosi-paljon\/1940933\" rel=\"nofollow noopener\" target=\"_blank\"><\/p>\n<p>\nEnsitreffit alttarilla -Elisa\n<\/p>\n<p class=\"section-date\">\n        <strong class=\"article-section\" data-section=\"katso\"><br \/>\n            katso<br \/>\n        <\/strong><br \/>\n        25.9. 09:15\n    <\/p>\n<p>Ensitreffit alttarilla -Elisalta raivokas avautuminen: &#8221;Mua loukkaa se tosi paljon&#8221;\n    <\/p>\n<p itemprop=\"description\" class=\"subtitle \">\n    Ensitreffit alttarilla -ohjelmassa Elisa ja Matti yritt\u00e4v\u00e4t selvitell\u00e4 kireit\u00e4 v\u00e4lej\u00e4\u00e4n.\n<\/p>\n<p>        <\/a><\/p>\n","protected":false},"excerpt":{"rendered":"Ensitreffit alttarilla MTV Ensitreffit alttarilla -kauden pareista yhden yhteinen matka p\u00e4\u00e4ttyi ennen kuin se ehti oikein alkaakaan. MTV&hellip;\n","protected":false},"author":2,"featured_media":51906,"comment_status":"","ping_status":"","sticky":false,"template":"","format":"standard","meta":{"footnotes":""},"categories":[133],"tags":[1657,8067,8064,9202,137,1664,33,31,30,101,2376,32,206,156,109],"class_list":{"0":"post-51905","1":"post","2":"type-post","3":"status-publish","4":"format-standard","5":"has-post-thumbnail","7":"category-televisiot","8":"tag-ensitreffit-alttarilla","9":"tag-ensitreffit-arttu","10":"tag-ensitreffit-julia","11":"tag-enskari","12":"tag-entertainment","13":"tag-ero","14":"tag-fi","15":"tag-finland","16":"tag-finnish","17":"tag-ihmissuhteet","18":"tag-mtv","19":"tag-suomi","20":"tag-televisiot","21":"tag-tv","22":"tag-viihde"},"share_on_mastodon":{"url":"","error":""},"_links":{"self":[{"href":"https:\/\/www.europesays.com\/fi\/wp-json\/wp\/v2\/posts\/51905","targetHints":{"allow":["GET"]}}],"collection":[{"href":"https:\/\/www.europesays.com\/fi\/wp-json\/wp\/v2\/posts"}],"about":[{"href":"https:\/\/www.europesays.com\/fi\/wp-json\/wp\/v2\/types\/post"}],"author":[{"embeddable":true,"href":"https:\/\/www.europesays.com\/fi\/wp-json\/wp\/v2\/users\/2"}],"replies":[{"embeddable":true,"href":"https:\/\/www.europesays.com\/fi\/wp-json\/wp\/v2\/comments?post=51905"}],"version-history":[{"count":0,"href":"https:\/\/www.europesays.com\/fi\/wp-json\/wp\/v2\/posts\/51905\/revisions"}],"wp:featuredmedia":[{"embeddable":true,"href":"https:\/\/www.europesays.com\/fi\/wp-json\/wp\/v2\/media\/51906"}],"wp:attachment":[{"href":"https:\/\/www.europesays.com\/fi\/wp-json\/wp\/v2\/media?parent=51905"}],"wp:term":[{"taxonomy":"category","embeddable":true,"href":"https:\/\/www.europesays.com\/fi\/wp-json\/wp\/v2\/categories?post=51905"},{"taxonomy":"post_tag","embeddable":true,"href":"https:\/\/www.europesays.com\/fi\/wp-json\/wp\/v2\/tags?post=51905"}],"curies":[{"name":"wp","href":"https:\/\/api.w.org\/{rel}","templated":true}]}}