{"id":51923,"date":"2025-10-03T01:05:08","date_gmt":"2025-10-03T01:05:08","guid":{"rendered":"https:\/\/www.europesays.com\/fi\/51923\/"},"modified":"2025-10-03T01:05:08","modified_gmt":"2025-10-03T01:05:08","slug":"vaite-venajalla-ukraina-suunnittelee-terrori-iskua-suomeen","status":"publish","type":"post","link":"https:\/\/www.europesays.com\/fi\/51923\/","title":{"rendered":"V\u00e4ite Ven\u00e4j\u00e4ll\u00e4: Ukraina suunnittelee terrori-iskua Suomeen"},"content":{"rendered":"<p>Ukrainan v\u00e4itet\u00e4\u00e4n suunnittelevan Suomessa terrori-iskua.<\/p>\n<p><img decoding=\"async\" class=\"image image-show image-preview\" src=\"https:\/\/www.europesays.com\/fi\/wp-content\/uploads\/2025\/10\/0cc7779911bc534f5d0c7a946cc6f75429328acdbf20e649a0419d81be742a57.jpg\" alt=\"\"\/><img decoding=\"async\" class=\"image image-show\" src=\"https:\/\/www.europesays.com\/fi\/wp-content\/uploads\/2025\/10\/1759453508_340_0cc7779911bc534f5d0c7a946cc6f75429328acdbf20e649a0419d81be742a57.jpg\" alt=\"\"\/><\/p>\n<p>Ven\u00e4l\u00e4isi\u00e4 erikoisjoukkoja talviharjoituksissa. Kuvituskuva. Mihail Tokmakov\/SOPA Images\/Shutterstock<\/p>\n<p class=\"paragraph\">Ven\u00e4j\u00e4 vaikuttaa k\u00e4ynnist\u00e4neen informaatio-operaation, jossa se v\u00e4itt\u00e4\u00e4 Ukrainan lavastavan erilaisia provokaatioita Euroopassa tarkoituksenaan vieritt\u00e4\u00e4 niist\u00e4 syyn Ven\u00e4j\u00e4n niskaan.<\/p>\n<p class=\"paragraph\">Ven\u00e4j\u00e4n ulkomaantiedustelu SVR julkaisi verkkosivuillaan tiedotteen, jossa se v\u00e4itt\u00e4\u00e4 Ukrainan suunnittelevan lavastettua hy\u00f6kk\u00e4yst\u00e4 Puolaan.<\/p>\n<p class=\"paragraph\">Heti per\u00e4\u00e4n Ven\u00e4j\u00e4n televisiossa sotilasasiantuntija ja propagandisti <strong>Vitali Kiseljev<\/strong> v\u00e4itti, ett\u00e4 Ukraina valmistelee iskuja Suomeen ja Moldovaan.<\/p>\n<p class=\"paragraph\">Kiseljev v\u00e4itt\u00e4\u00e4 Moldovassa puhkeavan vaalien j\u00e4lkeen levottomuuksia, joissa ven\u00e4l\u00e4ismielisten pettymys vaalituloksesta purkautuu v\u00e4kivaltaisuuksina siviilej\u00e4 kohtaan. Toteuttajana olisivat ven\u00e4l\u00e4isiksi naamioituneet ukrainalaiset.<\/p>\n<p class=\"paragraph\">Suomeen Ukrainan presidentti <a href=\"https:\/\/www.iltalehti.fi\/henkilot\/Volodymyr Zelenskyi\" class=\"article-link-person-page\" rel=\"nofollow noopener\" target=\"_blank\">Volodymyr Zelenskyin<\/a> v\u00e4itet\u00e4\u00e4n kaavailevan terrori-iskua.<\/p>\n<p class=\"paragraph\">\u2013 Toinen paikka on todenn\u00e4k\u00f6isesti Suomi, koska objektiivisesti katsoen se on l\u00e4hemp\u00e4n\u00e4 rajojamme. Siell\u00e4 he esitt\u00e4v\u00e4t tuovansa sabotaasiryhm\u00e4n minisukellusveneell\u00e4 tai sitten he tulevat mets\u00e4n l\u00e4pi, Kiseljev sanoo.<\/p>\n<p class=\"paragraph\">Ulkopoliittisen instituutin vanhempi tutkija <strong>Jussi Lassila<\/strong> sanoo Ven\u00e4j\u00e4n lausuntojen kuvastavan Ven\u00e4j\u00e4n omaa hermostuneisuutta.<\/p>\n<p class=\"paragraph\">Lassilan mukaan samantyyppisi\u00e4 ulostuloja kuultiin my\u00f6s Moldovan vaalien alla, kun Ven\u00e4j\u00e4ll\u00e4 v\u00e4itettiin Nato-joukkojen suunnittelevan maahanlaskuoperaatiota Odessasta k\u00e4sin Moldovaan.<\/p>\n<p class=\"paragraph\">\u2013 Tietyll\u00e4 tapaa Ven\u00e4j\u00e4n v\u00e4itteet k\u00e4yv\u00e4t koko ajan yh\u00e4 pid\u00e4kkeett\u00f6m\u00e4mmiksi. Nyt kun vaalit on k\u00e4yty siirryt\u00e4\u00e4n heti uuteen teemaan.<\/p>\n<p class=\"paragraph\">Lassilan mukaan Ven\u00e4j\u00e4n tavoite on edelleen sama.<\/p>\n<p class=\"paragraph\">Se pyrkii vaikuttamaan Ukrainalle annettavan apuun, lietsomaan eskaloitumisen pelkoa Euroopassa ja saamaan tilanteen n\u00e4ytt\u00e4m\u00e4\u00e4n mahdollisimman uhkaavalta.<\/p>\n<p class=\"paragraph\">\u2013 Sit\u00e4 voidaan tarpeen vaatiessa kohdistaa milloin mihinkin maahan, ja Suomikin siit\u00e4 saa n\u00e4k\u00f6j\u00e4\u00e4n osansa.<\/p>\n<p class=\"paragraph\">Samalla viesti toimii ven\u00e4l\u00e4iselle kotiyleis\u00f6lle osoituksena l\u00e4nnen ja Ukrainan pahantahtoisuudesta.<\/p>\n<p class=\"paragraph\">Lassila kuvaa Ven\u00e4j\u00e4n toimintaa \u201djatkuvaksi vy\u00f6rytt\u00e4miseksi\u201d. Juuri siin\u00e4 piilee Ven\u00e4j\u00e4n informaatio-operaatioiden suurin ongelma.<\/p>\n<p class=\"paragraph\">\u2013 Niist\u00e4 puuttuu johdonmukaisuus.<\/p>\n<p class=\"paragraph\">Lassilan mukaan viesteiss\u00e4 toistuvat v\u00e4itteet provokaatioista. Esimerkiksi hiljattain Ukrainan v\u00e4itettiin laukaisseen drooneja Puolaan. Tarkoitus on ruokkia ep\u00e4luottamusta Ukrainan eurooppalaisissa tukijoissa.<\/p>\n<p class=\"paragraph\">\u2013 Tarinoita ei kuitenkaan pidet\u00e4 yll\u00e4, vaan niist\u00e4 hypit\u00e4\u00e4n nopeasti toiseen, mik\u00e4 heikent\u00e4\u00e4 vaikutusta. Jos yht\u00e4 v\u00e4itett\u00e4 pidett\u00e4isiin sitke\u00e4sti esill\u00e4 ja toistettaisiin laajasti ja johdonmukaisesti, se todenn\u00e4k\u00f6isesti purisi paremmin yleis\u00f6\u00f6n.<\/p>\n<p>Ulkopoliittisen instituutin vanhempi tutkija Jussi Lassila. TIINA SOMERPURO<\/p>\n<p class=\"paragraph\">Sotaa seuraavan ajatuspaja ISW:n mukaan Ven\u00e4j\u00e4 saattaa viesteill\u00e4\u00e4n pohjustaa omaa toimintaansa, esimerkiksi aikomustaan hy\u00f6k\u00e4t\u00e4 Puolaan.<\/p>\n<p class=\"paragraph\">Lassilan mukaan yksi tapa n\u00e4hd\u00e4 Ven\u00e4j\u00e4n informaatio-operaatiot on se, ett\u00e4 se paljastaa niill\u00e4 omia toimintatapojaan.<\/p>\n<p class=\"paragraph\">\u2013 Mielest\u00e4ni sit\u00e4 ei kuitenkaan tule tulkita niin, ett\u00e4 jos Ven\u00e4j\u00e4 sanoo n\u00e4in, se todellisuudessa suunnittelee sit\u00e4 itse.<\/p>\n<p class=\"paragraph\">Lassila arvioi ISW:n v\u00e4itteiden olevan joskus aika \u201dl\u00f6ysi\u00e4 heittoja\u201d, joiden taustalla voi olla ajatuspajan omaa agendaa.<\/p>\n<p class=\"paragraph\">\u2013 Ven\u00e4j\u00e4n konkreettisessa toiminnassa ei ole n\u00e4ht\u00e4vill\u00e4 mit\u00e4\u00e4n sellaista, joka mahdollistaisi sille l\u00e4pimurron sen tavoitteissa, ei Ukrainassa, eik\u00e4 muualla, h\u00e4n sanoo.<\/p>\n<p class=\"paragraph\">\u2013 Mit\u00e4 enemm\u00e4n Ven\u00e4j\u00e4 sy\u00f6tt\u00e4\u00e4 erilaista disinformaatiota, sit\u00e4 enemm\u00e4n se pyrkii kompensoimaan sill\u00e4 sotilaallisten kykyjen ja poliittisen vaikutusvallan puutetta. Siksi en tulkitsisi t\u00e4t\u00e4 nyt min\u00e4\u00e4n maskirovkana eli harhautuksena.<\/p>\n","protected":false},"excerpt":{"rendered":"Ukrainan v\u00e4itet\u00e4\u00e4n suunnittelevan Suomessa terrori-iskua. Ven\u00e4l\u00e4isi\u00e4 erikoisjoukkoja talviharjoituksissa. Kuvituskuva. Mihail Tokmakov\/SOPA Images\/Shutterstock Ven\u00e4j\u00e4 vaikuttaa k\u00e4ynnist\u00e4neen informaatio-operaation, jossa se&hellip;\n","protected":false},"author":2,"featured_media":51924,"comment_status":"","ping_status":"","sticky":false,"template":"","format":"standard","meta":{"footnotes":""},"categories":[14],"tags":[35,802,22,23,26,27,33,31,30,17,24,25,803,28,29,15,18,21,142,637,144,32,19,20,56,16,59,60,61],"class_list":{"0":"post-51923","1":"post","2":"type-post","3":"status-publish","4":"format-standard","5":"has-post-thumbnail","7":"category-ulkomaat","8":"tag-24h","9":"tag-armeijat-ja-aseelliset-joukot","10":"tag-breaking-news","11":"tag-breakingnews","12":"tag-featured-news","13":"tag-featurednews","14":"tag-fi","15":"tag-finland","16":"tag-finnish","17":"tag-headlines","18":"tag-latest-news","19":"tag-latestnews","20":"tag-levottomuudet-ja-sodat","21":"tag-main-news","22":"tag-mainnews","23":"tag-news","24":"tag-otsikot","25":"tag-paauutiset","26":"tag-poliitikot","27":"tag-politiikka","28":"tag-presidentti","29":"tag-suomi","30":"tag-top-stories","31":"tag-topstories","32":"tag-ulkomaat","33":"tag-uutiset","34":"tag-world","35":"tag-world-news","36":"tag-worldnews"},"share_on_mastodon":{"url":"","error":""},"_links":{"self":[{"href":"https:\/\/www.europesays.com\/fi\/wp-json\/wp\/v2\/posts\/51923","targetHints":{"allow":["GET"]}}],"collection":[{"href":"https:\/\/www.europesays.com\/fi\/wp-json\/wp\/v2\/posts"}],"about":[{"href":"https:\/\/www.europesays.com\/fi\/wp-json\/wp\/v2\/types\/post"}],"author":[{"embeddable":true,"href":"https:\/\/www.europesays.com\/fi\/wp-json\/wp\/v2\/users\/2"}],"replies":[{"embeddable":true,"href":"https:\/\/www.europesays.com\/fi\/wp-json\/wp\/v2\/comments?post=51923"}],"version-history":[{"count":0,"href":"https:\/\/www.europesays.com\/fi\/wp-json\/wp\/v2\/posts\/51923\/revisions"}],"wp:featuredmedia":[{"embeddable":true,"href":"https:\/\/www.europesays.com\/fi\/wp-json\/wp\/v2\/media\/51924"}],"wp:attachment":[{"href":"https:\/\/www.europesays.com\/fi\/wp-json\/wp\/v2\/media?parent=51923"}],"wp:term":[{"taxonomy":"category","embeddable":true,"href":"https:\/\/www.europesays.com\/fi\/wp-json\/wp\/v2\/categories?post=51923"},{"taxonomy":"post_tag","embeddable":true,"href":"https:\/\/www.europesays.com\/fi\/wp-json\/wp\/v2\/tags?post=51923"}],"curies":[{"name":"wp","href":"https:\/\/api.w.org\/{rel}","templated":true}]}}