{"id":51974,"date":"2025-10-03T03:03:12","date_gmt":"2025-10-03T03:03:12","guid":{"rendered":"https:\/\/www.europesays.com\/fi\/51974\/"},"modified":"2025-10-03T03:03:12","modified_gmt":"2025-10-03T03:03:12","slug":"emma-koivisto-ja-anna-auvinen-saavat-lapsen","status":"publish","type":"post","link":"https:\/\/www.europesays.com\/fi\/51974\/","title":{"rendered":"Emma Koivisto ja Anna Auvinen saavat lapsen"},"content":{"rendered":"<p>Jalkapallo|Emma Koivisto ja Anna Auvinen julkaisivat ilouutisen sosiaalisessa mediassa.<\/p>\n<p>30.9. 18:44<\/p>\n<p class=\"article-body mb-nof-24 px-nof-16\">Helmareista tutut jalkapalloilijat <a class=\"article-personlink\" href=\"https:\/\/www.hs.fi\/haku\/?query=Emma%20Koivisto\" rel=\"nofollow noopener\" target=\"_blank\">Emma Koivisto<\/a> ja <a class=\"article-personlink\" href=\"https:\/\/www.hs.fi\/haku\/?query=Anna%20Auvinen\" rel=\"nofollow noopener\" target=\"_blank\">Anna Auvinen<\/a> julkaisivat ilouutisen Instagramissa: pariskunta saa lapsen.<\/p>\n<p class=\"article-body mb-nof-24 px-nof-16\">\u201dMeid\u00e4n joukkue vahvistuu pian luottopakilla\u201d, kaksikko kirjoitti yhteisess\u00e4 julkaisussa.<\/p>\n<p class=\"article-body mb-nof-24 px-nof-16\">P\u00e4\u00e4kuvassa jalkapallot\u00e4hdet pitelev\u00e4t ultra\u00e4\u00e4nikuvaa.<\/p>\n<p class=\"article-body mb-nof-24 px-nof-16\">Toisessa kuvassa he pitelev\u00e4t k\u00e4si k\u00e4dess\u00e4 pieni\u00e4 kenki\u00e4. Kolmas otos paljastaa, ett\u00e4 vauvan synnytt\u00e4\u00e4 Anna Auvinen.<\/p>\n<p class=\"article-body mb-nof-24 px-nof-16\">Julkaisu ker\u00e4si nopeasti hurjan m\u00e4\u00e4r\u00e4n huomiota. Onnittelijoiden joukossa ovat muun muassa jalkapallovaikuttajat <a class=\"article-personlink\" href=\"https:\/\/www.hs.fi\/haku\/?query=Essi%20Sainio\" rel=\"nofollow noopener\" target=\"_blank\">Essi Sainio<\/a> ja <a class=\"article-personlink\" href=\"https:\/\/www.hs.fi\/haku\/?query=Linda%20S%C3%A4llstr%C3%B6m\" rel=\"nofollow noopener\" target=\"_blank\">Linda S\u00e4llstr\u00f6m<\/a>.<\/p>\n<p class=\"article-body mb-nof-24 px-nof-16\">Koivisto, 31, ja Auvinen, 38, ovat naisten maajoukkueesta eli Helmareista tuttuja pelaajia.<\/p>\n<p class=\"article-body mb-nof-24 px-nof-16\">Yli 100 maaottelua pelanneen Koiviston t\u00e4m\u00e4n hetken seura on Italian Serie A:n AC Milan. H\u00e4n siirtyi Italiaan Liverpoolista monivuotisella sopimuksella toissa kes\u00e4n\u00e4.<\/p>\n<p class=\"article-body mb-nof-24 px-nof-16\">Auvinen p\u00e4\u00e4tti maajoukkueuransa vuoden 2022 EM-kisojen j\u00e4lkeen. H\u00e4n pelasi 20 A-maaottelua Suomen paidassa.<\/p>\n","protected":false},"excerpt":{"rendered":"Jalkapallo|Emma Koivisto ja Anna Auvinen julkaisivat ilouutisen sosiaalisessa mediassa. 30.9. 18:44 Helmareista tutut jalkapalloilijat Emma Koivisto ja Anna&hellip;\n","protected":false},"author":2,"featured_media":51975,"comment_status":"","ping_status":"","sticky":false,"template":"","format":"standard","meta":{"footnotes":""},"categories":[136],"tags":[407,137,33,31,30,46,408,32,109],"class_list":{"0":"post-51974","1":"post","2":"type-post","3":"status-publish","4":"format-standard","5":"has-post-thumbnail","7":"category-julkkikset","8":"tag-celebrities","9":"tag-entertainment","10":"tag-fi","11":"tag-finland","12":"tag-finnish","13":"tag-helsingin-sanomat","14":"tag-julkkikset","15":"tag-suomi","16":"tag-viihde"},"share_on_mastodon":{"url":"","error":""},"_links":{"self":[{"href":"https:\/\/www.europesays.com\/fi\/wp-json\/wp\/v2\/posts\/51974","targetHints":{"allow":["GET"]}}],"collection":[{"href":"https:\/\/www.europesays.com\/fi\/wp-json\/wp\/v2\/posts"}],"about":[{"href":"https:\/\/www.europesays.com\/fi\/wp-json\/wp\/v2\/types\/post"}],"author":[{"embeddable":true,"href":"https:\/\/www.europesays.com\/fi\/wp-json\/wp\/v2\/users\/2"}],"replies":[{"embeddable":true,"href":"https:\/\/www.europesays.com\/fi\/wp-json\/wp\/v2\/comments?post=51974"}],"version-history":[{"count":0,"href":"https:\/\/www.europesays.com\/fi\/wp-json\/wp\/v2\/posts\/51974\/revisions"}],"wp:featuredmedia":[{"embeddable":true,"href":"https:\/\/www.europesays.com\/fi\/wp-json\/wp\/v2\/media\/51975"}],"wp:attachment":[{"href":"https:\/\/www.europesays.com\/fi\/wp-json\/wp\/v2\/media?parent=51974"}],"wp:term":[{"taxonomy":"category","embeddable":true,"href":"https:\/\/www.europesays.com\/fi\/wp-json\/wp\/v2\/categories?post=51974"},{"taxonomy":"post_tag","embeddable":true,"href":"https:\/\/www.europesays.com\/fi\/wp-json\/wp\/v2\/tags?post=51974"}],"curies":[{"name":"wp","href":"https:\/\/api.w.org\/{rel}","templated":true}]}}