{"id":52110,"date":"2025-10-03T07:10:08","date_gmt":"2025-10-03T07:10:08","guid":{"rendered":"https:\/\/www.europesays.com\/fi\/52110\/"},"modified":"2025-10-03T07:10:08","modified_gmt":"2025-10-03T07:10:08","slug":"syyttaja-parikymppinen-nainen-valmisteli-veitsi-iskua-kauppakeskukseen-oulussa-nainen-kiistaa-jyrkasti-kotimaa","status":"publish","type":"post","link":"https:\/\/www.europesays.com\/fi\/52110\/","title":{"rendered":"Syytt\u00e4j\u00e4: Parikymppinen nainen valmisteli veitsi-iskua kauppakeskukseen Oulussa \u2013 nainen kiist\u00e4\u00e4 jyrk\u00e4sti | Kotimaa"},"content":{"rendered":"<p class=\"aw-1gybjub aw-5vja16 cmIuaG zKETg yle__article__paragraph\">Nainen otettiin kiinni sen j\u00e4lkeen, kun h\u00e4n oli heitellyt kivi\u00e4 kerrostalon katolta Oulussa hein\u00e4kuussa.<\/p>\n<p><img decoding=\"async\" alt=\"Oulun Oikeustalon edusta Torikadulla kaupungin keskustassa.\" src=\"https:\/\/www.europesays.com\/fi\/wp-content\/uploads\/2025\/10\/39-126864766167d70cd095.jpeg\" class=\"aw-1l9m598 hKVVvP\"\/><\/p>\n<p>Avaa kuvien katselu<\/p>\n<p>Asiaa k\u00e4sitell\u00e4\u00e4n Oulun k\u00e4r\u00e4j\u00e4oikeudessa t\u00e4n\u00e4\u00e4n. Kuva: Taneli K\u00e4rki \/ Yle<\/p>\n<p class=\"aw-1gybjub aw-1p7kakr cmIuaG fmSRng yle__article__paragraph\">Oulun k\u00e4r\u00e4j\u00e4oikeudessa on alkanut t\u00e4n\u00e4\u00e4n oikeudenk\u00e4ynti, jossa nuorta naista syytet\u00e4\u00e4n vakavan v\u00e4kivaltarikoksen valmistelusta.<\/p>\n<p class=\"aw-1gybjub aw-1p7kakr cmIuaG fmSRng yle__article__paragraph\">Syytt\u00e4j\u00e4 vaatii parikymppiselle naiselle rangaistusta t\u00f6rke\u00e4n henkeen tai terveyteen kohdistuvan rikoksen valmistelusta.<\/p>\n<p class=\"aw-1gybjub aw-1p7kakr cmIuaG fmSRng yle__article__paragraph\">Syytt\u00e4j\u00e4n mukaan rikos tapahtui aikav\u00e4lill\u00e4 1. tammikuuta &#8211; 27. hein\u00e4kuuta, jolloin nainen syytt\u00e4j\u00e4n mukaan teki yksityiskohtaisen suunnitelman vakavan v\u00e4kivaltarikoksen toteuttamiseksi.<\/p>\n<p class=\"aw-1gybjub aw-1p7kakr cmIuaG fmSRng yle__article__paragraph\">Syytt\u00e4j\u00e4n mukaan nainen oli toistuvasti puhunut toisille, ett\u00e4 haluaa tappaa tai vahingoittaa ihmisi\u00e4 ja maininnut mahdolliseksi tekopaikaksi Oulun keskustassa sijaitsevan kauppakeskuksen.<\/p>\n<p class=\"aw-1gybjub aw-1p7kakr cmIuaG fmSRng yle__article__paragraph\">Naisella oli syytteen mukaan hallussaan useita ter\u00e4aseita, ja h\u00e4n oli my\u00f6s piilottanut sellaisen Oulun keskustaan tekoa ajatellen, syytt\u00e4j\u00e4 v\u00e4itt\u00e4\u00e4.<\/p>\n<p class=\"aw-1gybjub aw-1p7kakr cmIuaG fmSRng yle__article__paragraph\">Nainen kiist\u00e4\u00e4 syytteen jyrk\u00e4sti.<\/p>\n<p class=\"aw-1gybjub aw-1p7kakr cmIuaG fmSRng yle__article__paragraph\">Puolustuksen mukaan naisella ei ollut rikoksen tekemist\u00e4 varten veitsi\u00e4, eik\u00e4 h\u00e4n tehnyt mink\u00e4\u00e4nlaista suunnitelmaa rikoksen tekemiseksi.<\/p>\n<p class=\"aw-1gybjub aw-1p7kakr cmIuaG fmSRng yle__article__paragraph\">Naisen oikeudenk\u00e4yntiavustaja kertoi oikeudessa, ett\u00e4 naisen terveydentila oli kes\u00e4ll\u00e4 2025 heikko ja nainen k\u00e4rsi mielenterveysongelmista saamatta apua niihin.<\/p>\n<p class=\"aw-1gybjub aw-1p7kakr cmIuaG fmSRng yle__article__paragraph\">Puolustuksen mukaan nainen oli puhunut muille v\u00e4kivallasta ja itsens\u00e4 satuttamisesta saadakseen apua. H\u00e4nell\u00e4 ei kuitenkaan ollut puolustuksen mukaan tarkoitusta satuttaa ket\u00e4\u00e4n. Naisen oikeudenk\u00e4yntiavustajan mukaan kyseli oli \u201dh\u00e4t\u00e4huudosta\u201d.<\/p>\n<p>Kirjoitti uhkauksia verkkoon<\/p>\n<p class=\"aw-1gybjub aw-1p7kakr cmIuaG fmSRng yle__article__paragraph\">Syytt\u00e4j\u00e4 esitteli oikeudessa todisteena listausta naiseen liittyvist\u00e4 poliisiteht\u00e4vist\u00e4 hein\u00e4kuussa 2025.<\/p>\n<p class=\"aw-1gybjub aw-1p7kakr cmIuaG fmSRng yle__article__paragraph\">Poliisille ilmoitettiin kuukauden aikana lukuisia kertoja siit\u00e4, ett\u00e4 nainen oli kirjoittanut erilaisiin kriisichat-palveluihin ja sosiaalisen median ryhmiin v\u00e4kivaltaisista ajatuksistaan.<\/p>\n<p class=\"aw-1gybjub aw-1p7kakr cmIuaG fmSRng yle__article__paragraph\">Viesteiss\u00e4 nainen kertoi esimerkiksi haluavansa puukottaa ja tappaa ihmisi\u00e4 sek\u00e4 ampua poliiseja. Nainen my\u00f6s kertoi olleensa er\u00e4\u00e4n\u00e4 y\u00f6n\u00e4 ulkona puukon kanssa odottaen sopivaa uhria.<\/p>\n<p class=\"aw-1gybjub aw-1p7kakr cmIuaG fmSRng yle__article__paragraph\">Er\u00e4\u00e4ss\u00e4 Facebook-ryhm\u00e4ss\u00e4 nainen kyseli, ett\u00e4 mit\u00e4 h\u00e4nen tulisi tehd\u00e4, sill\u00e4 \u201dket\u00e4\u00e4n ei kiinnosta\u201d se, ett\u00e4 h\u00e4n on h\u00e4n on suunnitellut hy\u00f6kk\u00e4\u00e4v\u00e4ns\u00e4 puukon kanssa ihmisporukkaan.<\/p>\n<p class=\"aw-1gybjub aw-1p7kakr cmIuaG fmSRng yle__article__paragraph\">\u2013 L\u00e4henk\u00f6 nyt vai heti? nainen kysyi p\u00e4ivityksess\u00e4.<\/p>\n<p class=\"aw-1gybjub aw-1p7kakr cmIuaG fmSRng yle__article__paragraph\">Poliisille tulleiden ilmoitusten mukaan nainen mainitsi Oulun yliopistollisen sairaalan ja kauppakeskus Valkean mahdollisina kohteina v\u00e4kivallanteoille.<\/p>\n<p class=\"aw-1gybjub aw-1p7kakr cmIuaG fmSRng yle__article__paragraph\">Naisen puolustuksen mukaan kirjoituksissa on ollut kyse ainoastaan siit\u00e4, ett\u00e4 nainen tarvitsi ja yritti hakea apua ongelmiinsa. Puolustus vetoaa my\u00f6s siihen, ettei poliisikaan ryhtynyt kovempiin toimenpiteisiin h\u00e4lytyksist\u00e4 huolimatta.<\/p>\n<p>Heitteli kivi\u00e4 kerrostalon katolta<\/p>\n<p class=\"aw-1gybjub aw-1p7kakr cmIuaG fmSRng yle__article__paragraph\">Poliisi otti naisen lopulta kiinni, kun t\u00e4m\u00e4 oli yritt\u00e4nyt kivitt\u00e4\u00e4 Oulussa ulkona liikkunutta henkil\u00f6\u00e4 27. hein\u00e4kuuta 2025. Nainen heitteli kivi\u00e4 Oulun keskustassa sijaitsevan kerrostalon katolta.<\/p>\n<p class=\"aw-1gybjub aw-1p7kakr cmIuaG fmSRng yle__article__paragraph\">N\u00e4ilt\u00e4 osin naista syytet\u00e4\u00e4n pahoinpitelyn yrityksest\u00e4. Nainen kiist\u00e4\u00e4 my\u00f6s t\u00e4m\u00e4n rikoksen. H\u00e4nen mukaansa h\u00e4nen tarkoituksena ei ollut osua kivill\u00e4 kehenk\u00e4\u00e4n tai satuttaa.<\/p>\n<p class=\"aw-1gybjub aw-1p7kakr cmIuaG fmSRng yle__article__paragraph\">V\u00e4likohtauksen j\u00e4lkeen alkaneessa tutkinnassa selvisi asioita, jotka johtivat vakavampaan rikosep\u00e4ilyyn. Asiasta kertoi tuolloin <a class=\"aw-iao6s4 iHOxEa yle__article__link\" href=\"https:\/\/www.is.fi\/oulun-seutu\/art-2000011396329.html\" role=\"link\" rel=\"nofollow noopener\" target=\"_blank\">Ilta-Sanomat<\/a>.<\/p>\n<p class=\"aw-1gybjub aw-1p7kakr cmIuaG fmSRng yle__article__paragraph\">Lehden mukaan poliisi ep\u00e4ili esitutkinnassa, ett\u00e4 mahdollisen rikoksen kohteeksi olisi voinut joutua jopa viidest\u00e4 kymmeneen henkil\u00f6\u00e4. Viranomaiset eiv\u00e4t kuitenkaan esitutkinnan aikana tarkemmin kertoneet, mist\u00e4 asiassa on kyse.<\/p>\n<p class=\"aw-1gybjub aw-1p7kakr cmIuaG fmSRng yle__article__paragraph\">Oikeudessa naista syytet\u00e4\u00e4n my\u00f6s 18. hein\u00e4kuuta tapahtuneesta tilanteesta, jossa h\u00e4n uhkaili useampaa oululaisen ravintolan terassilla ollutta henkil\u00f6\u00e4 veitsell\u00e4 ja kysyi n\u00e4ilt\u00e4: \u201dkuka haluaa puukosta?\u201d.<\/p>\n<p class=\"aw-1gybjub aw-1p7kakr cmIuaG fmSRng yle__article__paragraph\">Syytt\u00e4j\u00e4 vaatii naiselle rangaistusta viidest\u00e4 laittomasta uhkauksesta ja toisen vahingoittamiseen soveltuvan esineen tai aineen hallussapidosta. N\u00e4m\u00e4 nainen on my\u00f6nt\u00e4nyt.<\/p>\n<p class=\"aw-1gybjub aw-1p7kakr cmIuaG fmSRng yle__article__paragraph\">Oulun k\u00e4r\u00e4j\u00e4oikeus m\u00e4\u00e4r\u00e4si naisen tutkintavankeuteen 30. hein\u00e4kuuta.<\/p>\n<p class=\"aw-1gybjub aw-1p7kakr cmIuaG fmSRng yle__article__paragraph\">Oikeudenk\u00e4ynti alkoi t\u00e4n\u00e4\u00e4n aamuyhdeks\u00e4lt\u00e4. Yle on paikalla seuraamassa oikeudenk\u00e4ynnin alkua.<\/p>\n<p class=\"aw-1gybjub aw-1p7kakr cmIuaG fmSRng yle__article__paragraph\">Juttua muokattu 3.10.2025 kello 9.17: Juttua t\u00e4ydennetty oikeudenk\u00e4ynniss\u00e4 selvinneell\u00e4 syytteen sis\u00e4ll\u00f6ll\u00e4.<\/p>\n<p class=\"aw-1gybjub aw-1p7kakr cmIuaG fmSRng yle__article__paragraph\">P\u00e4ivit\u00e4mme juttua.<\/p>\n","protected":false},"excerpt":{"rendered":"Nainen otettiin kiinni sen j\u00e4lkeen, kun h\u00e4n oli heitellyt kivi\u00e4 kerrostalon katolta Oulussa hein\u00e4kuussa. Avaa kuvien katselu Asiaa&hellip;\n","protected":false},"author":2,"featured_media":52111,"comment_status":"","ping_status":"","sticky":false,"template":"","format":"standard","meta":{"footnotes":""},"categories":[12],"tags":[22,23,26,27,33,31,30,17,71,24,25,28,29,15,2098,1915,18,952,21,728,52,581,32,19,20,16],"class_list":{"0":"post-52110","1":"post","2":"type-post","3":"status-publish","4":"format-standard","5":"has-post-thumbnail","7":"category-suomi","8":"tag-breaking-news","9":"tag-breakingnews","10":"tag-featured-news","11":"tag-featurednews","12":"tag-fi","13":"tag-finland","14":"tag-finnish","15":"tag-headlines","16":"tag-kotimaa","17":"tag-latest-news","18":"tag-latestnews","19":"tag-main-news","20":"tag-mainnews","21":"tag-news","22":"tag-oikeudenkaynnit","23":"tag-oikeus","24":"tag-otsikot","25":"tag-oulu","26":"tag-paauutiset","27":"tag-pohjois-pohjanmaa","28":"tag-poliisi","29":"tag-rikokset","30":"tag-suomi","31":"tag-top-stories","32":"tag-topstories","33":"tag-uutiset"},"share_on_mastodon":{"url":"","error":""},"_links":{"self":[{"href":"https:\/\/www.europesays.com\/fi\/wp-json\/wp\/v2\/posts\/52110","targetHints":{"allow":["GET"]}}],"collection":[{"href":"https:\/\/www.europesays.com\/fi\/wp-json\/wp\/v2\/posts"}],"about":[{"href":"https:\/\/www.europesays.com\/fi\/wp-json\/wp\/v2\/types\/post"}],"author":[{"embeddable":true,"href":"https:\/\/www.europesays.com\/fi\/wp-json\/wp\/v2\/users\/2"}],"replies":[{"embeddable":true,"href":"https:\/\/www.europesays.com\/fi\/wp-json\/wp\/v2\/comments?post=52110"}],"version-history":[{"count":0,"href":"https:\/\/www.europesays.com\/fi\/wp-json\/wp\/v2\/posts\/52110\/revisions"}],"wp:featuredmedia":[{"embeddable":true,"href":"https:\/\/www.europesays.com\/fi\/wp-json\/wp\/v2\/media\/52111"}],"wp:attachment":[{"href":"https:\/\/www.europesays.com\/fi\/wp-json\/wp\/v2\/media?parent=52110"}],"wp:term":[{"taxonomy":"category","embeddable":true,"href":"https:\/\/www.europesays.com\/fi\/wp-json\/wp\/v2\/categories?post=52110"},{"taxonomy":"post_tag","embeddable":true,"href":"https:\/\/www.europesays.com\/fi\/wp-json\/wp\/v2\/tags?post=52110"}],"curies":[{"name":"wp","href":"https:\/\/api.w.org\/{rel}","templated":true}]}}