{"id":52112,"date":"2025-10-03T07:11:07","date_gmt":"2025-10-03T07:11:07","guid":{"rendered":"https:\/\/www.europesays.com\/fi\/52112\/"},"modified":"2025-10-03T07:11:07","modified_gmt":"2025-10-03T07:11:07","slug":"hus-ei-joudu-maksamaan-sairastuneille-katiloille-korvauksia","status":"publish","type":"post","link":"https:\/\/www.europesays.com\/fi\/52112\/","title":{"rendered":"Hus ei joudu maksamaan sairastuneille k\u00e4til\u00f6ille korvauksia"},"content":{"rendered":"<p>Sis\u00e4ilmaongelmat|Hovioikeus p\u00e4\u00e4tti sis\u00e4ilmasta sairastumista koskevan kiistan ty\u00f6nantajan eduksi. Kyseess\u00e4 on er\u00e4\u00e4nlainen ennakkotapaus.<\/p>\n<p>Lue tiivistelm\u00e4<\/p>\n<p>Tiivistelm\u00e4 on teko\u00e4lyn tekem\u00e4 ja ihmisen tarkistama.<\/p>\n<p class=\"article-body mb-nof-24 px-nof-16 sndp-summary-bullet-point-font\">Helsingin hovioikeus hylk\u00e4si K\u00e4til\u00f6opiston sis\u00e4ilmaongelmista sairastuneiden k\u00e4til\u00f6iden korvausvaatimukset Husia vastaan.<\/p>\n<p class=\"article-body mb-nof-24 px-nof-16 sndp-summary-bullet-point-font\">Hovioikeus katsoi Husin toimineen asianmukaisesti, vaikka totesi yhteyden sairaalan sis\u00e4ilman ja k\u00e4til\u00f6iden sairastumisen v\u00e4lill\u00e4.<\/p>\n<p class=\"article-body mb-nof-24 px-nof-16 sndp-summary-bullet-point-font\">P\u00e4\u00e4t\u00f6s voi vaikuttaa muihin oikeusjuttuihin ty\u00f6nantajan vastuusta sis\u00e4ilmaongelmissa.<\/p>\n<p class=\"article-body mb-nof-24 px-nof-16\">Sis\u00e4ilmaongelmista Helsingin K\u00e4til\u00f6opistolla sairastuneet k\u00e4til\u00f6t eiv\u00e4t sittenk\u00e4\u00e4n saa korvausta entiselt\u00e4 ty\u00f6nantajaltaan eli Husilta.<\/p>\n<p class=\"article-body mb-nof-24 px-nof-16\">Helsingin hovioikeus hylk\u00e4si perjantaina vahingonkorvauskanteet riita-asiassa, joka on er\u00e4\u00e4nlainen ennakkotapaus. T\u00e4ll\u00e4 voi olla vaikutusta muihinkin oikeusjuttuihin, joissa on kyse ty\u00f6nantajan vastuusta.<\/p>\n<p class=\"article-body mb-nof-24 px-nof-16\">Hovioikeus katsoi, ett\u00e4 sairaalan sis\u00e4ilman ja k\u00e4til\u00f6iden sairastumisen v\u00e4lill\u00e4 oli yhteys. Se kuitenkin n\u00e4kee asian niin, ett\u00e4 Hus on toiminut asiassa kuten kuuluukin ja oikeaan aikaan.<\/p>\n<p class=\"article-body mb-nof-24 px-nof-16\">Helsingin k\u00e4r\u00e4j\u00e4oikeus oli kev\u00e4\u00e4ll\u00e4 2023 p\u00e4invastaisella kannalla. Se m\u00e4\u00e4r\u00e4si ty\u00f6nantajan maksamaan kolmelle k\u00e4til\u00f6lle, joilla kaikilla oli ammattitaudiksi diagnosoitu astma. T\u00e4m\u00e4 ei ole ollut Suomessa tavanomaista.<\/p>\n<p class=\"article-body mb-nof-24 px-nof-16\">K\u00e4r\u00e4j\u00e4oikeus katsoi tuolloin, ett\u00e4 ty\u00f6nantajan olisi pit\u00e4nyt puuttua asioihin laajemmin ja aikaisemmin. Se piti Husin toimintaa v\u00e4hint\u00e4\u00e4n huolimattomana.<\/p>\n<p class=\"article-body mb-nof-24 px-nof-16\">Hus lopetti synnytykset K\u00e4til\u00f6opiston sairaalassa loppuvuodesta 2017, koska rakennuksessa todettiin laajoja mikrobivaurioita kuten esimerkiksi s\u00e4desient\u00e4. Varsinkin rakennuksen A-siivessa tilanne oli paha.<\/p>\n<p class=\"article-body mb-nof-24 px-nof-16\">My\u00f6hemmin koko K\u00e4til\u00f6opiston sairaala suljettiin ja Naistenklinikasta tuli n\u00e4in Helsingin ainoa synnytyssairaala.<\/p>\n<p class=\"article-body mb-nof-24 px-nof-16\">Sis\u00e4ilmaongelmista ja ty\u00f6ntekij\u00f6iden oireilusta oli kuitenkin K\u00e4til\u00f6opistolla raportoitu jo vuosia aiemmin. Hus oli tehnyt pieni\u00e4 korjauksia rakennukseen.<\/p>\n<p class=\"article-body mb-nof-24 px-nof-16\">Kaikki kolme k\u00e4til\u00f6\u00e4 olivat olleet t\u00f6iss\u00e4 K\u00e4til\u00f6opistolla pitk\u00e4\u00e4n. Oikeudessa olennaista on, ett\u00e4 kyet\u00e4\u00e4n osoittamaan, ett\u00e4 ty\u00f6nantajan toimet tai niiden puute ovat syy sairastumiseen.<\/p>\n<p class=\"article-body mb-nof-24 px-nof-16\">K\u00e4r\u00e4j\u00e4oikeuden mielest\u00e4 syy-yhteys siis oli olemassa, mutta hovioikeuden mielest\u00e4 ei. Hovioikeus arvioi, ett\u00e4 Husin tiedossa oli vasta kev\u00e4\u00e4ll\u00e4 2016, kuinka laajaa ja vakavaa ty\u00f6ntekij\u00f6iden oireilu oli. Vasta kev\u00e4\u00e4ll\u00e4 2017 selvisi, millaisessa kunnossa sairaala kokonaisuudessaan oli ja tuolloin sairaala p\u00e4\u00e4tettiin sulkea nopealla aikataululla.<\/p>\n<p class=\"article-body mb-nof-24 px-nof-16\">Hovioikeudessa kuultiin suurta joukkoa k\u00e4til\u00f6opiston entisi\u00e4 ty\u00f6ntekij\u00f6it\u00e4 sek\u00e4 asiantuntijoita.<\/p>\n<p class=\"article-body mb-nof-24 px-nof-16\">Hovioikeus katsoo, ett\u00e4 Hus on menetellyt ty\u00f6nantajana huolellisesti ja huolehtinut ty\u00f6terveydest\u00e4, kuten laki m\u00e4\u00e4r\u00e4\u00e4. Niinp\u00e4 oikeuden mukaan k\u00e4til\u00f6ille ei tarvitse maksaa korvauksia. He eiv\u00e4t kuitenkaan joudu maksamaan Husin oikeudenk\u00e4yntikuluja.<\/p>\n<p class=\"article-body mb-nof-24 px-nof-16\">K\u00e4til\u00f6opistolla eri tavoin oireilleita ammattilaisia on paljon kolmea suurempi joukko. Aiemmin ammattiliitto Tehy ennakoi, ett\u00e4 oikeusjuttuja voisi tulla parikymment\u00e4 lis\u00e4\u00e4 riippuen siit\u00e4, miten n\u00e4iden kolmen k\u00e4til\u00f6n k\u00e4y.<\/p>\n<p class=\"article-body mb-nof-24 px-nof-16\">Helsingin kaupunki on suunnitellut, ett\u00e4 K\u00e4til\u00f6opiston kortteliin tulee tulevaisuudessa runsaasti uusia asuntoja.<\/p>\n<p class=\"article-body mb-nof-24 px-nof-16\">Kortteliin siis rakennetaan uusia taloja mutta my\u00f6s suojeltu sairaalarakennus on tarkoitus kunnostaa perusteellisesti.<\/p>\n","protected":false},"excerpt":{"rendered":"Sis\u00e4ilmaongelmat|Hovioikeus p\u00e4\u00e4tti sis\u00e4ilmasta sairastumista koskevan kiistan ty\u00f6nantajan eduksi. Kyseess\u00e4 on er\u00e4\u00e4nlainen ennakkotapaus. Lue tiivistelm\u00e4 Tiivistelm\u00e4 on teko\u00e4lyn tekem\u00e4&hellip;\n","protected":false},"author":2,"featured_media":52113,"comment_status":"","ping_status":"","sticky":false,"template":"","format":"standard","meta":{"footnotes":""},"categories":[5],"tags":[22,23,26,27,33,31,30,17,46,24,25,28,29,15,18,21,32,19,20,16],"class_list":{"0":"post-52112","1":"post","2":"type-post","3":"status-publish","4":"format-standard","5":"has-post-thumbnail","7":"category-otsikot","8":"tag-breaking-news","9":"tag-breakingnews","10":"tag-featured-news","11":"tag-featurednews","12":"tag-fi","13":"tag-finland","14":"tag-finnish","15":"tag-headlines","16":"tag-helsingin-sanomat","17":"tag-latest-news","18":"tag-latestnews","19":"tag-main-news","20":"tag-mainnews","21":"tag-news","22":"tag-otsikot","23":"tag-paauutiset","24":"tag-suomi","25":"tag-top-stories","26":"tag-topstories","27":"tag-uutiset"},"share_on_mastodon":{"url":"","error":""},"_links":{"self":[{"href":"https:\/\/www.europesays.com\/fi\/wp-json\/wp\/v2\/posts\/52112","targetHints":{"allow":["GET"]}}],"collection":[{"href":"https:\/\/www.europesays.com\/fi\/wp-json\/wp\/v2\/posts"}],"about":[{"href":"https:\/\/www.europesays.com\/fi\/wp-json\/wp\/v2\/types\/post"}],"author":[{"embeddable":true,"href":"https:\/\/www.europesays.com\/fi\/wp-json\/wp\/v2\/users\/2"}],"replies":[{"embeddable":true,"href":"https:\/\/www.europesays.com\/fi\/wp-json\/wp\/v2\/comments?post=52112"}],"version-history":[{"count":0,"href":"https:\/\/www.europesays.com\/fi\/wp-json\/wp\/v2\/posts\/52112\/revisions"}],"wp:featuredmedia":[{"embeddable":true,"href":"https:\/\/www.europesays.com\/fi\/wp-json\/wp\/v2\/media\/52113"}],"wp:attachment":[{"href":"https:\/\/www.europesays.com\/fi\/wp-json\/wp\/v2\/media?parent=52112"}],"wp:term":[{"taxonomy":"category","embeddable":true,"href":"https:\/\/www.europesays.com\/fi\/wp-json\/wp\/v2\/categories?post=52112"},{"taxonomy":"post_tag","embeddable":true,"href":"https:\/\/www.europesays.com\/fi\/wp-json\/wp\/v2\/tags?post=52112"}],"curies":[{"name":"wp","href":"https:\/\/api.w.org\/{rel}","templated":true}]}}