{"id":52318,"date":"2025-10-03T14:30:09","date_gmt":"2025-10-03T14:30:09","guid":{"rendered":"https:\/\/www.europesays.com\/fi\/52318\/"},"modified":"2025-10-03T14:30:09","modified_gmt":"2025-10-03T14:30:09","slug":"hs-carl-haglund-sai-potkut-aktiasta-koska-mustamaalasi-pankin-muita-johtajia-uutisia-lyhyesti","status":"publish","type":"post","link":"https:\/\/www.europesays.com\/fi\/52318\/","title":{"rendered":"HS: Carl Haglund sai potkut Aktiasta, koska mustamaalasi pankin muita johtajia | Uutisia lyhyesti"},"content":{"rendered":"<p class=\"aw-1gybjub aw-5vja16 cmIuaG zKETg yle__article__paragraph\">Helsingin Sanomien haastattelemat l\u00e4hteet tulkitsevat, ett\u00e4 Haglund yritti asettaa muita huonoon valoon hallituksen silmiss\u00e4 p\u00f6nkitt\u00e4\u00e4kseen omaa asemaansa. <\/p>\n<p class=\"aw-1gybjub aw-1p7kakr cmIuaG fmSRng yle__article__paragraph\">Carl Haglund sai potkut finanssiyhti\u00f6 Aktian toimitusjohtajan toimesta, koska h\u00e4n <a class=\"aw-iao6s4 iHOxEa yle__article__link\" href=\"https:\/\/www.hs.fi\/visio\/art-2000011531124.html\" role=\"link\" rel=\"nofollow noopener\" target=\"_blank\">levitti per\u00e4tt\u00f6mi\u00e4 v\u00e4itteit\u00e4 pankin muista johtajista<\/a>, kirjoittaa Helsingin Sanomat.<\/p>\n<p class=\"aw-1gybjub aw-1p7kakr cmIuaG fmSRng yle__article__paragraph\">Lehden tietojen mukaan Haglundin ja Aktian muun johtoryhm\u00e4n v\u00e4lill\u00e4 oli ollut j\u00e4nnitteit\u00e4 jo h\u00e4nen nimityksest\u00e4\u00e4n l\u00e4htien. Tilanne k\u00e4rjistyi sen j\u00e4lkeen, kun aktian suuromistaja RG Partners myi osakkeensa Etolalle.<\/p>\n<p class=\"aw-1gybjub aw-1p7kakr cmIuaG fmSRng yle__article__paragraph\">Useiden Helsingin Sanomien haastattelemien l\u00e4hteiden mukaan Haglund mustamaalasi muita Aktian johtajia ja levitti heist\u00e4 per\u00e4tt\u00f6mi\u00e4 v\u00e4itteit\u00e4. Monet tulkitsevat, ett\u00e4 h\u00e4n yritti asettaa muita huonoon valoon hallituksen silmiss\u00e4 p\u00f6nkitt\u00e4\u00e4kseen omaa asemaansa. HS:n tietojen mukaan keskeinen todiste oli \u00e4\u00e4nitallenne Haglundin k\u00e4ym\u00e4st\u00e4 keskustelusta.<\/p>\n<p class=\"aw-1gybjub aw-1p7kakr cmIuaG fmSRng yle__article__paragraph\">Aktia tiedotti Haglundin potkuista 15.9.<\/p>\n","protected":false},"excerpt":{"rendered":"Helsingin Sanomien haastattelemat l\u00e4hteet tulkitsevat, ett\u00e4 Haglund yritti asettaa muita huonoon valoon hallituksen silmiss\u00e4 p\u00f6nkitt\u00e4\u00e4kseen omaa asemaansa. Carl&hellip;\n","protected":false},"author":2,"featured_media":74,"comment_status":"","ping_status":"","sticky":false,"template":"","format":"standard","meta":{"footnotes":""},"categories":[76],"tags":[12854,79,10931,77,33,31,30,11421,71,32,78],"class_list":{"0":"post-52318","1":"post","2":"type-post","3":"status-publish","4":"format-standard","5":"has-post-thumbnail","7":"category-talous","8":"tag-aktia","9":"tag-business","10":"tag-carl-haglund","11":"tag-economy","12":"tag-fi","13":"tag-finland","14":"tag-finnish","15":"tag-irtisanominen","16":"tag-kotimaa","17":"tag-suomi","18":"tag-talous"},"share_on_mastodon":{"url":"","error":""},"_links":{"self":[{"href":"https:\/\/www.europesays.com\/fi\/wp-json\/wp\/v2\/posts\/52318","targetHints":{"allow":["GET"]}}],"collection":[{"href":"https:\/\/www.europesays.com\/fi\/wp-json\/wp\/v2\/posts"}],"about":[{"href":"https:\/\/www.europesays.com\/fi\/wp-json\/wp\/v2\/types\/post"}],"author":[{"embeddable":true,"href":"https:\/\/www.europesays.com\/fi\/wp-json\/wp\/v2\/users\/2"}],"replies":[{"embeddable":true,"href":"https:\/\/www.europesays.com\/fi\/wp-json\/wp\/v2\/comments?post=52318"}],"version-history":[{"count":0,"href":"https:\/\/www.europesays.com\/fi\/wp-json\/wp\/v2\/posts\/52318\/revisions"}],"wp:featuredmedia":[{"embeddable":true,"href":"https:\/\/www.europesays.com\/fi\/wp-json\/wp\/v2\/media\/74"}],"wp:attachment":[{"href":"https:\/\/www.europesays.com\/fi\/wp-json\/wp\/v2\/media?parent=52318"}],"wp:term":[{"taxonomy":"category","embeddable":true,"href":"https:\/\/www.europesays.com\/fi\/wp-json\/wp\/v2\/categories?post=52318"},{"taxonomy":"post_tag","embeddable":true,"href":"https:\/\/www.europesays.com\/fi\/wp-json\/wp\/v2\/tags?post=52318"}],"curies":[{"name":"wp","href":"https:\/\/api.w.org\/{rel}","templated":true}]}}