{"id":52321,"date":"2025-10-03T14:32:07","date_gmt":"2025-10-03T14:32:07","guid":{"rendered":"https:\/\/www.europesays.com\/fi\/52321\/"},"modified":"2025-10-03T14:32:07","modified_gmt":"2025-10-03T14:32:07","slug":"laaja-norovirusepaily-helsinkilaiskoulussa-ilta-sanomat","status":"publish","type":"post","link":"https:\/\/www.europesays.com\/fi\/52321\/","title":{"rendered":"Laaja norovirusep\u00e4ily helsinkil\u00e4iskoulussa &#8211; Ilta-Sanomat"},"content":{"rendered":"<ol>\n<li><a href=\"https:\/\/news.google.com\/rss\/articles\/CBMiXEFVX3lxTE85djZyZTFJVkNVMzRyOEE5V21NcGh6dU94YUxlQVhKbkJjRG83WXZVY2RNWE1Ua09PS1AtSHFuZUx1LVJXblp4NzFlR01WS05FYk85aGlfdFVxWHJE?oc=5\" target=\"_blank\" rel=\"nofollow noopener\">Laaja norovirusep\u00e4ily helsinkil\u00e4iskoulussa<\/a>&nbsp;&nbsp;Ilta-Sanomat<\/li>\n<li><a href=\"https:\/\/news.google.com\/rss\/articles\/CBMiQkFVX3lxTE40Z2JSUERjOE1oeHlVM1gtY2cwZkVjaTZIUmF4WE45Y2hKNnVIN25qWk50eEVZaGQ2aVVxY2RVTktDQQ?oc=5\" target=\"_blank\" rel=\"nofollow noopener\">Helsinkil\u00e4iskoulussa mahdollinen norovirusepidemia \u2013 tiedossa noin sata sairastunutta<\/a>&nbsp;&nbsp;Yle<\/li>\n<li><a href=\"https:\/\/news.google.com\/rss\/articles\/CBMiYEFVX3lxTE9kN2xWcWtJaDFxdldEN3YwV1B5SWVnbjF2TzYxS2pxUUh2M0dWdjhjSE1tWEV6QWlWQnhzZWVwZi1YWFFQQnNqM2M5WndyQVBEMVpEQ2FKWVNwc01XNU5POQ?oc=5\" target=\"_blank\" rel=\"nofollow noopener\">Helsinkil\u00e4iskoulussa ep\u00e4ill\u00e4\u00e4n noroepidemiaa \u2013 jo sata sairastunutta<\/a>&nbsp;&nbsp;Helsingin Uutiset<\/li>\n<li><a href=\"https:\/\/news.google.com\/rss\/articles\/CBMikwFBVV95cUxPQ0dKUWNTb2lTZF95VjNEOVJvS3FQVE55VTN3empJWjU0cG00RDBXSVlLdk5hdFFhZGRLdG5qSHVMQlNUN1NCbXZva2oyWXhxWFFfV05IRmNDN2lUQkJ6bWp5ZXFXSE85OFgzRmYxYUUzZG1ZYVpGNGpyb3c5d2ltRWVFaVpGYmNDdU9RaUJTcFdjcVE?oc=5\" target=\"_blank\" rel=\"nofollow noopener\">Sata oppilasta sairastunut koulussa, ep\u00e4ill\u00e4\u00e4n norovirusta<\/a>&nbsp;&nbsp;Verkkouutiset<\/li>\n<li><a href=\"https:\/\/news.google.com\/rss\/articles\/CBMixAFBVV95cUxOaW9kTzJMcFRXcWdoX3ljcHhoS1JyTnVzSW5JeHUxczFaUzdDWHk1dDNwV0ZkcXpFTjRjczJlS3FpbDNKYUdSQm5FZjJIYlBqeWctTXhPNGxNR2FQcE0wV0ZLOGhudDMtaFFvVzRfVF9qSU9VNk9BV2d2NnNibU1fWnc4OFA3aGhySnY3LXNxelBHSnZrN2o2dEJPU09FQU1HdkVjdENySlRfRmxERzNEaml3OXJiQnB3WG9lQmxxR3JIUERy?oc=5\" target=\"_blank\" rel=\"nofollow noopener\">Mahdollinen norovirusepidemia Munkkiniemen yhteiskoulussa | Helsingin kaupunki, kaupunkiymp\u00e4rist\u00f6n toimiala<\/a>&nbsp;&nbsp;STT Info<\/li>\n<\/ol>\n","protected":false},"excerpt":{"rendered":"Laaja norovirusep\u00e4ily helsinkil\u00e4iskoulussa&nbsp;&nbsp;Ilta-Sanomat Helsinkil\u00e4iskoulussa mahdollinen norovirusepidemia \u2013 tiedossa noin sata sairastunutta&nbsp;&nbsp;Yle Helsinkil\u00e4iskoulussa ep\u00e4ill\u00e4\u00e4n noroepidemiaa \u2013 jo sata sairastunutta&nbsp;&nbsp;Helsingin&hellip;\n","protected":false},"author":2,"featured_media":52322,"comment_status":"","ping_status":"","sticky":false,"template":"","format":"standard","meta":{"footnotes":""},"categories":[12],"tags":[22,23,26,27,33,31,30,17,34,24,25,28,29,15,18,21,32,19,20,16],"class_list":{"0":"post-52321","1":"post","2":"type-post","3":"status-publish","4":"format-standard","5":"has-post-thumbnail","7":"category-suomi","8":"tag-breaking-news","9":"tag-breakingnews","10":"tag-featured-news","11":"tag-featurednews","12":"tag-fi","13":"tag-finland","14":"tag-finnish","15":"tag-headlines","16":"tag-ilta-sanomat","17":"tag-latest-news","18":"tag-latestnews","19":"tag-main-news","20":"tag-mainnews","21":"tag-news","22":"tag-otsikot","23":"tag-paauutiset","24":"tag-suomi","25":"tag-top-stories","26":"tag-topstories","27":"tag-uutiset"},"share_on_mastodon":{"url":"","error":""},"_links":{"self":[{"href":"https:\/\/www.europesays.com\/fi\/wp-json\/wp\/v2\/posts\/52321","targetHints":{"allow":["GET"]}}],"collection":[{"href":"https:\/\/www.europesays.com\/fi\/wp-json\/wp\/v2\/posts"}],"about":[{"href":"https:\/\/www.europesays.com\/fi\/wp-json\/wp\/v2\/types\/post"}],"author":[{"embeddable":true,"href":"https:\/\/www.europesays.com\/fi\/wp-json\/wp\/v2\/users\/2"}],"replies":[{"embeddable":true,"href":"https:\/\/www.europesays.com\/fi\/wp-json\/wp\/v2\/comments?post=52321"}],"version-history":[{"count":0,"href":"https:\/\/www.europesays.com\/fi\/wp-json\/wp\/v2\/posts\/52321\/revisions"}],"wp:featuredmedia":[{"embeddable":true,"href":"https:\/\/www.europesays.com\/fi\/wp-json\/wp\/v2\/media\/52322"}],"wp:attachment":[{"href":"https:\/\/www.europesays.com\/fi\/wp-json\/wp\/v2\/media?parent=52321"}],"wp:term":[{"taxonomy":"category","embeddable":true,"href":"https:\/\/www.europesays.com\/fi\/wp-json\/wp\/v2\/categories?post=52321"},{"taxonomy":"post_tag","embeddable":true,"href":"https:\/\/www.europesays.com\/fi\/wp-json\/wp\/v2\/tags?post=52321"}],"curies":[{"name":"wp","href":"https:\/\/api.w.org\/{rel}","templated":true}]}}