{"id":52343,"date":"2025-10-03T15:23:07","date_gmt":"2025-10-03T15:23:07","guid":{"rendered":"https:\/\/www.europesays.com\/fi\/52343\/"},"modified":"2025-10-03T15:23:07","modified_gmt":"2025-10-03T15:23:07","slug":"trumpilta-kova-uhkaus-hamasille-ennennakematon-helvetti-voi-paasta-irti","status":"publish","type":"post","link":"https:\/\/www.europesays.com\/fi\/52343\/","title":{"rendered":"Trumpilta kova uhkaus Hamasille \u2013 \u201dEnnenn\u00e4kem\u00e4t\u00f6n helvetti\u201d voi p\u00e4\u00e4st\u00e4 irti"},"content":{"rendered":"<p>Trump antaa Hamasille sunnuntai-iltaan aikaa hyv\u00e4ksy\u00e4 sopimusehdotuksensa.<\/p>\n<p class=\"article-body mb-nof-24 px-nof-16\">Presidentti <a class=\"article-personlink\" href=\"https:\/\/www.is.fi\/haku\/?query=Donald%20Trump\" rel=\"nofollow noopener\" target=\"_blank\">Donald Trump <\/a>antaa Hamasille sunnuntai-iltaan aikaa hyv\u00e4ksy\u00e4 h\u00e4nen suunnitelmansa Gazan tulevaisuudesta.<\/p>\n<p class=\"article-body mb-nof-24 px-nof-16\">\u2013 Hamasin t\u00e4ytyy hyv\u00e4ksy\u00e4 sopimus sunnuntai-iltaan kello 18:aan menness\u00e4 Washington DC:n aikaa, kirjoitti Trump sosiaalisen median alustallaan.<\/p>\n<p class=\"article-body mb-nof-24 px-nof-16\">Aikaraja olisi kello 01 maanantaina Suomen aikaa.<\/p>\n<p class=\"article-body mb-nof-24 px-nof-16\">\u2013 Kaikki maat ovat allekirjoittaneet! Jos t\u00e4h\u00e4n viimeiseen mahdollisuuteen sovusta ei p\u00e4\u00e4st\u00e4, niin puhkeaa ennenn\u00e4kem\u00e4t\u00f6n helvetti Hamasia vastaan, uhosi Trump rauhansopimuksensa hyv\u00e4ksymisest\u00e4.<\/p>\n<p class=\"article-body mb-nof-24 px-nof-16\">Trump sanoi tiistaina, ett\u00e4 h\u00e4n antaa Hamasille kolmesta nelj\u00e4\u00e4n p\u00e4iv\u00e4\u00e4 aikaa hyv\u00e4ksy\u00e4 20-kohtainen sovintoesitys, jossa muun muassa vaaditaan Hamasin aseistariisumista. Hamas on aiemmin vastustanut t\u00e4t\u00e4.<\/p>\n<p class=\"article-body mb-nof-24 px-nof-16\">Hamasia l\u00e4hell\u00e4 oleva l\u00e4hde kertoi keskiviikkona terroristij\u00e4rjest\u00f6n harkitsevan rauhanehdotusta.<\/p>\n<p class=\"article-body mb-nof-24 px-nof-16\">Trumpin sopimus vaatii v\u00e4lit\u00f6nt\u00e4 tulitaukoa, kaikkien Hamasin panttivankien sek\u00e4 Israelin hallussa olevien palestiinalaisten vapauttamista, Israelin asteittaista vet\u00e4ytymist\u00e4 Gazasta, Hamasin aseistariisumista sek\u00e4 v\u00e4liaikaisen, kansainv\u00e4lisesti johdetun hallinnon luomista Gazaan.<\/p>\n<p class=\"article-body mb-nof-24 px-nof-16\">Turkki, Egypti ja Qatar ovat kehottamassa Hamasia antamaan my\u00f6nteisen vastauksen Trumpin ehdotukseen Gazan sodan lopettamiseksi, kertoi yhdysvaltalainen uutissivusto <a class=\"article-genericlink\" href=\"https:\/\/www.axios.com\/2025\/09\/30\/hamas-response-trump-gaza-plan-qatar-egypt-turkey\" rel=\"nofollow noopener\" target=\"_blank\">Axios <\/a>keskiviikkona.<\/p>\n","protected":false},"excerpt":{"rendered":"Trump antaa Hamasille sunnuntai-iltaan aikaa hyv\u00e4ksy\u00e4 sopimusehdotuksensa. Presidentti Donald Trump antaa Hamasille sunnuntai-iltaan aikaa hyv\u00e4ksy\u00e4 h\u00e4nen suunnitelmansa Gazan&hellip;\n","protected":false},"author":2,"featured_media":52344,"comment_status":"","ping_status":"","sticky":false,"template":"","format":"standard","meta":{"footnotes":""},"categories":[14],"tags":[22,23,26,27,33,31,30,17,34,24,25,28,29,15,18,21,32,19,20,56,16,59,60,61],"class_list":{"0":"post-52343","1":"post","2":"type-post","3":"status-publish","4":"format-standard","5":"has-post-thumbnail","7":"category-ulkomaat","8":"tag-breaking-news","9":"tag-breakingnews","10":"tag-featured-news","11":"tag-featurednews","12":"tag-fi","13":"tag-finland","14":"tag-finnish","15":"tag-headlines","16":"tag-ilta-sanomat","17":"tag-latest-news","18":"tag-latestnews","19":"tag-main-news","20":"tag-mainnews","21":"tag-news","22":"tag-otsikot","23":"tag-paauutiset","24":"tag-suomi","25":"tag-top-stories","26":"tag-topstories","27":"tag-ulkomaat","28":"tag-uutiset","29":"tag-world","30":"tag-world-news","31":"tag-worldnews"},"share_on_mastodon":{"url":"","error":""},"_links":{"self":[{"href":"https:\/\/www.europesays.com\/fi\/wp-json\/wp\/v2\/posts\/52343","targetHints":{"allow":["GET"]}}],"collection":[{"href":"https:\/\/www.europesays.com\/fi\/wp-json\/wp\/v2\/posts"}],"about":[{"href":"https:\/\/www.europesays.com\/fi\/wp-json\/wp\/v2\/types\/post"}],"author":[{"embeddable":true,"href":"https:\/\/www.europesays.com\/fi\/wp-json\/wp\/v2\/users\/2"}],"replies":[{"embeddable":true,"href":"https:\/\/www.europesays.com\/fi\/wp-json\/wp\/v2\/comments?post=52343"}],"version-history":[{"count":0,"href":"https:\/\/www.europesays.com\/fi\/wp-json\/wp\/v2\/posts\/52343\/revisions"}],"wp:featuredmedia":[{"embeddable":true,"href":"https:\/\/www.europesays.com\/fi\/wp-json\/wp\/v2\/media\/52344"}],"wp:attachment":[{"href":"https:\/\/www.europesays.com\/fi\/wp-json\/wp\/v2\/media?parent=52343"}],"wp:term":[{"taxonomy":"category","embeddable":true,"href":"https:\/\/www.europesays.com\/fi\/wp-json\/wp\/v2\/categories?post=52343"},{"taxonomy":"post_tag","embeddable":true,"href":"https:\/\/www.europesays.com\/fi\/wp-json\/wp\/v2\/tags?post=52343"}],"curies":[{"name":"wp","href":"https:\/\/api.w.org\/{rel}","templated":true}]}}