{"id":52351,"date":"2025-10-03T15:45:08","date_gmt":"2025-10-03T15:45:08","guid":{"rendered":"https:\/\/www.europesays.com\/fi\/52351\/"},"modified":"2025-10-03T15:45:08","modified_gmt":"2025-10-03T15:45:08","slug":"the-five-corners-quintet-esiintyy-kuopiossa-helmikuussa","status":"publish","type":"post","link":"https:\/\/www.europesays.com\/fi\/52351\/","title":{"rendered":"The Five Corners Quintet esiintyy Kuopiossa helmikuussa"},"content":{"rendered":"<p>Keskiviikkona <strong>4.2.2026 klo 19<\/strong> Kuopion Musiikkikeskuksessa nautitaan energisest\u00e4 jazzin sykkeest\u00e4, kun Konserttisalin estradille nousee Suomen merkitt\u00e4vimpien jazzyhtyeiden joukkoon kuuluva The Five Corners Quintet.<\/p>\n<p>The Five Corners Quintet on kansainv\u00e4lisess\u00e4 suosiossa ja levymyynnillisesti (yli 50 000 myyty\u00e4 albumia) yksi Suomen merkitt\u00e4vimmist\u00e4 jazzyhtyeist\u00e4 kautta aikojen. 2000-luvun puoliv\u00e4liss\u00e4 TFCQ:n energinen, 60-lukulaiseen jazzperinteeseen nojaava tanssittava musiikki nousi DJ:den soittolistoille sek\u00e4 nuoren klubiyleis\u00f6n tietoisuuteen.<\/p>\n<p>Liveb\u00e4ndi, johon kuuluivat <strong>Jukka Eskola<\/strong> (trumpetti), <strong>Timo Lassy<\/strong> (tenorisaksofoni), <strong>Mikael Jakobsson<\/strong> (piano), sek\u00e4 <strong>Antti L\u00f6tj\u00f6nen<\/strong> (basso) ja <strong>Teppo M\u00e4kynen<\/strong> (rummut), on kiert\u00e4nyt ahkerasti ymp\u00e4ri maailmaa ja noussut suureen suosioon erityisesti Japanissa.<\/p>\n<p>Sittemmin yhtyeen j\u00e4senet ovat luoneet menestyksekk\u00e4\u00e4t soolouransa ja ovat osaltaan kotimaisen jazzkent\u00e4n t\u00e4m\u00e4n p\u00e4iv\u00e4n merkitt\u00e4vimpi\u00e4 muusikoita. Nyt yhtye juhlistaa ensilevyn 20-vuotisjuhlap\u00e4iv\u00e4\u00e4 soittamalla levyn materiaalia p\u00e4ivitetyin, mutta originaalia tunnelmaa kunnioittavin versioin.<\/p>\n<p>Konsertin kesto on noin 1 tunti 40 minuuttia, sis. v\u00e4liajan.<\/p>\n<p><a href=\"https:\/\/www.lippu.fi\/event\/the-five-corners-quintet-kuopion-musiikkikeskus-20688125\/#tab=\" rel=\"nofollow noopener\" target=\"_blank\">Liput: 36,40 \u20ac T\u00c4ST\u00c4<\/a><\/p>\n<p>J\u00e4rjest\u00e4j\u00e4: Kuopion Musiikkikeskus<\/p>\n","protected":false},"excerpt":{"rendered":"Keskiviikkona 4.2.2026 klo 19 Kuopion Musiikkikeskuksessa nautitaan energisest\u00e4 jazzin sykkeest\u00e4, kun Konserttisalin estradille nousee Suomen merkitt\u00e4vimpien jazzyhtyeiden joukkoon&hellip;\n","protected":false},"author":2,"featured_media":52352,"comment_status":"","ping_status":"","sticky":false,"template":"","format":"standard","meta":{"footnotes":""},"categories":[130],"tags":[137,33,31,30,32,109],"class_list":{"0":"post-52351","1":"post","2":"type-post","3":"status-publish","4":"format-standard","5":"has-post-thumbnail","7":"category-viihde","8":"tag-entertainment","9":"tag-fi","10":"tag-finland","11":"tag-finnish","12":"tag-suomi","13":"tag-viihde"},"share_on_mastodon":{"url":"","error":""},"_links":{"self":[{"href":"https:\/\/www.europesays.com\/fi\/wp-json\/wp\/v2\/posts\/52351","targetHints":{"allow":["GET"]}}],"collection":[{"href":"https:\/\/www.europesays.com\/fi\/wp-json\/wp\/v2\/posts"}],"about":[{"href":"https:\/\/www.europesays.com\/fi\/wp-json\/wp\/v2\/types\/post"}],"author":[{"embeddable":true,"href":"https:\/\/www.europesays.com\/fi\/wp-json\/wp\/v2\/users\/2"}],"replies":[{"embeddable":true,"href":"https:\/\/www.europesays.com\/fi\/wp-json\/wp\/v2\/comments?post=52351"}],"version-history":[{"count":0,"href":"https:\/\/www.europesays.com\/fi\/wp-json\/wp\/v2\/posts\/52351\/revisions"}],"wp:featuredmedia":[{"embeddable":true,"href":"https:\/\/www.europesays.com\/fi\/wp-json\/wp\/v2\/media\/52352"}],"wp:attachment":[{"href":"https:\/\/www.europesays.com\/fi\/wp-json\/wp\/v2\/media?parent=52351"}],"wp:term":[{"taxonomy":"category","embeddable":true,"href":"https:\/\/www.europesays.com\/fi\/wp-json\/wp\/v2\/categories?post=52351"},{"taxonomy":"post_tag","embeddable":true,"href":"https:\/\/www.europesays.com\/fi\/wp-json\/wp\/v2\/tags?post=52351"}],"curies":[{"name":"wp","href":"https:\/\/api.w.org\/{rel}","templated":true}]}}