{"id":52356,"date":"2025-10-03T15:50:10","date_gmt":"2025-10-03T15:50:10","guid":{"rendered":"https:\/\/www.europesays.com\/fi\/52356\/"},"modified":"2025-10-03T15:50:10","modified_gmt":"2025-10-03T15:50:10","slug":"venalaisten-helsinki-reissun-rajut-luvut-julki","status":"publish","type":"post","link":"https:\/\/www.europesays.com\/fi\/52356\/","title":{"rendered":"Ven\u00e4l\u00e4isten Helsinki-reissun rajut luvut julki"},"content":{"rendered":"<p>Ven\u00e4l\u00e4isoligarkkien Suomessa tekem\u00e4n j\u00e4\u00e4kiekko- ja areenaseikkailun viimeiset luvut ovat tiskiss\u00e4.<\/p>\n<p><img decoding=\"async\" class=\"image image-show image-preview\" src=\"https:\/\/www.europesays.com\/fi\/wp-content\/uploads\/2025\/10\/3326df36d952339edda273078c2946ef7ddce5e97cde8f4d425b4b21292c2131.jpg\" alt=\"\"\/><img decoding=\"async\" class=\"image image-show\" src=\"https:\/\/www.europesays.com\/fi\/wp-content\/uploads\/2025\/10\/1759506608_341_3326df36d952339edda273078c2946ef7ddce5e97cde8f4d425b4b21292c2131.jpg\" alt=\"\"\/><\/p>\n<p>Gennadi Timt\u0161enko, Roman Rotenberg ja Kai Paananen py\u00f6rittiv\u00e4t Hartwall-areenaa yli vuosikymmenen. Jenni G\u00e4stgivar<\/p>\n<p class=\"paragraph\">Nyky\u00e4\u00e4n Veikkaus-areenana tunnettu, Helsingin Pasilassa n\u00f6k\u00f6tt\u00e4v\u00e4 monitoimiareena poltti miljoonia euroja ven\u00e4l\u00e4isoligarkkien <strong>Gennadi Timt\u0161enkon<\/strong> ja <strong>Arkadi<\/strong>, <strong>Boris<\/strong> sek\u00e4 <strong>Roman Rotenbergin<\/strong> rahaa.<\/p>\n<p class=\"paragraph\">Ven\u00e4l\u00e4isille koituneesta hintalapusta saa viitteit\u00e4 areenan taustayhti\u00f6n viimeisimm\u00e4st\u00e4, vastik\u00e4\u00e4n rekister\u00f6idyst\u00e4 tilinp\u00e4\u00e4t\u00f6ksest\u00e4 (01.05.2024\u201330.04.2025).<\/p>\n<p class=\"paragraph\">Huomionarvoista kuitenkin on, ett\u00e4 areena myytiin suomalaisille kesken tilikauden.<\/p>\n<p class=\"paragraph\">Kaupasta uutisoitiin marraskuussa 2024 ja paperit\u00f6iden j\u00e4lkeen kauppa sai virallisen sinettins\u00e4 helmikuussa 2025.<\/p>\n<p>Pankkitilin saldo<\/p>\n<p class=\"paragraph\">Taustayhti\u00f6n taseen rahat ja pankkisaamiset osoitti huhtikuun lopussa reilua kolmea miljoonaa euroa.<\/p>\n<p class=\"paragraph\">Taseen rahat ja pankkisaamiset kertoo karkeasti ottaen sen, paljonko yrityksell\u00e4 on tilill\u00e4 rahaa. T\u00e4m\u00e4 summa hupeni tasaista tahtia sen j\u00e4lkeen, kun Ven\u00e4j\u00e4 laajensi brutaalia hy\u00f6kk\u00e4yssotaansa Ukrainassa alkuvuodesta 2022 ja areena j\u00e4i tyhjilleen.<\/p>\n<p>LUE MY\u00d6S<\/p>\n<p class=\"paragraph\">Areenan taustayhti\u00f6n rahat ja pankkisaamiset<\/p>\n<p class=\"paragraph\"><strong>30.4.2022<\/strong> 8,9 miljoonaa euroa<\/p>\n<p class=\"paragraph\"><strong>30.4.2023<\/strong> 7,1 miljoonaa euroa<\/p>\n<p class=\"paragraph\"><strong>30.4.2024<\/strong> 6,3 miljoonaa euroa<\/p>\n<p class=\"paragraph\"><strong>30.4.2025<\/strong> 3,0 miljoonaa euroa<\/p>\n<p class=\"paragraph\">Areenan taustayhti\u00f6ll\u00e4 oli kuluja koko ajan, vaikka areena oli tyhjill\u00e4\u00e4n. Kuluja olivat ainakin henkil\u00f6st\u00f6kulut, tonttivuokrat sek\u00e4 l\u00e4mmitys- ja s\u00e4hk\u00f6laskut.<\/p>\n<p class=\"paragraph\">Toisaalta suomalaiset pankit eiv\u00e4t tiett\u00e4v\u00e4sti suostuneet v\u00e4litt\u00e4m\u00e4\u00e4n ven\u00e4l\u00e4isomisteisen halliyhti\u00f6n maksuja, joten <a href=\"https:\/\/www.iltalehti.fi\/jaakiekko\/508e544b-1c0d-43d4-a321-7f9649a7e92f\" rel=\"nofollow noopener\" target=\"_blank\">yhti\u00f6 sai maksuihin apua<\/a> Suomessa kolmansilta osapuolilta.<\/p>\n<p class=\"paragraph\">Taustayhti\u00f6n henkil\u00f6st\u00f6kulut ja liiketoiminnan muut kulut tilikaudella 2024\u201325 olivat 3,4 miljoonaa euroa.<\/p>\n<p>Kai Paananen toimi ven\u00e4l\u00e4isten asiainhoitajana Suomessa. Paulus Pitk\u00e4l\u00e4<\/p>\n<p>Plussat ja miinukset<\/p>\n<p class=\"paragraph\">Areena oli ven\u00e4l\u00e4isomistuksessa vuodesta 2013 l\u00e4htien. Areenan omistamisen ja raskaasti tappiollisen KHL-Jokerien rahoittamisen katsottiin olleen ven\u00e4l\u00e4isten pehme\u00e4\u00e4 vaikuttamista Suomessa.<\/p>\n<p class=\"paragraph\">Vaikka areena poltti viimeisin\u00e4 vuosina rahaa, saattoivat ven\u00e4l\u00e4iset paikata menetyst\u00e4 kauppasummilla.<\/p>\n<p class=\"paragraph\"><a href=\"https:\/\/www.kauppalehti.fi\/uutiset\/a\/35051a52-285e-35b6-a182-b55bd0ae46c8\" target=\"_blank\" rel=\"noopener nofollow\">Kauppalehti<\/a> laski vuonna 2013, ett\u00e4 areenan kauppahinta saattoi olla 35 miljoonaa euroa. Laskelma perustui Sanoman osavuosikatsauksen tietoihin ja siihen, ett\u00e4 <strong>Hjallis Harkimo<\/strong> kertoi kaikkien omistajien saaneen osakkeistaan saman hinnan.<\/p>\n<p class=\"paragraph\">Toisaalta mik\u00e4li hinta laskettiin tuolloin osakkeiden \u00e4\u00e4nivallan mukaan, kauppahinta oli roimasti pienempi.<\/p>\n<p class=\"paragraph\"><a href=\"https:\/\/www.iltalehti.fi\/jaakiekko\/82cb9066-74fa-4d17-bcb7-ccc14e461136\" rel=\"nofollow noopener\" target=\"_blank\">Iltalehden tietojen<\/a> mukaan monitoimiareenan kauppahinta tuoreimmassa omistajavaihdoksessa oli 60 miljoonaa euroa.<\/p>\n<p class=\"paragraph\">KHL-Jokerien megamassiivisia tappioita <a href=\"https:\/\/www.iltalehti.fi\/khl\/ed736619-9cb3-489f-bce0-45f2c1ff4e0e\" rel=\"nofollow noopener\" target=\"_blank\">samat ven\u00e4l\u00e4iset rahoittivat<\/a> vuosikymmenen vaihteeseen asti ainakin 57 miljoonalla eurolla.<\/p>\n<p class=\"paragraph\">T\u00e4m\u00e4n j\u00e4lkeen Jokereiden tappiot kuitattiin ven\u00e4l\u00e4isomisteisen Norilsk Nickel -yhti\u00f6n kassasta.<\/p>\n<p>Roman Rotenberg oli pitk\u00e4\u00e4n KHL-Jokerien taustalla. AOP<\/p>\n<p><a href=\"https:\/\/www.iltalehti.fi\/telkku\/?utm_source=iltalehti.fi&amp;utm_medium=almainternal&amp;utm_campaign=urheilu_artikkelibanneri&amp;utm_content=banner_612_a\" rel=\"nofollow noopener\" target=\"_blank\"><img decoding=\"async\" src=\"https:\/\/www.europesays.com\/fi\/wp-content\/uploads\/2025\/08\/7ef604e47d46ca174b7df4149bd3557dbde56a86d520f8e1b2125548b0a2e03a.png\" alt=\"TV-ohjelmat t\u00e4n\u00e4\u00e4n, TV-opas\"\/><\/a><\/p>\n","protected":false},"excerpt":{"rendered":"Ven\u00e4l\u00e4isoligarkkien Suomessa tekem\u00e4n j\u00e4\u00e4kiekko- ja areenaseikkailun viimeiset luvut ovat tiskiss\u00e4. Gennadi Timt\u0161enko, Roman Rotenberg ja Kai Paananen py\u00f6rittiv\u00e4t&hellip;\n","protected":false},"author":2,"featured_media":52357,"comment_status":"","ping_status":"","sticky":false,"template":"","format":"standard","meta":{"footnotes":""},"categories":[12],"tags":[35,1144,22,23,26,27,33,31,30,17,1143,24,25,41,28,29,15,18,21,32,1145,19,20,1319,16],"class_list":{"0":"post-52356","1":"post","2":"type-post","3":"status-publish","4":"format-standard","5":"has-post-thumbnail","7":"category-suomi","8":"tag-24h","9":"tag-ammattilaisjaakiekko","10":"tag-breaking-news","11":"tag-breakingnews","12":"tag-featured-news","13":"tag-featurednews","14":"tag-fi","15":"tag-finland","16":"tag-finnish","17":"tag-headlines","18":"tag-jaakiekko","19":"tag-latest-news","20":"tag-latestnews","21":"tag-liikunta-ja-urheilu","22":"tag-main-news","23":"tag-mainnews","24":"tag-news","25":"tag-otsikot","26":"tag-paauutiset","27":"tag-suomi","28":"tag-talviurheilu","29":"tag-top-stories","30":"tag-topstories","31":"tag-tulostiedot","32":"tag-uutiset"},"share_on_mastodon":{"url":"","error":""},"_links":{"self":[{"href":"https:\/\/www.europesays.com\/fi\/wp-json\/wp\/v2\/posts\/52356","targetHints":{"allow":["GET"]}}],"collection":[{"href":"https:\/\/www.europesays.com\/fi\/wp-json\/wp\/v2\/posts"}],"about":[{"href":"https:\/\/www.europesays.com\/fi\/wp-json\/wp\/v2\/types\/post"}],"author":[{"embeddable":true,"href":"https:\/\/www.europesays.com\/fi\/wp-json\/wp\/v2\/users\/2"}],"replies":[{"embeddable":true,"href":"https:\/\/www.europesays.com\/fi\/wp-json\/wp\/v2\/comments?post=52356"}],"version-history":[{"count":0,"href":"https:\/\/www.europesays.com\/fi\/wp-json\/wp\/v2\/posts\/52356\/revisions"}],"wp:featuredmedia":[{"embeddable":true,"href":"https:\/\/www.europesays.com\/fi\/wp-json\/wp\/v2\/media\/52357"}],"wp:attachment":[{"href":"https:\/\/www.europesays.com\/fi\/wp-json\/wp\/v2\/media?parent=52356"}],"wp:term":[{"taxonomy":"category","embeddable":true,"href":"https:\/\/www.europesays.com\/fi\/wp-json\/wp\/v2\/categories?post=52356"},{"taxonomy":"post_tag","embeddable":true,"href":"https:\/\/www.europesays.com\/fi\/wp-json\/wp\/v2\/tags?post=52356"}],"curies":[{"name":"wp","href":"https:\/\/api.w.org\/{rel}","templated":true}]}}