{"id":52393,"date":"2025-10-03T17:07:08","date_gmt":"2025-10-03T17:07:08","guid":{"rendered":"https:\/\/www.europesays.com\/fi\/52393\/"},"modified":"2025-10-03T17:07:08","modified_gmt":"2025-10-03T17:07:08","slug":"ukraina-sanoo-iskeneensa-oljynjalostamoon-orskissa","status":"publish","type":"post","link":"https:\/\/www.europesays.com\/fi\/52393\/","title":{"rendered":"Ukraina sanoo iskeneens\u00e4 \u00f6ljynjalostamoon Orskissa"},"content":{"rendered":"<p>Ukraina v\u00e4itt\u00e4\u00e4 iskeneens\u00e4 yhdelle Ven\u00e4j\u00e4n suurimmista \u00f6ljynjalostamoista.<\/p>\n<p>Ukrainan joukot suorittivat y\u00f6n aikana drooni-iskun Orsknefteorgsintezin \u00f6ljynjalostamoon Ven\u00e4j\u00e4n Orskin kaupungissa, l\u00e4hell\u00e4 Kazakstanin rajaa, kertoo Ukrainan turvallisuuspalvelu SBU uutistoimisto Reutersille.<\/p>\n<p>\u00d6ljyjalostamo sijaitsee noin 1\u00a0400 kilometrin p\u00e4\u00e4ss\u00e4 Ukrainan ja Ven\u00e4j\u00e4n rajasta.<\/p>\n<p>Orsknefteorgsintez on yksi Ven\u00e4j\u00e4n suurimmista \u00f6ljynjalostamoista ja keskeinen osa maan energiaverkostoa. Jalostamolla on t\u00e4rke\u00e4 rooli \u00f6ljytuotteiden toimittamisessa Uralin ja Volgan alueille.<\/p>\n<p><a class=\"underline\" data-testid=\"external-link\" href=\"https:\/\/kyivindependent.com\/ukrainian-drones-strike-one-of-russias-largest-refineries-in-southern-urals\/\" rel=\"noopener noreferrer nofollow\" target=\"_blank\" data-sentry-component=\"ExternalLink\" data-sentry-source-file=\"ExternalLink.tsx\">Kyiv Independentin<\/a> mukaan alueen kuvern\u00f6\u00f6ri <strong class=\"typography-bold\">Evgeni Solntsev<\/strong> vahvisti hy\u00f6kk\u00e4yksen, mutta v\u00e4itti, ettei jalostamon toiminta h\u00e4iriintynyt. H\u00e4nen mukaansa pelastusty\u00f6ntekij\u00e4t ty\u00f6skentelev\u00e4t parhaillaan.<\/p>\n","protected":false},"excerpt":{"rendered":"Ukraina v\u00e4itt\u00e4\u00e4 iskeneens\u00e4 yhdelle Ven\u00e4j\u00e4n suurimmista \u00f6ljynjalostamoista. Ukrainan joukot suorittivat y\u00f6n aikana drooni-iskun Orsknefteorgsintezin \u00f6ljynjalostamoon Ven\u00e4j\u00e4n Orskin kaupungissa,&hellip;\n","protected":false},"author":2,"featured_media":52394,"comment_status":"","ping_status":"","sticky":false,"template":"","format":"standard","meta":{"footnotes":""},"categories":[14],"tags":[22,23,26,27,33,31,30,17,24,25,28,29,15,18,21,32,19,20,56,16,59,60,61],"class_list":{"0":"post-52393","1":"post","2":"type-post","3":"status-publish","4":"format-standard","5":"has-post-thumbnail","7":"category-ulkomaat","8":"tag-breaking-news","9":"tag-breakingnews","10":"tag-featured-news","11":"tag-featurednews","12":"tag-fi","13":"tag-finland","14":"tag-finnish","15":"tag-headlines","16":"tag-latest-news","17":"tag-latestnews","18":"tag-main-news","19":"tag-mainnews","20":"tag-news","21":"tag-otsikot","22":"tag-paauutiset","23":"tag-suomi","24":"tag-top-stories","25":"tag-topstories","26":"tag-ulkomaat","27":"tag-uutiset","28":"tag-world","29":"tag-world-news","30":"tag-worldnews"},"share_on_mastodon":{"url":"","error":""},"_links":{"self":[{"href":"https:\/\/www.europesays.com\/fi\/wp-json\/wp\/v2\/posts\/52393","targetHints":{"allow":["GET"]}}],"collection":[{"href":"https:\/\/www.europesays.com\/fi\/wp-json\/wp\/v2\/posts"}],"about":[{"href":"https:\/\/www.europesays.com\/fi\/wp-json\/wp\/v2\/types\/post"}],"author":[{"embeddable":true,"href":"https:\/\/www.europesays.com\/fi\/wp-json\/wp\/v2\/users\/2"}],"replies":[{"embeddable":true,"href":"https:\/\/www.europesays.com\/fi\/wp-json\/wp\/v2\/comments?post=52393"}],"version-history":[{"count":0,"href":"https:\/\/www.europesays.com\/fi\/wp-json\/wp\/v2\/posts\/52393\/revisions"}],"wp:featuredmedia":[{"embeddable":true,"href":"https:\/\/www.europesays.com\/fi\/wp-json\/wp\/v2\/media\/52394"}],"wp:attachment":[{"href":"https:\/\/www.europesays.com\/fi\/wp-json\/wp\/v2\/media?parent=52393"}],"wp:term":[{"taxonomy":"category","embeddable":true,"href":"https:\/\/www.europesays.com\/fi\/wp-json\/wp\/v2\/categories?post=52393"},{"taxonomy":"post_tag","embeddable":true,"href":"https:\/\/www.europesays.com\/fi\/wp-json\/wp\/v2\/tags?post=52393"}],"curies":[{"name":"wp","href":"https:\/\/api.w.org\/{rel}","templated":true}]}}