{"id":52412,"date":"2025-10-03T17:55:09","date_gmt":"2025-10-03T17:55:09","guid":{"rendered":"https:\/\/www.europesays.com\/fi\/52412\/"},"modified":"2025-10-03T17:55:09","modified_gmt":"2025-10-03T17:55:09","slug":"makwan-amirkhani-ryopyttaa-immu-ilmenia","status":"publish","type":"post","link":"https:\/\/www.europesays.com\/fi\/52412\/","title":{"rendered":"Makwan Amirkhani ry\u00f6pytt\u00e4\u00e4 Immu Ilm\u00e9ni\u00e4"},"content":{"rendered":"<p>Vapaaottelija muun muassa kehottaa Ilm\u00e9ni\u00e4 vastaamaan puhelimeensa.<\/p>\n<p>Theo Kolehmainen itki h\u00e4vitty\u00e4\u00e4n Makwan Amirkhanille.<\/p>\n<p class=\"article-body mb-nof-24 px-nof-16\">Vapaaottelija <a class=\"article-personlink\" href=\"https:\/\/www.is.fi\/haku\/?query=Makwan%20Amirkhani\" rel=\"nofollow noopener\" target=\"_blank\">Makwan Amirkhani<\/a> julkaisi perjantaina Instagramissa videon, jossa h\u00e4n ry\u00f6pytt\u00e4\u00e4 entist\u00e4 rikollista ja nykyist\u00e4 somevaikuttajaa <a class=\"article-personlink\" href=\"https:\/\/www.is.fi\/haku\/?query=Mika%20%E2%80%9DImmu%E2%80%9D%20Ilm%C3%A9ni%C3%A4\" rel=\"nofollow noopener\" target=\"_blank\">Mika \u201dImmu\u201d Ilm\u00e9ni\u00e4<\/a>.<\/p>\n<p class=\"article-body mb-nof-24 px-nof-16\">Ilm\u00e9n k\u00e4ytt\u00e4\u00e4 esimerkiksi Youtubessa nimimerkki\u00e4 Gangstakuiskaaja. Amirkhani puhuttelee videolla Ilm\u00e9ni\u00e4 \u201dGangstakuorsaajana\u201d.<\/p>\n<p class=\"article-body mb-nof-24 px-nof-16\">\u2013 S\u00e4 olit kovasti innokas ottamaan mun kohuaiheen esille ja syytt\u00e4m\u00e4\u00e4n, Amirkhani toteaa videolla.<\/p>\n<p class=\"article-body mb-nof-24 px-nof-16\">\u2013 Vastaa siihen puhelimeen, sua kuulemma etit\u00e4\u00e4n, h\u00e4n jatkaa.<\/p>\n<p class=\"article-body mb-nof-24 px-nof-16\">Amirkhani ilmoittaa, ett\u00e4 kello tikitt\u00e4\u00e4 ja h\u00e4n vahvistaa sanomaansa imitoimalla tikitys\u00e4\u00e4nt\u00e4.<\/p>\n<p class=\"article-body mb-nof-24 px-nof-16\">Entisen UFC-ottelijan mukaan Ilm\u00e9nist\u00e4 \u201dalkaa paljastua uusia puolia\u201d, eik\u00e4 t\u00e4m\u00e4 olekaan \u201dihan niin hyv\u00e4 ihminen\u201d.<\/p>\n<p class=\"article-body mb-nof-24 px-nof-16\">\u2013 Kivoja tarinoita tulossa. Verhot avataan ja kerrotaan v\u00e4h\u00e4n teik\u00e4l\u00e4isen historiasta.\u202f Olet niin kova tuomitsemaan muita ihmisi\u00e4 ja olet nyky\u00e4\u00e4n se malli.<\/p>\n<p class=\"article-body mb-nof-24 px-nof-16\">Amirkhani on lis\u00e4nnyt p\u00e4ivitykseens\u00e4 itkunauravia ja klovneja esitt\u00e4vi\u00e4 emojeita.<\/p>\n<p class=\"article-body mb-nof-24 px-nof-16\">Ilm\u00e9n otti syyskuussa <a class=\"article-genericlink\" href=\"https:\/\/www.iltalehti.fi\/kamppailulajit\/a\/2dcce3c5-17ce-4722-a285-80cdae3046e7\" rel=\"nofollow noopener\" target=\"_blank\">Iltalehden <\/a>Ukkola-ohjelmassa kantaa Amirkhanin ymp\u00e4rill\u00e4 velloneeseen kohuun.<\/p>\n<p class=\"article-body mb-nof-24 px-nof-16\">Artisti <a class=\"article-personlink\" href=\"https:\/\/www.is.fi\/haku\/?query=Mira%20Luoti\" rel=\"nofollow noopener\" target=\"_blank\">Mira Luoti<\/a> sanoi PMMP-dokumentissa joutuneensa seksuaalisen v\u00e4kivallan kohteeksi tv-ohjelman kuvauksissa. Luoti ei ole itse ottanut tekij\u00e4n henkil\u00f6llisyyteen kantaa.<\/p>\n<p class=\"article-body mb-nof-24 px-nof-16\"><a class=\"article-genericlink\" href=\"https:\/\/www.hs.fi\/kulttuuri\/art-2000011435766.html\" rel=\"nofollow noopener\" target=\"_blank\">Helsingin Sanomien<\/a> n\u00e4kem\u00e4n s\u00e4hk\u00f6postin perusteella ohjelman tuotantoyhti\u00f6 tiesi, ett\u00e4 Luodin ja Amirkhanin v\u00e4lill\u00e4 tapahtui jonkinlainen v\u00e4likohtaus Julkkisselviytyj\u00e4t-ohjelman kuvauksissa 2017.<\/p>\n<p class=\"article-body mb-nof-24 px-nof-16\">Amirkhani on kiist\u00e4nyt jyrk\u00e4sti syyllistyneens\u00e4 mihink\u00e4\u00e4n lainvastaiseen.<\/p>\n<p class=\"article-body mb-nof-24 px-nof-16\">Lue lis\u00e4\u00e4: <a class=\"article-genericlink\" href=\"https:\/\/www.is.fi\/urheilu\/art-2000011477902.html\" rel=\"nofollow noopener\" target=\"_blank\">Makwan Amirkhani puhuu nyt Julkkisselviytyj\u00e4t-kohusta<\/a><\/p>\n<p class=\"article-body mb-nof-24 px-nof-16\">Ilm\u00e9n totesi Ukkola-ohjelmassa, ett\u00e4 kohun takia Amirkhani olisi pit\u00e4nyt hyllytt\u00e4\u00e4 syyskuun Ice Cagesta, jossa t\u00e4m\u00e4 otteli <a class=\"article-personlink\" href=\"https:\/\/www.is.fi\/haku\/?query=Theo%20Kolehmaista\" rel=\"nofollow noopener\" target=\"_blank\">Theo Kolehmaista<\/a> vastaan.<\/p>\n<p class=\"article-body mb-nof-24 px-nof-16\">H\u00e4n my\u00f6s esitti kovia vihjailuja ja huhuja Amirkhanista.<\/p>\n<p class=\"article-body mb-nof-24 px-nof-16\">\u2013 H\u00e4n (Amirkhani) on kiistanalainen persoona. Useilta kamppailu-urheilusaleilta on tullut l\u00e4ht\u00f6. Niiss\u00e4 on ollut rahaep\u00e4selvyyksi\u00e4 ja tavaraa on h\u00e4vinnyt, eik\u00e4 oikein tiedet\u00e4, miksi on h\u00e4vinnyt. Aina ne ovat p\u00e4\u00e4ttyneet siihen, ett\u00e4 h\u00e4n on joutunut pois niilt\u00e4 saleilta. H\u00e4nen maineensa on aika huono, Ilm\u00e9n sanoi Ukkola-ohjelmassa.<\/p>\n<p class=\"article-body mb-nof-24 px-nof-16\">Amirkhani ei sanonut perjantaina julkaisemallaan videolla, tarkoittiko h\u00e4n Ilm\u00e9nin kommentoinnilla t\u00e4m\u00e4n esiintymist\u00e4 Ukkola-ohjelmassa.<\/p>\n<p><img decoding=\"async\" src=\"https:\/\/www.europesays.com\/fi\/wp-content\/uploads\/2025\/10\/1759514109_202_468.jpg\" alt=\"Mika Ilm\u00e9n otteli itse Ice Cagessa toukokuussa. Joni Takala tyrm\u00e4si h\u00e4net.\" class=\"_Img_1rerz_1\" style=\"aspect-ratio:1.5\" loading=\"eager\"\/><\/p>\n<p class=\"article-picture-caption\">Mika Ilm\u00e9n otteli itse Ice Cagessa toukokuussa. Joni Takala tyrm\u00e4si h\u00e4net. Kuva:\u00a0Vesa Moilanen \/ Lehtikuva<\/p>\n<p class=\"article-body mb-nof-24 px-nof-16\">Amirkhani sanoi syyskuun alun Ice Cagen j\u00e4lkeen IS:lle, ett\u00e4 Julkkisselviytyjiin liittyneet syyt\u00f6kset ovat raskaita ja ne saivat h\u00e4net surulliseksi eritoten h\u00e4nen i\u00e4kk\u00e4\u00e4n \u00e4itins\u00e4 ja pienen lapsensa takia.<\/p>\n","protected":false},"excerpt":{"rendered":"Vapaaottelija muun muassa kehottaa Ilm\u00e9ni\u00e4 vastaamaan puhelimeensa. Theo Kolehmainen itki h\u00e4vitty\u00e4\u00e4n Makwan Amirkhanille. Vapaaottelija Makwan Amirkhani julkaisi perjantaina&hellip;\n","protected":false},"author":2,"featured_media":52413,"comment_status":"","ping_status":"","sticky":false,"template":"","format":"standard","meta":{"footnotes":""},"categories":[130],"tags":[137,33,31,30,34,32,109],"class_list":{"0":"post-52412","1":"post","2":"type-post","3":"status-publish","4":"format-standard","5":"has-post-thumbnail","7":"category-viihde","8":"tag-entertainment","9":"tag-fi","10":"tag-finland","11":"tag-finnish","12":"tag-ilta-sanomat","13":"tag-suomi","14":"tag-viihde"},"share_on_mastodon":{"url":"","error":""},"_links":{"self":[{"href":"https:\/\/www.europesays.com\/fi\/wp-json\/wp\/v2\/posts\/52412","targetHints":{"allow":["GET"]}}],"collection":[{"href":"https:\/\/www.europesays.com\/fi\/wp-json\/wp\/v2\/posts"}],"about":[{"href":"https:\/\/www.europesays.com\/fi\/wp-json\/wp\/v2\/types\/post"}],"author":[{"embeddable":true,"href":"https:\/\/www.europesays.com\/fi\/wp-json\/wp\/v2\/users\/2"}],"replies":[{"embeddable":true,"href":"https:\/\/www.europesays.com\/fi\/wp-json\/wp\/v2\/comments?post=52412"}],"version-history":[{"count":0,"href":"https:\/\/www.europesays.com\/fi\/wp-json\/wp\/v2\/posts\/52412\/revisions"}],"wp:featuredmedia":[{"embeddable":true,"href":"https:\/\/www.europesays.com\/fi\/wp-json\/wp\/v2\/media\/52413"}],"wp:attachment":[{"href":"https:\/\/www.europesays.com\/fi\/wp-json\/wp\/v2\/media?parent=52412"}],"wp:term":[{"taxonomy":"category","embeddable":true,"href":"https:\/\/www.europesays.com\/fi\/wp-json\/wp\/v2\/categories?post=52412"},{"taxonomy":"post_tag","embeddable":true,"href":"https:\/\/www.europesays.com\/fi\/wp-json\/wp\/v2\/tags?post=52412"}],"curies":[{"name":"wp","href":"https:\/\/api.w.org\/{rel}","templated":true}]}}