{"id":52421,"date":"2025-10-03T18:21:08","date_gmt":"2025-10-03T18:21:08","guid":{"rendered":"https:\/\/www.europesays.com\/fi\/52421\/"},"modified":"2025-10-03T18:21:08","modified_gmt":"2025-10-03T18:21:08","slug":"bachelor-suomi-tahti-joonas-kenttamiehen-radikaali-muodonmuutos-shokeeraa","status":"publish","type":"post","link":"https:\/\/www.europesays.com\/fi\/52421\/","title":{"rendered":"Bachelor Suomi -t\u00e4hti Joonas Kentt\u00e4miehen radikaali muodonmuutos shokeeraa"},"content":{"rendered":"<p>            Timo Korhonen\n        <\/p>\n<p class=\"subtitle \">Joonaksen seuraajat ovat ilmaisseet j\u00e4rkyttyneens\u00e4 tv-t\u00e4hden muodonmuutoksesta.<\/p>\n<p class=\"article-content article-content-width !bg-background\">Bachelor Suomi -ohjelmasta tuttu  p\u00e4\u00e4tyi muuttamaan radikaalisti ulkon\u00e4k\u00f6\u00e4\u00e4n.<\/p>\n<p class=\"font-weight-bold m-font-weight-bold article-content article-content-width !bg-background\">Katso arkistovideo: Bachelor-parin yll\u00e4tysero<\/p>\n<p class=\"article-content article-content-width !bg-background\">Joonas julkaisi Instagram-sivullaan perjantaina (3.10.) videon, joka on saanut seuraajat h\u00e4mm\u00e4stym\u00e4\u00e4n toden teolla. Joonas on nimitt\u00e4in p\u00e4\u00e4tt\u00e4nyt luopua tuuheasta, ruskeasta kuontalostaan ja ajaa p\u00e4\u00e4ns\u00e4 kaljuksi.<\/p>\n<p>        <a itemprop=\"url\" href=\"https:\/\/www.seiska.fi\/vain-seiskassa\/salakuva-julki-bachelor-joonas-yllattavassa-seurassa-aivan-kuin-olisi-ollut\/1912666\" rel=\"nofollow noopener\" target=\"_blank\"><\/p>\n<p>\nSalakuva julki!\n<\/p>\n<p class=\"section-date\">\n        <strong class=\"article-section\" data-section=\"vain seiskassa\"><br \/>\n            vain seiskassa<br \/>\n        <\/strong><br \/>\n        28.8. 17:00\n    <\/p>\n<p>Salakuva julki! Bachelor-Joonas yll\u00e4tt\u00e4v\u00e4ss\u00e4 seurassa \u2013 \u201dAivan kuin olisi ollut\u2026\u201d\n    <\/p>\n<p itemprop=\"description\" class=\"subtitle \">\n    Telkkarista tuttu Joonas Kentt\u00e4mies kohotutti kulmakarvoja Lahdessa.\n<\/p>\n<p>        <\/a><\/p>\n<p class=\"article-content article-content-width !bg-background\">Videolla Joonas vet\u00e4\u00e4 ajokoneen reippaasti vasten p\u00e4\u00e4t\u00e4\u00e4n. Se j\u00e4tt\u00e4\u00e4 j\u00e4lkeens\u00e4 siistin, kaljun viivan. Joonas nauraa n\u00e4hdess\u00e4\u00e4n k\u00e4ttens\u00e4 j\u00e4ljen. Valmista lopputulosta h\u00e4n ei ole viel\u00e4 seuraajilleen paljastanut.<\/p>\n<p class=\"article-content article-content-width !bg-background\"> \u2013 Uusi ajanjakso, Joonas kirjoittaa kuvatekstiss\u00e4 vapaasti suomennettuna.<\/p>\n<p>&#8221;Mit\u00e4 s\u00e4 teet&#8221;<\/p>\n<p class=\"article-content article-content-width !bg-background\">Joonaksen seuraajat ovat j\u00e4rkyttyneet tv-kasvon ulkon\u00e4k\u00f6muutoksesta.<\/p>\n<p class=\"article-content article-content-width !bg-background\"> \u2013 Mit\u00e4 s\u00e4 oikeen teet, kommentoija ihmettelee.<\/p>\n<p class=\"article-content article-content-width !bg-background\"> \u2013 Tuuletan p\u00e4\u00e4nahkaa talveks, Joonas kuittaa.<\/p>\n<p class=\"article-content article-content-width !bg-background\"> \u2013 Nounounounou\u2026 noo onneks se kasvaa takas, seuraaja lohduttelee itse\u00e4\u00e4n.<\/p>\n<p class=\"article-content article-content-width !bg-background\"> \u2013 Mit\u00e4 m\u00e4 just n\u00e4in, er\u00e4s kauhistelee.<\/p>\n<p class=\"article-content article-content-width !bg-background\"> \u2013 Luulin, ett\u00e4 vitsailet, englanninkielinen seuraaja p\u00e4ivittelee.<\/p>\n<p>        <a itemprop=\"url\" href=\"https:\/\/www.seiska.fi\/kotimaa\/uusi-ura-bachelor-joonas-tarjoaa-nyt-energiahoitoja-tata-se-tarkoittaa\/1864805\" rel=\"nofollow noopener\" target=\"_blank\"><\/p>\n<p>\nBachelor-Joonas Seiskalle:\n<\/p>\n<p class=\"section-date\">\n        <strong class=\"article-section\" data-section=\"kotimaa\"><br \/>\n            kotimaa<br \/>\n        <\/strong><br \/>\n        14.7. 18:00\n    <\/p>\n<p>Uusi ura? Bachelor-Joonas tarjoaa nyt energiahoitoja \u2013 t\u00e4t\u00e4 se tarkoittaa\n    <\/p>\n<p itemprop=\"description\" class=\"subtitle \">\n    Joonas ilmoitti Instagramissaan tarjoavansa energiahoitoja. Seiska selvitti, mist\u00e4 on kyse.\n<\/p>\n<p>        <\/a><\/p>\n<p class=\"article-content article-content-width !bg-background\">Joonaksen tempaus on saanut toiset muistelemaan my\u00f6s poppari  takavuosien kriisi\u00e4, jolloin h\u00e4n ajoi tukkansa pois.<\/p>\n<p class=\"article-content article-content-width !bg-background\"> \u2013 Britney era, kommentoija vertaa.<\/p>\n<p class=\"article-content article-content-width !bg-background\"> \u2013 Paitsi hyv\u00e4 fiilis ja hymyilytt\u00e4\u00e4, Joonas vastaa.<\/p>\n<p>Takana shokkiero<\/p>\n<p class=\"article-content article-content-width !bg-background\">Joonas elelee tiett\u00e4v\u00e4sti t\u00e4ll\u00e4 hetkell\u00e4 sinkkuna. Bachelor-ohjelmassa h\u00e4n valitsi vierelleen , jonka kanssa seurusteli puolisen vuotta ennen pariskunnan shokkieroa.<\/p>\n<p class=\"article-content article-content-width !bg-background\"> \u2013 Joonas olisi halunnut viel\u00e4 yritt\u00e4\u00e4, Monica paljasti Seiskalle huhtikuun alussa. <\/p>\n<p>        <a itemprop=\"url\" href=\"https:\/\/www.seiska.fi\/vain-seiskassa\/bachelor-joonas-viihtyi-yokerhossa-onlyfans-tahden-kanssa-salakuvat\/1895225\" rel=\"nofollow noopener\" target=\"_blank\"><\/p>\n<p>\nSalakuvat!\n<\/p>\n<p class=\"section-date\">\n        <strong class=\"article-section\" data-section=\"vain seiskassa\"><br \/>\n            vain seiskassa<br \/>\n        <\/strong><br \/>\n        11.8. 17:00\n    <\/p>\n<p>Bachelor-Joonas viihtyi y\u00f6kerhossa Onlyfans-t\u00e4hden kanssa \u2013 salakuvat!\n    <\/p>\n<p itemprop=\"description\" class=\"subtitle \">\n    Joonaksen seuralainen oli muille asiakkaille tutumpi kuin mies itse.\n<\/p>\n<p>        <\/a><\/p>\n<p class=\"article-content article-content-width !bg-background\">Bachelor-t\u00e4hti on kuitenkin sittemmin mit\u00e4 ilmeisimmin mennyt el\u00e4m\u00e4ss\u00e4 eteenp\u00e4in. Elokuussa h\u00e4net bongattiin tamperelaisesta y\u00f6kerhosta Onlyfansista tutun kaunottaren kanssa.<\/p>\n<p>                <img decoding=\"async\" src=\"https:\/\/www.europesays.com\/fi\/wp-content\/uploads\/2025\/10\/1951430.webp\" width=\"576\" height=\"720\" alt=\"Joonas ja Monica seurustelivat noin puoli vuotta ennen eroa.\" loading=\"lazy\" \/>            <\/p>\n<p>\n            Joonas ja Monica seurustelivat noin puoli vuotta ennen eroa.<br \/>\n            Timo Korhonen\n        <\/p>\n","protected":false},"excerpt":{"rendered":"Timo Korhonen Joonaksen seuraajat ovat ilmaisseet j\u00e4rkyttyneens\u00e4 tv-t\u00e4hden muodonmuutoksesta. Bachelor Suomi -ohjelmasta tuttu p\u00e4\u00e4tyi muuttamaan radikaalisti ulkon\u00e4k\u00f6\u00e4\u00e4n. Katso&hellip;\n","protected":false},"author":2,"featured_media":52422,"comment_status":"","ping_status":"","sticky":false,"template":"","format":"standard","meta":{"footnotes":""},"categories":[130],"tags":[6816,137,33,31,30,6422,6815,2124,2682,4436,32,109],"class_list":{"0":"post-52421","1":"post","2":"type-post","3":"status-publish","4":"format-standard","5":"has-post-thumbnail","7":"category-viihde","8":"tag-bachelor-suomi","9":"tag-entertainment","10":"tag-fi","11":"tag-finland","12":"tag-finnish","13":"tag-hiukset","14":"tag-joonas-kenttamies","15":"tag-kalju","16":"tag-kauneus","17":"tag-muodonmuutos","18":"tag-suomi","19":"tag-viihde"},"share_on_mastodon":{"url":"","error":""},"_links":{"self":[{"href":"https:\/\/www.europesays.com\/fi\/wp-json\/wp\/v2\/posts\/52421","targetHints":{"allow":["GET"]}}],"collection":[{"href":"https:\/\/www.europesays.com\/fi\/wp-json\/wp\/v2\/posts"}],"about":[{"href":"https:\/\/www.europesays.com\/fi\/wp-json\/wp\/v2\/types\/post"}],"author":[{"embeddable":true,"href":"https:\/\/www.europesays.com\/fi\/wp-json\/wp\/v2\/users\/2"}],"replies":[{"embeddable":true,"href":"https:\/\/www.europesays.com\/fi\/wp-json\/wp\/v2\/comments?post=52421"}],"version-history":[{"count":0,"href":"https:\/\/www.europesays.com\/fi\/wp-json\/wp\/v2\/posts\/52421\/revisions"}],"wp:featuredmedia":[{"embeddable":true,"href":"https:\/\/www.europesays.com\/fi\/wp-json\/wp\/v2\/media\/52422"}],"wp:attachment":[{"href":"https:\/\/www.europesays.com\/fi\/wp-json\/wp\/v2\/media?parent=52421"}],"wp:term":[{"taxonomy":"category","embeddable":true,"href":"https:\/\/www.europesays.com\/fi\/wp-json\/wp\/v2\/categories?post=52421"},{"taxonomy":"post_tag","embeddable":true,"href":"https:\/\/www.europesays.com\/fi\/wp-json\/wp\/v2\/tags?post=52421"}],"curies":[{"name":"wp","href":"https:\/\/api.w.org\/{rel}","templated":true}]}}