{"id":52434,"date":"2025-10-03T18:47:08","date_gmt":"2025-10-03T18:47:08","guid":{"rendered":"https:\/\/www.europesays.com\/fi\/52434\/"},"modified":"2025-10-03T18:47:08","modified_gmt":"2025-10-03T18:47:08","slug":"heidi-klum-kompuroi-pois-pippaloista","status":"publish","type":"post","link":"https:\/\/www.europesays.com\/fi\/52434\/","title":{"rendered":"Heidi Klum kompuroi pois pippaloista"},"content":{"rendered":"<p>            All Over Press\n        <\/p>\n<p class=\"subtitle \">Heidin poistuminen Karl Lagerfeldin juhlista ei mennyt aivan kuten Str\u00f6ms\u00f6ss\u00e4.<\/p>\n<p class=\"article-content article-content-width !bg-background\">Malli\u00a0, 52, otti ja oli kaatua p\u00e4istikkaa maahan poistuessaan  From Paris With Love -juhlista Pariisin muotiviikolla keskiviikkona (1.10.).<\/p>\n<p class=\"font-weight-bold m-font-weight-bold article-content article-content-width !bg-background\">Katso video: Hollywood-t\u00e4htien erikoiset ammatit<\/p>\n<p class=\"article-content article-content-width !bg-background\">Huippumalli n\u00e4ytti s\u00e4v\u00e4ytt\u00e4v\u00e4lt\u00e4 syv\u00e4\u00e4n uurretussa mustassa olkaimettomassa haalarissa, kun h\u00e4n tepasteli kadulla korkeissa koroissa \u2013 ennen kuin oli v\u00e4h\u00e4ll\u00e4 kaatua nen\u00e4lleen.<\/p>\n<p class=\"article-content article-content-width !bg-background\">Astuessaan jalkak\u00e4yt\u00e4v\u00e4lt\u00e4, Heidi menetti tasapainonsa illanvieton p\u00e4\u00e4tteeksi. T\u00e4hti pyyhk\u00e4isi kaatumisen nopeasti mielest\u00e4\u00e4n ja nauroi, kun turvamiehet auttoivat h\u00e4net yl\u00f6s, mink\u00e4 j\u00e4lkeen h\u00e4n kipusi ripe\u00e4sti odottavaan autoonsa.<\/p>\n<p>        <a itemprop=\"url\" href=\"https:\/\/www.seiska.fi\/ulkomaat\/heidi-klum-teki-sen-taas-katso-kuvat-mallikaunottaren-uskomattomasta-muodonmuutoksesta\/1179332\" rel=\"nofollow noopener\" target=\"_blank\"><\/p>\n<p class=\"section-date\">\n        <strong class=\"article-section\" data-section=\"ulkomaat\"><br \/>\n            ulkomaat<br \/>\n        <\/strong><br \/>\n        2.11.2023 04:00\n    <\/p>\n<p>Heidi Klum teki sen taas! Katso kuvat mallikaunottaren uskomattomasta muodonmuutoksesta\n    <\/p>\n<p itemprop=\"description\" class=\"subtitle \">\n    Heidi Klum r\u00e4v\u00e4ytti vuosittaisissa halloween-juhlissaan viehke\u00e4n\u00e4 riikinkukkona.\n<\/p>\n<p>        <\/a><\/p>\n<p>                <img decoding=\"async\" src=\"https:\/\/www.europesays.com\/fi\/wp-content\/uploads\/2025\/10\/1951492.webp\" width=\"576\" height=\"720\" alt=\"Fiuu! Heidi Klum meinasi kompastua nen\u00e4lleen asfalttiin.\" loading=\"lazy\" \/>            <\/p>\n<p>\n            Fiuu! Heidi Klum meinasi kompastua nen\u00e4lleen asfalttiin.<br \/>\n            NINO, LELE\n        <\/p>\n<p>                <img decoding=\"async\" src=\"https:\/\/www.europesays.com\/fi\/wp-content\/uploads\/2025\/10\/1951495.webp\" width=\"576\" height=\"720\" alt=\"Turvamiehet olivat nopeasti valmiina auttamaan huippumallin yl\u00f6s.\" loading=\"lazy\" \/>            <\/p>\n<p>\n            Turvamiehet olivat nopeasti valmiina auttamaan huippumallin yl\u00f6s.<br \/>\n            NINO, LELE\n        <\/p>\n<p>Kaunottaret catwalkilla<\/p>\n<p class=\"article-content article-content-width !bg-background\">Heidi auttoi potkaisemaan Pariisin muotiviikot k\u00e4yntiin k\u00e4velem\u00e4ll\u00e4 L\u2019Or\u00e9alin n\u00e4yt\u00f6ksess\u00e4 maanantaina.<\/p>\n<p class=\"article-content article-content-width !bg-background\">Heidi kuului Pariisin kaupungintalolla esiintyneiden nimekk\u00e4iden kaunotarten joukkoon yhdess\u00e4 esimerkiksi\u00a0 ja  kanssa n\u00e4ytt\u00e4v\u00e4ss\u00e4.<\/p>\n<p class=\"article-content article-content-width !bg-background\">Pariisin catwalk ei ole Kendallille vieras. H\u00e4n esiintyi valkoisessa, l\u00e4pikuultavassa puvussa, jossa oli rohkea reisimittainen halkio. Heidi puolestaan oli sonnustautunut syv\u00e4\u00e4n uurrettuun mustaan iltapukuun astellessaan itsevarmasti catwalkilla.<\/p>\n<p>        <a itemprop=\"url\" href=\"https:\/\/www.seiska.fi\/ulkomaat\/oho-huippumalli-heidi-klum-rannalla-ylaosattomissa\/1604351\" rel=\"nofollow noopener\" target=\"_blank\"><\/p>\n<p>\nKuvat!\n<\/p>\n<p class=\"section-date\">\n        <strong class=\"article-section\" data-section=\"ulkomaat\"><br \/>\n            ulkomaat<br \/>\n        <\/strong><br \/>\n        9.2. 17:00\n    <\/p>\n<p>Oho! Huippumalli Heidi Klum rannalla yl\u00e4osattomissa\n    <\/p>\n<p itemprop=\"description\" class=\"subtitle \">\n    Entinen huippumalli saa yh\u00e4 sek\u00e4 miesten ett\u00e4 naisten p\u00e4\u00e4t k\u00e4\u00e4ntym\u00e4\u00e4n. Heidi Klum on jo lapsesta pit\u00e4en tottunut nudismiin ja nakuili julkkisten suosimalla Karibian saarella.\n<\/p>\n<p>        <\/a><\/p>\n<p>Vuoden odotetuin pukujuhla<\/p>\n<p class=\"article-content article-content-width !bg-background\">Syys on koittanut, ja pian koittavat my\u00f6s Heidin ikoniset halloween-bileet, jotka tunnetaan nimella Heidiween.\u00a0<\/p>\n<p class=\"article-content article-content-width !bg-background\">Niiden my\u00f6t\u00e4 Heidi on ansainnut tittelins\u00e4 todellisena halloweenin kuningattarena, ja h\u00e4n on sonnustautunut menneisiin pirskeisiins\u00e4 esimerkiksi j\u00e4ttim\u00e4iseksi kastemadoksi ja E.T.:ksi.<\/p>\n<p>        <a itemprop=\"url\" href=\"https:\/\/www.seiska.fi\/ulkomaat\/huh-tassa-ovat-hollywoodin-hulluimmat-halloween-asut-tana-vuonna\/1506828\" rel=\"nofollow noopener\" target=\"_blank\"><\/p>\n<p class=\"section-date\">\n        <strong class=\"article-section\" data-section=\"ulkomaat\"><br \/>\n            ulkomaat<br \/>\n        <\/strong><br \/>\n        1.11.2024 21:00\n    <\/p>\n<p>Huh! T\u00e4ss\u00e4 ovat Hollywoodin hulluimmat halloween-asut t\u00e4n\u00e4 vuonna\n    <\/p>\n<p itemprop=\"description\" class=\"subtitle \">\n    Kim Kardashian sai asunsa t\u00e4hden syyt\u00f6ksi\u00e4 liskoihmisyydest\u00e4.\n<\/p>\n<p>        <\/a><\/p>\n<p class=\"article-content article-content-width !bg-background\"> Heidi my\u00f6nsi taannoin <a href=\"https:\/\/www.vogue.com\/article\/heidi-klum-et-halloween-2024-costume\" target=\"_blank\" rel=\"nofollow noopener\">Voguelle<\/a>, etteiv\u00e4t h\u00e4nen asunsa ole kovin mukavia, eik\u00e4 niihin sonnustautuminen ole helppoa. E.T.-asun p\u00e4\u00e4lle saaminen kesti seitsem\u00e4n tuntia. <\/p>\n","protected":false},"excerpt":{"rendered":"All Over Press Heidin poistuminen Karl Lagerfeldin juhlista ei mennyt aivan kuten Str\u00f6ms\u00f6ss\u00e4. Malli\u00a0, 52, otti ja oli&hellip;\n","protected":false},"author":2,"featured_media":52435,"comment_status":"","ping_status":"","sticky":false,"template":"","format":"standard","meta":{"footnotes":""},"categories":[130],"tags":[137,33,31,30,12866,4169,4811,12864,12865,212,4809,12677,32,109],"class_list":{"0":"post-52434","1":"post","2":"type-post","3":"status-publish","4":"format-standard","5":"has-post-thumbnail","7":"category-viihde","8":"tag-entertainment","9":"tag-fi","10":"tag-finland","11":"tag-finnish","12":"tag-heidi-klum","13":"tag-hollywood","14":"tag-kaatuminen","15":"tag-karl-lagerfeld","16":"tag-kompurointi","17":"tag-lifestyle","18":"tag-moka","19":"tag-pariisin-muotiviikko","20":"tag-suomi","21":"tag-viihde"},"share_on_mastodon":{"url":"","error":""},"_links":{"self":[{"href":"https:\/\/www.europesays.com\/fi\/wp-json\/wp\/v2\/posts\/52434","targetHints":{"allow":["GET"]}}],"collection":[{"href":"https:\/\/www.europesays.com\/fi\/wp-json\/wp\/v2\/posts"}],"about":[{"href":"https:\/\/www.europesays.com\/fi\/wp-json\/wp\/v2\/types\/post"}],"author":[{"embeddable":true,"href":"https:\/\/www.europesays.com\/fi\/wp-json\/wp\/v2\/users\/2"}],"replies":[{"embeddable":true,"href":"https:\/\/www.europesays.com\/fi\/wp-json\/wp\/v2\/comments?post=52434"}],"version-history":[{"count":0,"href":"https:\/\/www.europesays.com\/fi\/wp-json\/wp\/v2\/posts\/52434\/revisions"}],"wp:featuredmedia":[{"embeddable":true,"href":"https:\/\/www.europesays.com\/fi\/wp-json\/wp\/v2\/media\/52435"}],"wp:attachment":[{"href":"https:\/\/www.europesays.com\/fi\/wp-json\/wp\/v2\/media?parent=52434"}],"wp:term":[{"taxonomy":"category","embeddable":true,"href":"https:\/\/www.europesays.com\/fi\/wp-json\/wp\/v2\/categories?post=52434"},{"taxonomy":"post_tag","embeddable":true,"href":"https:\/\/www.europesays.com\/fi\/wp-json\/wp\/v2\/tags?post=52434"}],"curies":[{"name":"wp","href":"https:\/\/api.w.org\/{rel}","templated":true}]}}