{"id":52500,"date":"2025-10-03T21:02:08","date_gmt":"2025-10-03T21:02:08","guid":{"rendered":"https:\/\/www.europesays.com\/fi\/52500\/"},"modified":"2025-10-03T21:02:08","modified_gmt":"2025-10-03T21:02:08","slug":"kahden-auton-nokkakolari-mantsalassa-yksi-sairaalaan-kotimaa","status":"publish","type":"post","link":"https:\/\/www.europesays.com\/fi\/52500\/","title":{"rendered":"Kahden auton nokkakolari M\u00e4nts\u00e4l\u00e4ss\u00e4 \u2013 yksi sairaalaan | Kotimaa"},"content":{"rendered":"<p class=\"aw-1gybjub aw-5vja16 cmIuaG zKETg yle__article__paragraph\">Molemmat autot vaurioituivat t\u00f6rm\u00e4yksess\u00e4 lunastuskuntoon. Pelastuslaitos sai tiedon onnettomuudesta puoli kymmenen aikaan perjantai-iltana.  <\/p>\n<p><img decoding=\"async\" alt=\"Kuvassa Yle Uutisten uusi logo ja punainen pillerin muotoinen elementti, jossa lukee Juuri nyt.\" src=\"https:\/\/www.europesays.com\/fi\/wp-content\/uploads\/2025\/08\/39-1297102665f4c71c5277.jpeg\" class=\"aw-1l9m598 hKVVvP\"\/><\/p>\n<p>Avaa kuvien katselu<\/p>\n<p>Kuva: Yle<\/p>\n<p class=\"aw-1gybjub aw-1p7kakr cmIuaG fmSRng yle__article__paragraph\">M\u00e4nts\u00e4l\u00e4ss\u00e4 tapahtui perjantaina illalla kahden auton nokkakolari.<\/p>\n<p class=\"aw-1gybjub aw-1p7kakr cmIuaG fmSRng yle__article__paragraph\">Onnettomuudessa oli osallisena kolme henkil\u00f6\u00e4, josta yksi loukkaantui niin, ett\u00e4 h\u00e4net kuljetettiin sairaalahoitoon.<\/p>\n<p class=\"aw-1gybjub aw-1p7kakr cmIuaG fmSRng yle__article__paragraph\">Pelastuslaitos sai h\u00e4lytyksen onnettomuudesta noin puoli kymmenen aikaan perjantai-iltana.<\/p>\n<p class=\"aw-1gybjub aw-1p7kakr cmIuaG fmSRng yle__article__paragraph\">Keski-Uudenmaan pelastuslaitoksen paloesimiehen mukaan kyseess\u00e4 oli nokkakolari. Molemmat autot vaurioituivat t\u00f6rm\u00e4yksess\u00e4 lunastuskuntoon.<\/p>\n<p class=\"aw-1gybjub aw-1p7kakr cmIuaG fmSRng yle__article__paragraph\">Sit\u00e4, miksi autot ajautuvat samalle kaistalle ei tiedet\u00e4.<\/p>\n","protected":false},"excerpt":{"rendered":"Molemmat autot vaurioituivat t\u00f6rm\u00e4yksess\u00e4 lunastuskuntoon. Pelastuslaitos sai tiedon onnettomuudesta puoli kymmenen aikaan perjantai-iltana. Avaa kuvien katselu Kuva: Yle&hellip;\n","protected":false},"author":2,"featured_media":15847,"comment_status":"","ping_status":"","sticky":false,"template":"","format":"standard","meta":{"footnotes":""},"categories":[12],"tags":[22,23,26,27,33,31,30,17,71,24,25,28,29,15,837,18,21,32,19,20,1168,16],"class_list":{"0":"post-52500","1":"post","2":"type-post","3":"status-publish","4":"format-standard","5":"has-post-thumbnail","7":"category-suomi","8":"tag-breaking-news","9":"tag-breakingnews","10":"tag-featured-news","11":"tag-featurednews","12":"tag-fi","13":"tag-finland","14":"tag-finnish","15":"tag-headlines","16":"tag-kotimaa","17":"tag-latest-news","18":"tag-latestnews","19":"tag-main-news","20":"tag-mainnews","21":"tag-news","22":"tag-onnettomuudet","23":"tag-otsikot","24":"tag-paauutiset","25":"tag-suomi","26":"tag-top-stories","27":"tag-topstories","28":"tag-uusimaa","29":"tag-uutiset"},"share_on_mastodon":{"url":"","error":""},"_links":{"self":[{"href":"https:\/\/www.europesays.com\/fi\/wp-json\/wp\/v2\/posts\/52500","targetHints":{"allow":["GET"]}}],"collection":[{"href":"https:\/\/www.europesays.com\/fi\/wp-json\/wp\/v2\/posts"}],"about":[{"href":"https:\/\/www.europesays.com\/fi\/wp-json\/wp\/v2\/types\/post"}],"author":[{"embeddable":true,"href":"https:\/\/www.europesays.com\/fi\/wp-json\/wp\/v2\/users\/2"}],"replies":[{"embeddable":true,"href":"https:\/\/www.europesays.com\/fi\/wp-json\/wp\/v2\/comments?post=52500"}],"version-history":[{"count":0,"href":"https:\/\/www.europesays.com\/fi\/wp-json\/wp\/v2\/posts\/52500\/revisions"}],"wp:featuredmedia":[{"embeddable":true,"href":"https:\/\/www.europesays.com\/fi\/wp-json\/wp\/v2\/media\/15847"}],"wp:attachment":[{"href":"https:\/\/www.europesays.com\/fi\/wp-json\/wp\/v2\/media?parent=52500"}],"wp:term":[{"taxonomy":"category","embeddable":true,"href":"https:\/\/www.europesays.com\/fi\/wp-json\/wp\/v2\/categories?post=52500"},{"taxonomy":"post_tag","embeddable":true,"href":"https:\/\/www.europesays.com\/fi\/wp-json\/wp\/v2\/tags?post=52500"}],"curies":[{"name":"wp","href":"https:\/\/api.w.org\/{rel}","templated":true}]}}