{"id":52501,"date":"2025-10-03T21:03:08","date_gmt":"2025-10-03T21:03:08","guid":{"rendered":"https:\/\/www.europesays.com\/fi\/52501\/"},"modified":"2025-10-03T21:03:08","modified_gmt":"2025-10-03T21:03:08","slug":"il-seksuaalirikoksista-epailty-poliisi-oli-tutkimassa-seksikartanoa","status":"publish","type":"post","link":"https:\/\/www.europesays.com\/fi\/52501\/","title":{"rendered":"IL: Seksuaalirikoksista ep\u00e4ilty poliisi oli tutkimassa &#8221;seksikartanoa&#8221;"},"content":{"rendered":"<p>Toistaiseksi ei ole tiedossa liittyv\u00e4tk\u00f6 poliisia koskevat rikosep\u00e4ilyt tapauksen tutkintaan.<\/p>\n<p>3.10. 22:15<\/p>\n<p class=\"article-body mb-nof-24 px-nof-16\">Helsingin poliisilaitos tiedotti perjantaina irtisanovansa seksuaalirikoksesta ja virkarikoksesta ep\u00e4illyn vanhemman rikoskonstaapelin.<\/p>\n<p class=\"article-body mb-nof-24 px-nof-16\"><a class=\"article-genericlink\" href=\"https:\/\/www.iltalehti.fi\/kotimaa\/a\/3d93501d-cb2f-4db7-b941-8f3ed7bc1ba7?_gl=1*1l5r2k3*_ga*MTMwMzc4NTQzNi4xNzUyMDY1OTQz*_ga_3L539PMN3X*czE3NTk1MTY2OTQkbzE0JGcxJHQxNzU5NTE2Njk2JGo1OCRsMCRoMA\" rel=\"nofollow noopener\" target=\"_blank\">Iltalehden <\/a>tietojen mukaan irtisanottu rikoskonstaapeli oli mukana Kirkkonummella toimineeseen \u201dseksikartanoon\u201d kytkeytyv\u00e4ss\u00e4 ihmiskauppa- ja seksuaalirikostutkinnassa.<\/p>\n<p class=\"article-body mb-nof-24 px-nof-16\">Kyseinen rikoskonstaapeli ty\u00f6skenteli ennen irtisanomista Helsingin poliisilaitoksen Ihmiskaupparikosten tutkintaryhm\u00e4ss\u00e4.<\/p>\n<p class=\"article-body mb-nof-24 px-nof-16\">lltalehti kertoo, ettei se tavoittanut tapauksen tutkinnanjohtajaa perjantai-iltana.<\/p>\n<p class=\"article-body mb-nof-24 px-nof-16\">Koska poliisia ep\u00e4ill\u00e4\u00e4n rikoksesta, tutkinnanjohtajana toimii syytt\u00e4j\u00e4n\u00e4. My\u00f6s syytt\u00e4j\u00e4 tiedotti asiasta perjantaina.<\/p>\n<p class=\"article-body mb-nof-24 px-nof-16\">Syytt\u00e4j\u00e4n mukaan ep\u00e4illyt rikokset ovat tapahtuneet maaliskuun 2024 ja kes\u00e4n 2025 v\u00e4lisen\u00e4 aikana Helsingiss\u00e4. Osa ep\u00e4illyist\u00e4 rikoksista on tapahtunut ty\u00f6ajalla ja osa vapaa-ajalla.<\/p>\n<p class=\"article-body mb-nof-24 px-nof-16\">Asiassa on t\u00e4ll\u00e4 hetkell\u00e4 yksi asianomistaja.<\/p>\n<p class=\"article-body mb-nof-24 px-nof-16\">Ep\u00e4ilty on kiist\u00e4nyt seksuaalirikokset, mutta osittain my\u00f6nt\u00e4nyt syyllistyneens\u00e4 virkarikoksiin.<\/p>\n<p class=\"article-body mb-nof-24 px-nof-16\">Tutkinnanjohtaja, aluesyytt\u00e4j\u00e4 <a class=\"article-personlink article-strong\" href=\"https:\/\/www.is.fi\/haku\/?query=Mikko%20Teppola\" rel=\"nofollow noopener\" target=\"_blank\">Mikko Teppola<\/a> ei IL:n mukaan ole kommentoinut tarkemmin ep\u00e4iltyjen rikosten nimikkeit\u00e4 tai sit\u00e4, onko uhri ollut ihmiskauppayksik\u00f6n tutkinnan kohteena tai joku ihmiskaupan uhreista.<\/p>\n<p class=\"article-body mb-nof-24 px-nof-16\">Toistaiseksi ei ole tiedossa, liittyv\u00e4tk\u00f6 poliisia koskevat rikosep\u00e4ilyt \u201dseksikartanon\u201d tapauksen tutkintaan.<\/p>\n<p class=\"article-body mb-nof-24 px-nof-16\">Kirkkonummella sijaitseva \u201dseksikartano\u201d nousi otsikoihin aiemmin t\u00e4ll\u00e4 viikolla, kun L\u00e4nsi-Uudenmaan k\u00e4r\u00e4j\u00e4oikeudessa alkoi torstaina suuri seksuaalirikos\u00adoikeudenk\u00e4ynti.<\/p>\n<p class=\"article-body mb-nof-24 px-nof-16\">Oikeudenk\u00e4ynnin p\u00e4\u00e4syytetty oli espoolainen 44-vuotias liikemies. Ep\u00e4illyt rikokset tapahtuivat vuosina 2019\u20132024 p\u00e4\u00e4osin Espoossa ja Kirkkonummella sijaitsevassa \u201dseksikartanossa\u201d.<\/p>\n<p class=\"article-body mb-nof-24 px-nof-16\">Kartanon omistajaa ei ep\u00e4ill\u00e4 rikoksista.<\/p>\n","protected":false},"excerpt":{"rendered":"Toistaiseksi ei ole tiedossa liittyv\u00e4tk\u00f6 poliisia koskevat rikosep\u00e4ilyt tapauksen tutkintaan. 3.10. 22:15 Helsingin poliisilaitos tiedotti perjantaina irtisanovansa seksuaalirikoksesta&hellip;\n","protected":false},"author":2,"featured_media":52502,"comment_status":"","ping_status":"","sticky":false,"template":"","format":"standard","meta":{"footnotes":""},"categories":[5],"tags":[22,23,26,27,33,31,30,17,34,24,25,28,29,15,18,21,32,19,20,16],"class_list":{"0":"post-52501","1":"post","2":"type-post","3":"status-publish","4":"format-standard","5":"has-post-thumbnail","7":"category-otsikot","8":"tag-breaking-news","9":"tag-breakingnews","10":"tag-featured-news","11":"tag-featurednews","12":"tag-fi","13":"tag-finland","14":"tag-finnish","15":"tag-headlines","16":"tag-ilta-sanomat","17":"tag-latest-news","18":"tag-latestnews","19":"tag-main-news","20":"tag-mainnews","21":"tag-news","22":"tag-otsikot","23":"tag-paauutiset","24":"tag-suomi","25":"tag-top-stories","26":"tag-topstories","27":"tag-uutiset"},"share_on_mastodon":{"url":"","error":""},"_links":{"self":[{"href":"https:\/\/www.europesays.com\/fi\/wp-json\/wp\/v2\/posts\/52501","targetHints":{"allow":["GET"]}}],"collection":[{"href":"https:\/\/www.europesays.com\/fi\/wp-json\/wp\/v2\/posts"}],"about":[{"href":"https:\/\/www.europesays.com\/fi\/wp-json\/wp\/v2\/types\/post"}],"author":[{"embeddable":true,"href":"https:\/\/www.europesays.com\/fi\/wp-json\/wp\/v2\/users\/2"}],"replies":[{"embeddable":true,"href":"https:\/\/www.europesays.com\/fi\/wp-json\/wp\/v2\/comments?post=52501"}],"version-history":[{"count":0,"href":"https:\/\/www.europesays.com\/fi\/wp-json\/wp\/v2\/posts\/52501\/revisions"}],"wp:featuredmedia":[{"embeddable":true,"href":"https:\/\/www.europesays.com\/fi\/wp-json\/wp\/v2\/media\/52502"}],"wp:attachment":[{"href":"https:\/\/www.europesays.com\/fi\/wp-json\/wp\/v2\/media?parent=52501"}],"wp:term":[{"taxonomy":"category","embeddable":true,"href":"https:\/\/www.europesays.com\/fi\/wp-json\/wp\/v2\/categories?post=52501"},{"taxonomy":"post_tag","embeddable":true,"href":"https:\/\/www.europesays.com\/fi\/wp-json\/wp\/v2\/tags?post=52501"}],"curies":[{"name":"wp","href":"https:\/\/api.w.org\/{rel}","templated":true}]}}