{"id":52510,"date":"2025-10-03T21:28:07","date_gmt":"2025-10-03T21:28:07","guid":{"rendered":"https:\/\/www.europesays.com\/fi\/52510\/"},"modified":"2025-10-03T21:28:07","modified_gmt":"2025-10-03T21:28:07","slug":"kohuttu-kylpyhuonekeittio-loysi-vuokralaisen-tampereella","status":"publish","type":"post","link":"https:\/\/www.europesays.com\/fi\/52510\/","title":{"rendered":"Kohuttu kylpyhuonekeitti\u00f6 l\u00f6ysi vuokralaisen Tampereella"},"content":{"rendered":"<p>Tampereella vuokrattavana olleen pienen kerrostaloasunnon erikoinen kylpyhuone-keitti\u00f6-ratkaisu kirvoitti vilkasta keskustelua.<\/p>\n<p>3.10. 21:57 | P\u00e4ivitetty 3.10. 22:10<\/p>\n<p class=\"article-body mb-nof-24 px-nof-16\">Aamulehti<\/p>\n<p class=\"article-body mb-nof-24 px-nof-16\">Asuntopalvelu Oikotien verkkosivuilta on poistettu ilmoitus Tampereella vuokrattavana olleesta 30 neli\u00f6metrin asunnosta, jonka keitti\u00f6ratkaisua kuvattiin vuokrailmoituksessa \u201dnerokkaaksi\u201d.<\/p>\n<p class=\"article-body mb-nof-24 px-nof-16\">Tampereen Pyynikill\u00e4 vuokrattavana olleen kerrostaloyksi\u00f6n keitti\u00f6ratkaisua kuvattiin oikotie.fi-sivustolla olleessa ilmoituksessa n\u00e4in: \u201dKeittonurkkaus on sijoitettu nerokkaasti kylpyhuoneen yhteyteen, yhdelle sein\u00e4m\u00e4lle.\u201d<\/p>\n<p class=\"article-body mb-nof-24 px-nof-16\">Vessanp\u00f6nt\u00f6n ja keittonurkkauksen v\u00e4liss\u00e4 on vain l\u00e4pikuultava sermi.<\/p>\n<p class=\"article-body mb-nof-24 px-nof-16\">Asunto sijaitsee Tampereen Pyynikill\u00e4 sijaitsevassa Pikarilinnassa<\/p>\n<p class=\"article-body mb-nof-24 px-nof-16\">Erikoinen ratkaisu kirvoitti juttuja monessa eri mediassa, ja juttujen kommenttikentiss\u00e4 k\u00e4ytiin aiheesta vilkasta keskustelua sek\u00e4 ratkaisun puolesta ett\u00e4 vastaan. Joissakin kommenteissa keittokomeron sijainnin kylpyhuoneessa ep\u00e4iltiin olevan ep\u00e4hygieeninen ja jopa hygienias\u00e4\u00e4nn\u00f6sten vastainen.<\/p>\n<p class=\"article-body mb-nof-24 px-nof-16\">Asuntoa on v\u00e4litt\u00e4nyt Vuokraturva. Aamulehti tavoitti perjantaina illalla Vuokraturvan toimitusjohtajan <a class=\"article-personlink\" href=\"https:\/\/www.aamulehti.fi\/haku\/?query=Timo%20Metsolan\" rel=\"nofollow noopener\" target=\"_blank\">Timo Metsolan<\/a>, joka kertoi, miksi ilmoitus on poistettu.<\/p>\n<p class=\"article-body mb-nof-24 px-nof-16\">\u201dVahvistan sen, ett\u00e4 ilmoitus on poistettu. Asunto on poistunut markkinoinnista, koska vuokralainen asuntoon on l\u00f6ytynyt. Olemme t\u00e4m\u00e4n ilmoittaneet my\u00f6s kaikille asuntoa hakeneille.\u201d<\/p>\n<p class=\"article-body mb-nof-24 px-nof-16\">Sen enemp\u00e4\u00e4 Metsola ei halua asiaa kommentoida.<\/p>\n<p class=\"article-body mb-nof-24 px-nof-16\">\u201dAsunnon omistaja on yksityishenkil\u00f6 ja h\u00e4n on toivonut, ett\u00e4 emme asiaa julkisuudessa kommentoisi. Minun t\u00e4ytyy tietenkin kunnioittaa asiakkaamme toivetta\u201d, Metsola sanoo.<\/p>\n<p class=\"article-body mb-nof-24 px-nof-16\">Katso Aamulehden Aamupodin keskustelu aiheesta:<\/p>\n","protected":false},"excerpt":{"rendered":"Tampereella vuokrattavana olleen pienen kerrostaloasunnon erikoinen kylpyhuone-keitti\u00f6-ratkaisu kirvoitti vilkasta keskustelua. 3.10. 21:57 | P\u00e4ivitetty 3.10. 22:10 Aamulehti Asuntopalvelu&hellip;\n","protected":false},"author":2,"featured_media":52511,"comment_status":"","ping_status":"","sticky":false,"template":"","format":"standard","meta":{"footnotes":""},"categories":[12],"tags":[157,22,23,26,27,33,31,30,17,24,25,28,29,15,18,21,32,19,20,16],"class_list":{"0":"post-52510","1":"post","2":"type-post","3":"status-publish","4":"format-standard","5":"has-post-thumbnail","7":"category-suomi","8":"tag-aamulehti","9":"tag-breaking-news","10":"tag-breakingnews","11":"tag-featured-news","12":"tag-featurednews","13":"tag-fi","14":"tag-finland","15":"tag-finnish","16":"tag-headlines","17":"tag-latest-news","18":"tag-latestnews","19":"tag-main-news","20":"tag-mainnews","21":"tag-news","22":"tag-otsikot","23":"tag-paauutiset","24":"tag-suomi","25":"tag-top-stories","26":"tag-topstories","27":"tag-uutiset"},"share_on_mastodon":{"url":"","error":""},"_links":{"self":[{"href":"https:\/\/www.europesays.com\/fi\/wp-json\/wp\/v2\/posts\/52510","targetHints":{"allow":["GET"]}}],"collection":[{"href":"https:\/\/www.europesays.com\/fi\/wp-json\/wp\/v2\/posts"}],"about":[{"href":"https:\/\/www.europesays.com\/fi\/wp-json\/wp\/v2\/types\/post"}],"author":[{"embeddable":true,"href":"https:\/\/www.europesays.com\/fi\/wp-json\/wp\/v2\/users\/2"}],"replies":[{"embeddable":true,"href":"https:\/\/www.europesays.com\/fi\/wp-json\/wp\/v2\/comments?post=52510"}],"version-history":[{"count":0,"href":"https:\/\/www.europesays.com\/fi\/wp-json\/wp\/v2\/posts\/52510\/revisions"}],"wp:featuredmedia":[{"embeddable":true,"href":"https:\/\/www.europesays.com\/fi\/wp-json\/wp\/v2\/media\/52511"}],"wp:attachment":[{"href":"https:\/\/www.europesays.com\/fi\/wp-json\/wp\/v2\/media?parent=52510"}],"wp:term":[{"taxonomy":"category","embeddable":true,"href":"https:\/\/www.europesays.com\/fi\/wp-json\/wp\/v2\/categories?post=52510"},{"taxonomy":"post_tag","embeddable":true,"href":"https:\/\/www.europesays.com\/fi\/wp-json\/wp\/v2\/tags?post=52510"}],"curies":[{"name":"wp","href":"https:\/\/api.w.org\/{rel}","templated":true}]}}