{"id":52512,"date":"2025-10-03T21:29:08","date_gmt":"2025-10-03T21:29:08","guid":{"rendered":"https:\/\/www.europesays.com\/fi\/52512\/"},"modified":"2025-10-03T21:29:08","modified_gmt":"2025-10-03T21:29:08","slug":"sean-diddy-combs-tuomittiin-prostituutiorikoksista-yli-neljaksi-vuodeksi-vankeuteen","status":"publish","type":"post","link":"https:\/\/www.europesays.com\/fi\/52512\/","title":{"rendered":"Sean \u201dDiddy\u201d Combs tuomittiin prostituutiorikoksista yli nelj\u00e4ksi vuodeksi vankeuteen"},"content":{"rendered":"<p>Oikeudenk\u00e4ynnit|Combs oli todettu syylliseksi jo hein\u00e4kuussa. H\u00e4n on pyyt\u00e4nyt armahdusta presidentti Donald Trumpilta.<\/p>\n<p>3.10. 23:53<\/p>\n<p class=\"article-body mb-nof-24 px-nof-16\">Hiphopmoguli <a class=\"article-personlink\" href=\"https:\/\/www.hs.fi\/haku\/?query=Sean%20%E2%80%9DDiddy%E2%80%9D%20Combs\" rel=\"nofollow noopener\" target=\"_blank\">Sean \u201dDiddy\u201d Combs<\/a> on tuomittu nelj\u00e4n vuoden ja kahden kuukauden vankeusrangaistukseen kahdesta prostituutioon liittyv\u00e4st\u00e4 rikoksesta.<\/p>\n<p class=\"article-body mb-nof-24 px-nof-16\">Combs, 55, oli todettu syylliseksi jo hein\u00e4kuussa. H\u00e4net m\u00e4\u00e4r\u00e4ttiin vankeuteen liittovaltion tuomioistuimessa perjantaina.<\/p>\n<p class=\"article-body mb-nof-24 px-nof-16\">Syytt\u00e4j\u00e4t vaativat v\u00e4hint\u00e4\u00e4n 11 vuoden tuomiota. Puolustus oli toivonut vain 14 kuukauden tuomiota vetoamalla Combsin jo vankilassa viett\u00e4m\u00e4\u00e4n aikaan ja h\u00e4nen katumukseensa.<\/p>\n<p class=\"article-body mb-nof-24 px-nof-16\">Asiantuntijat olivat ennakoineet h\u00e4nen saavan noin viiden vuoden tuomion.<\/p>\n<p class=\"article-body mb-nof-24 px-nof-16\">Valamiehist\u00f6n mukaan Combs kuljetti kaksi naista paikkoihin, joissa he osallistuivat seksuaaliseen toimintaan ja prostituutioon.<\/p>\n<p class=\"article-body mb-nof-24 px-nof-16\">Yhdysvalloissa laki kielt\u00e4\u00e4 ihmisten kuljettamisen osavaltioiden v\u00e4lill\u00e4 prostituutio\u00adtarkoituksessa.<\/p>\n<p class=\"article-body mb-nof-24 px-nof-16\">Toinen naisista, Combsin entinen tytt\u00f6yst\u00e4v\u00e4 <a class=\"article-personlink\" href=\"https:\/\/www.hs.fi\/haku\/?query=Casandra%20Ventura\" rel=\"nofollow noopener\" target=\"_blank\">Casandra Ventura<\/a>, <a class=\"article-genericlink\" href=\"https:\/\/www.hs.fi\/kulttuuri\/art-2000011231612.html\" rel=\"nofollow noopener\" target=\"_blank\">on kertonut <\/a>harrastaneensa lukuisia kertoja seksi\u00e4 mies\u00adprostituoitujen kanssa samalla, kun Combs ohjaili yksityiskohtaisesti seksiaktien kulkua.<\/p>\n<p class=\"article-body mb-nof-24 px-nof-16\">Tuomio ei kuitenkaan koskenut vakavimpia syytteit\u00e4, kuten ihmiskauppaa ja rikollisj\u00e4rjest\u00f6n johtamista. N\u00e4ist\u00e4 syytteist\u00e4 Combs vapautettiin jo hein\u00e4kuussa, mik\u00e4 her\u00e4tti laajaa kritiikki\u00e4.<\/p>\n<p class=\"article-body mb-nof-24 px-nof-16\">Muun muassa naisten oikeuksia puolustavat j\u00e4rjest\u00f6t ovat varoittaneet, ett\u00e4 tuomio voi heikent\u00e4\u00e4 seksuaaliv\u00e4kivallan uhrien halukkuutta hakea oikeutta.<\/p>\n<p class=\"article-body mb-nof-24 px-nof-16\">Combsin oikeudenk\u00e4ynti oli yksi #metoo-aikakauden n\u00e4kyvimmist\u00e4. H\u00e4nt\u00e4 vastaan on nostettu lukuisia siviilikanteita, joissa h\u00e4nt\u00e4 syytet\u00e4\u00e4n raiskauksista, huumaamisesta, v\u00e4kivallasta ja uhkailusta.<\/p>\n<p class=\"article-body mb-nof-24 px-nof-16\">Combsin tuomio tuli latautuneeseen aikaan, sill\u00e4 <a class=\"article-personlink\" href=\"https:\/\/www.hs.fi\/haku\/?query=Donald%20Trumpin\" rel=\"nofollow noopener\" target=\"_blank\">Donald Trumpin<\/a> hallinto on palauttanut vuoden 2020 ohjeistuksen, joka rajoittaa seksuaalisen h\u00e4irinn\u00e4n ilmoittamista kouluissa ja yliopistoissa. Uusi linjaus m\u00e4\u00e4rittelee sukupuolen biologisesti ja vaatii uhreja osallistumaan oikeudenk\u00e4yntim\u00e4isiin kuulemisiin.<\/p>\n<p class=\"article-body mb-nof-24 px-nof-16\">T\u00e4m\u00e4 on her\u00e4tt\u00e4nyt huolta erityisesti mustissa naisissa, jotka kohtaavat seksuaalista v\u00e4kivaltaa suhteettoman usein ja joille oikeuden saaminen on jo entuudestaan vaikeaa.<\/p>\n<p class=\"article-body mb-nof-24 px-nof-16\">Trumpin paluu Valkoiseen taloon on muutenkin muuttanut Yhdysvaltojen ilmapiiri\u00e4 tavalla, joka heijastuu my\u00f6s oikeussaleihin. My\u00f6s #metoo-liikett\u00e4 haastetaan.<\/p>\n<p class=\"article-body mb-nof-24 px-nof-16\">On ep\u00e4selv\u00e4\u00e4, miten Trump suhtautuu Combsin tapaukseen, joka toivoo presidentilt\u00e4 armahdusta. Combs ja Trump liikkuivat samoissa piireiss\u00e4 1990-luvulla, mutta v\u00e4lit viileniv\u00e4t, kun Combs tuki <a class=\"article-personlink\" href=\"https:\/\/www.hs.fi\/haku\/?query=Joe%20Bidenia\" rel=\"nofollow noopener\" target=\"_blank\">Joe Bidenia<\/a> presidentiksi.<\/p>\n<p><img decoding=\"async\" src=\"https:\/\/www.europesays.com\/fi\/wp-content\/uploads\/2025\/10\/1759526948_246_468.jpg\" alt=\"Sean \u201dDiddy\u201d Combs (oik.), Donald Trump ja puoliso Melania Trump kuvattuna vuonna 2005 Trumpin Mara-a-Lagon kartanolla Floridan Palm Beachiss\u00e4.\" class=\"_Img_1rerz_1\" style=\"aspect-ratio:1.245944192083063\" loading=\"eager\"\/><\/p>\n<p class=\"article-picture-caption\">Sean \u201dDiddy\u201d Combs (oik.), Donald Trump ja puoliso Melania Trump kuvattuna vuonna 2005 Trumpin Mara-a-Lagon kartanolla Floridan Palm Beachiss\u00e4. Kuva:\u00a0Jason Arnold \/ Reuters<\/p>\n","protected":false},"excerpt":{"rendered":"Oikeudenk\u00e4ynnit|Combs oli todettu syylliseksi jo hein\u00e4kuussa. H\u00e4n on pyyt\u00e4nyt armahdusta presidentti Donald Trumpilta. 3.10. 23:53 Hiphopmoguli Sean \u201dDiddy\u201d&hellip;\n","protected":false},"author":2,"featured_media":52513,"comment_status":"","ping_status":"","sticky":false,"template":"","format":"standard","meta":{"footnotes":""},"categories":[5],"tags":[22,23,26,27,33,31,30,17,46,24,25,28,29,15,18,21,32,19,20,16],"class_list":{"0":"post-52512","1":"post","2":"type-post","3":"status-publish","4":"format-standard","5":"has-post-thumbnail","7":"category-otsikot","8":"tag-breaking-news","9":"tag-breakingnews","10":"tag-featured-news","11":"tag-featurednews","12":"tag-fi","13":"tag-finland","14":"tag-finnish","15":"tag-headlines","16":"tag-helsingin-sanomat","17":"tag-latest-news","18":"tag-latestnews","19":"tag-main-news","20":"tag-mainnews","21":"tag-news","22":"tag-otsikot","23":"tag-paauutiset","24":"tag-suomi","25":"tag-top-stories","26":"tag-topstories","27":"tag-uutiset"},"share_on_mastodon":{"url":"","error":""},"_links":{"self":[{"href":"https:\/\/www.europesays.com\/fi\/wp-json\/wp\/v2\/posts\/52512","targetHints":{"allow":["GET"]}}],"collection":[{"href":"https:\/\/www.europesays.com\/fi\/wp-json\/wp\/v2\/posts"}],"about":[{"href":"https:\/\/www.europesays.com\/fi\/wp-json\/wp\/v2\/types\/post"}],"author":[{"embeddable":true,"href":"https:\/\/www.europesays.com\/fi\/wp-json\/wp\/v2\/users\/2"}],"replies":[{"embeddable":true,"href":"https:\/\/www.europesays.com\/fi\/wp-json\/wp\/v2\/comments?post=52512"}],"version-history":[{"count":0,"href":"https:\/\/www.europesays.com\/fi\/wp-json\/wp\/v2\/posts\/52512\/revisions"}],"wp:featuredmedia":[{"embeddable":true,"href":"https:\/\/www.europesays.com\/fi\/wp-json\/wp\/v2\/media\/52513"}],"wp:attachment":[{"href":"https:\/\/www.europesays.com\/fi\/wp-json\/wp\/v2\/media?parent=52512"}],"wp:term":[{"taxonomy":"category","embeddable":true,"href":"https:\/\/www.europesays.com\/fi\/wp-json\/wp\/v2\/categories?post=52512"},{"taxonomy":"post_tag","embeddable":true,"href":"https:\/\/www.europesays.com\/fi\/wp-json\/wp\/v2\/tags?post=52512"}],"curies":[{"name":"wp","href":"https:\/\/api.w.org\/{rel}","templated":true}]}}