{"id":52518,"date":"2025-10-03T21:49:08","date_gmt":"2025-10-03T21:49:08","guid":{"rendered":"https:\/\/www.europesays.com\/fi\/52518\/"},"modified":"2025-10-03T21:49:08","modified_gmt":"2025-10-03T21:49:08","slug":"nyt-suoratoistossa-christian-balen-sotadraama-on-realistisuudessaan-poikkeuksellinen-katsominen-voi-olla-raskas-kokemus","status":"publish","type":"post","link":"https:\/\/www.europesays.com\/fi\/52518\/","title":{"rendered":"Nyt suoratoistossa: Christian Balen sotadraama on realistisuudessaan poikkeuksellinen \u2013 &#8221;Katsominen voi olla raskas kokemus&#8221;"},"content":{"rendered":"<p>Operaatio Rescue Dawn (2006) on lis\u00e4tty Prime Videon valikoimaan.<\/p>\n<p><strong>Werner Herzogin<\/strong> ohjaama elokuva on tosipohjainen kertomus sotilaslent\u00e4j\u00e4 Dieter Denglerist\u00e4, joka ammuttiin alas Laosissa Vietnamin sodan aikana. Dengler joutuu Vietkongin vankileirille, jossa h\u00e4n alkaa suunnittelemaan pakosuunnitelmaa muiden sotavankien kanssa. Pako onnistuu, mutta edess\u00e4 on vaarallinen matka viidakon l\u00e4pi.<\/p>\n<p>Elokuvan <a href=\"https:\/\/www.rottentomatoes.com\/m\/rescue_dawn\" rel=\"nofollow noopener\" target=\"_blank\">Rotten Tomatoes -prosentti<\/a> on 90.<\/p>\n<p><a href=\"http:\/\/www.episodi.fi\/elokuvat\/operaatio-rescue-dawn\/\" rel=\"noreferrer noopener nofollow\" target=\"_blank\">Episodin arviossa<\/a> Rescue Dawn sai nelj\u00e4 t\u00e4hte\u00e4. Kehuja saivat p\u00e4\u00e4osaa esitt\u00e4v\u00e4n <strong>Christian Balen<\/strong> intensiteetti ja elokuvan todenmukainen toteutus.<\/p>\n<p>\u201dOperaatio Rescue Dawnin tunnelma on realistisuudessaan ja uskottavuudessaan t\u00e4ysin poikkeuksellinen. Dengler tekee matkan paitsi viidakon my\u00f6s ihmismielen pimeyden syd\u00e4meen tavalla, jota ei valkokankailla ole aiemmin n\u00e4hty. Elokuvan katsominen voi olla raskas kokemus, mutta lopussa odottaa palkinto\u201d, todettiin arviossa.<\/p>\n<p>Katso traileri alta.<\/p>\n<p><img loading=\"lazy\" decoding=\"async\" alt=\"YouTube video\" width=\"480\" height=\"360\" data-pin-nopin=\"true\" nopin=\"nopin\" class=\"perfmatters-lazy\" src=\"https:\/\/www.europesays.com\/fi\/wp-content\/uploads\/2025\/10\/1759528148_428_hqdefault.jpg\"\/><\/p>\n<p>Lue my\u00f6s: <a href=\"https:\/\/www.episodi.fi\/uutiskirje\/?uutiskirjemainos=tekstilinkkimainos\" title=\"Tilaa Episodin uutiskirje ja voit voittaa leffalippuja! Nappaa tv-vinkit suoraan s\u00e4hk\u00f6postiin t\u00e4st\u00e4.\" class=\"underline-custom !font-montserrat !font-bold !underline-offset-4 !decoration-4 !decoration-episodi-blue !text-md\" rel=\"nofollow noopener\" target=\"_blank\">Tilaa Episodin uutiskirje ja voit voittaa leffalippuja! Nappaa katseluvinkit suoraan s\u00e4hk\u00f6postiin t\u00e4st\u00e4.<\/a><\/p>\n","protected":false},"excerpt":{"rendered":"Operaatio Rescue Dawn (2006) on lis\u00e4tty Prime Videon valikoimaan. Werner Herzogin ohjaama elokuva on tosipohjainen kertomus sotilaslent\u00e4j\u00e4 Dieter&hellip;\n","protected":false},"author":2,"featured_media":52519,"comment_status":"","ping_status":"","sticky":false,"template":"","format":"standard","meta":{"footnotes":""},"categories":[130],"tags":[137,33,31,30,175,32,109],"class_list":{"0":"post-52518","1":"post","2":"type-post","3":"status-publish","4":"format-standard","5":"has-post-thumbnail","7":"category-viihde","8":"tag-entertainment","9":"tag-fi","10":"tag-finland","11":"tag-finnish","12":"tag-prime-video","13":"tag-suomi","14":"tag-viihde"},"share_on_mastodon":{"url":"","error":""},"_links":{"self":[{"href":"https:\/\/www.europesays.com\/fi\/wp-json\/wp\/v2\/posts\/52518","targetHints":{"allow":["GET"]}}],"collection":[{"href":"https:\/\/www.europesays.com\/fi\/wp-json\/wp\/v2\/posts"}],"about":[{"href":"https:\/\/www.europesays.com\/fi\/wp-json\/wp\/v2\/types\/post"}],"author":[{"embeddable":true,"href":"https:\/\/www.europesays.com\/fi\/wp-json\/wp\/v2\/users\/2"}],"replies":[{"embeddable":true,"href":"https:\/\/www.europesays.com\/fi\/wp-json\/wp\/v2\/comments?post=52518"}],"version-history":[{"count":0,"href":"https:\/\/www.europesays.com\/fi\/wp-json\/wp\/v2\/posts\/52518\/revisions"}],"wp:featuredmedia":[{"embeddable":true,"href":"https:\/\/www.europesays.com\/fi\/wp-json\/wp\/v2\/media\/52519"}],"wp:attachment":[{"href":"https:\/\/www.europesays.com\/fi\/wp-json\/wp\/v2\/media?parent=52518"}],"wp:term":[{"taxonomy":"category","embeddable":true,"href":"https:\/\/www.europesays.com\/fi\/wp-json\/wp\/v2\/categories?post=52518"},{"taxonomy":"post_tag","embeddable":true,"href":"https:\/\/www.europesays.com\/fi\/wp-json\/wp\/v2\/tags?post=52518"}],"curies":[{"name":"wp","href":"https:\/\/api.w.org\/{rel}","templated":true}]}}