{"id":52524,"date":"2025-10-03T21:54:12","date_gmt":"2025-10-03T21:54:12","guid":{"rendered":"https:\/\/www.europesays.com\/fi\/52524\/"},"modified":"2025-10-03T21:54:12","modified_gmt":"2025-10-03T21:54:12","slug":"halla-aho-paheksuu-palestiina-mielenosoittajien-kaytosta-hs-fi","status":"publish","type":"post","link":"https:\/\/www.europesays.com\/fi\/52524\/","title":{"rendered":"Halla-aho paheksuu Palestiina-mielenosoittajien k\u00e4yt\u00f6st\u00e4 | HS.fi"},"content":{"rendered":"<p>Eduskunta|J\u00e4rjest\u00e4j\u00e4n mukaan eduskunnan puhemies Jussi Halla-aholle tarjottiin puheenvuoroa, johon h\u00e4n ei kuitenkaan tarttunut.<\/p>\n<p>3.10. 20:24<\/p>\n<p>Lue tiivistelm\u00e4<\/p>\n<p>Tiivistelm\u00e4 on teko\u00e4lyn tekem\u00e4 ja ihmisen tarkistama.<\/p>\n<p class=\"article-body mb-nof-24 px-nof-16 sndp-summary-bullet-point-font\">Eduskunnan puhemies Jussi Halla-aho paheksuu Palestiina-mielenosoittajien k\u00e4yt\u00f6st\u00e4 eduskunnan portailla torstaina.<\/p>\n<p class=\"article-body mb-nof-24 px-nof-16 sndp-summary-bullet-point-font\">Halla-ahon mukaan h\u00e4nelle huudeltiin ep\u00e4johdonmukaisia iskulauseita.<\/p>\n<p class=\"article-body mb-nof-24 px-nof-16 sndp-summary-bullet-point-font\">Mielenosoituksen j\u00e4rjest\u00e4j\u00e4 kertoo Halla-aholle tarjotun puheenvuoroa, johon h\u00e4n ei vastannut.<\/p>\n<p class=\"article-body mb-nof-24 px-nof-16 sndp-summary-bullet-point-font\">J\u00e4rjest\u00e4j\u00e4n mukaan huudot kertoivat yleisest\u00e4 turhautumisesta hallitukseen ja vaatimuksesta auttaa Palestiinaa.<\/p>\n<p class=\"article-body mb-nof-24 px-nof-16\">Eduskunnan puhemies <a class=\"article-personlink\" href=\"https:\/\/www.hs.fi\/haku\/?query=Jussi%20Halla-aho\" rel=\"nofollow noopener\" target=\"_blank\">Jussi Halla-aho<\/a> (ps) arvostelee Eduskuntatalon luona torstaina j\u00e4rjestetty\u00e4 Palestiina-mielenosoitusta ja etenkin mielenosoittajien k\u00e4yt\u00f6st\u00e4.<\/p>\n<p class=\"article-body mb-nof-24 px-nof-16\">Halla-aho kertoo menneens\u00e4 Eduskuntatalon portaille seuraamaan mielenosoitusta, koska h\u00e4nell\u00e4 oli tauko puhemiehen teht\u00e4vist\u00e4.<\/p>\n<p class=\"article-body mb-nof-24 px-nof-16\">\u201dMenin portaiden yl\u00e4p\u00e4\u00e4h\u00e4n katselemaan ja kuuntelemaan, mit\u00e4 asiaa mielenosoittajilla oli\u201d, h\u00e4n kirjoitti perjantaina <a class=\"article-genericlink\" href=\"https:\/\/www.facebook.com\/watch\/?v=766449729590902\" rel=\"nofollow noopener\" target=\"_blank\">Facebookissa<\/a>.<\/p>\n<p class=\"article-body mb-nof-24 px-nof-16\">Halla-ahon mukaan mielenosoituksen tunnelma kuitenkin muuttui t\u00e4m\u00e4n j\u00e4lkeen nopeasti.<\/p>\n<p class=\"article-body mb-nof-24 px-nof-16\">\u201dMannerheimintien suuntaan seisonut v\u00e4ki k\u00e4\u00e4ntyi katselemaan minua. Sain kuulla olevani muun muassa \u2019runkkari\u2019, \u2019pelle\u2019, \u2019natsi\u2019 ja \u2019kansanmurhaaja\u2019. \u2019Free free Palestine\u2019 -huudot vaihtuivat \u2019ei natseja Helsinkiin\u2019 -huutoihin\u201d, Halla-aho kertoo p\u00e4ivityksess\u00e4\u00e4n.<\/p>\n<p class=\"article-body mb-nof-24 px-nof-16\">H\u00e4n pit\u00e4\u00e4 itseens\u00e4 kohdistuneita iskulauseita ep\u00e4johdonmukaisina. Halla-ahon mukaan mielenosoittajat valitsivat englanninkielisen iskulauseen, jonka mukaan h\u00e4n piileskelee ja tukee kansanmurhaa: \u201dHalla-aho, you can&#8217;t hide, you&#8217;re supporting genocide!\u201d<\/p>\n<p class=\"article-body mb-nof-24 px-nof-16\">Halla-aho ei mielest\u00e4\u00e4n yritt\u00e4nyt piileskell\u00e4 vaan p\u00e4invastoin tuli mielenosoittajien n\u00e4ht\u00e4ville.<\/p>\n<p class=\"article-body mb-nof-24 px-nof-16\">\u201dJa se [iskulause] oli sik\u00e4likin erikoinen, ett\u00e4 en ole omissa puheenvuoroissani osoittanut juurikaan ymm\u00e4rryst\u00e4 enk\u00e4 sympatiaa Israelin toimille. L\u00e4hinn\u00e4 pohtinut konfliktin masentavaa monimutkaisuutta\u201d, h\u00e4n perusteli.<\/p>\n<p class=\"article-body mb-nof-24 px-nof-16\">Halla-aho ei halunnut kommentoida tapausta tarkemmin Helsingin Sanomille.<\/p>\n<p class=\"article-body mb-nof-24 px-nof-16\">Mielenosoituksen j\u00e4rjest\u00e4j\u00e4 Global Movement to Gaza -j\u00e4rjest\u00f6n Suomen maatiimin j\u00e4sen <a class=\"article-personlink\" href=\"https:\/\/www.hs.fi\/haku\/?query=%C3%84m%C3%A4l%20Salih\" rel=\"nofollow noopener\" target=\"_blank\">\u00c4m\u00e4l Salih<\/a> vahvistaa Helsingin Sanomille, ett\u00e4 jotkut mielenosoittajista huutelivat Jussi Halla-aholle.<\/p>\n<p class=\"article-body mb-nof-24 px-nof-16\">H\u00e4nen mukaansa Halla-ahoon kohdistuneet huudot kertoivat yleisest\u00e4 turhautumisesta koko hallitukseen. Mielenosoittajat vaativat hallitukselta toimia palestiinalaisten ihmis- ja itsem\u00e4\u00e4r\u00e4mis\u00adoikeuksien takaamiseksi ja pen\u00e4\u00e4v\u00e4t hallitusta my\u00f6s tuomitsemaan <a class=\"article-genericlink\" href=\"https:\/\/www.hs.fi\/maailma\/art-2000011532241.html\" rel=\"nofollow noopener\" target=\"_blank\">Gazaan matkalla olleen avustussaattueen pys\u00e4ytt\u00e4misen<\/a>.<\/p>\n<p class=\"article-body mb-nof-24 px-nof-16\">\u201dMik\u00e4 on Suomen hallituksen reaktio siihen, ett\u00e4 heid\u00e4n kansalaisiaan kidnapattiin kansainv\u00e4lisilt\u00e4 vesilt\u00e4?\u201d Salih kysyy.<\/p>\n<p class=\"article-body mb-nof-24 px-nof-16\">Halla-aholle tarjottiin Salihin mukaan mahdollisuus pit\u00e4\u00e4 oma puheenvuoro.<\/p>\n<p class=\"article-body mb-nof-24 px-nof-16\">\u201dHalla-aholta kysyttiin, mik\u00e4 h\u00e4nen viestins\u00e4 on, mutta h\u00e4n vain katsoi eik\u00e4 sanonut mit\u00e4\u00e4n.\u201d<\/p>\n<p class=\"article-body mb-nof-24 px-nof-16\">J\u00e4rjest\u00e4j\u00e4n mukaan Halla-ahon my\u00f6hemmin kirjoittama kommentti konfliktin monimutkaisuudesta on osoitus siit\u00e4, ettei h\u00e4n ymm\u00e4rr\u00e4 tilanteen vakavuutta.<\/p>\n<p class=\"article-body mb-nof-24 px-nof-16\">\u201dKansanmurhaa ei voi luokitella monimutkaiseksi, ja sitten k\u00e4ytt\u00e4\u00e4 sit\u00e4 tekosyyn\u00e4 olla tekem\u00e4tt\u00e4 mit\u00e4\u00e4n.\u201d<\/p>\n<p class=\"article-body mb-nof-24 px-nof-16\">Salihin arvion mukaan mielenosoituksessa saattoi olla jopa 2000\u20133000 osallistujaa, mutta tarkkaa osallistujam\u00e4\u00e4r\u00e4\u00e4 on vaikea sanoa.<\/p>\n<p class=\"article-body mb-nof-24 px-nof-16\">Mielenosoitukseen osallistuivat kansanedustajista ainakin <a class=\"article-personlink\" href=\"https:\/\/www.hs.fi\/haku\/?query=Veronika%20Honkasalo\" rel=\"nofollow noopener\" target=\"_blank\">Veronika Honkasalo<\/a> (vas) sek\u00e4 <a class=\"article-personlink\" href=\"https:\/\/www.hs.fi\/haku\/?query=Oras%20Tynkkynen\" rel=\"nofollow noopener\" target=\"_blank\">Oras Tynkkynen<\/a> (vihr).<\/p>\n","protected":false},"excerpt":{"rendered":"Eduskunta|J\u00e4rjest\u00e4j\u00e4n mukaan eduskunnan puhemies Jussi Halla-aholle tarjottiin puheenvuoroa, johon h\u00e4n ei kuitenkaan tarttunut. 3.10. 20:24 Lue tiivistelm\u00e4 Tiivistelm\u00e4&hellip;\n","protected":false},"author":2,"featured_media":52525,"comment_status":"","ping_status":"","sticky":false,"template":"","format":"standard","meta":{"footnotes":""},"categories":[12],"tags":[22,23,26,27,33,31,30,17,46,24,25,28,29,15,18,21,32,19,20,16],"class_list":{"0":"post-52524","1":"post","2":"type-post","3":"status-publish","4":"format-standard","5":"has-post-thumbnail","7":"category-suomi","8":"tag-breaking-news","9":"tag-breakingnews","10":"tag-featured-news","11":"tag-featurednews","12":"tag-fi","13":"tag-finland","14":"tag-finnish","15":"tag-headlines","16":"tag-helsingin-sanomat","17":"tag-latest-news","18":"tag-latestnews","19":"tag-main-news","20":"tag-mainnews","21":"tag-news","22":"tag-otsikot","23":"tag-paauutiset","24":"tag-suomi","25":"tag-top-stories","26":"tag-topstories","27":"tag-uutiset"},"share_on_mastodon":{"url":"","error":""},"_links":{"self":[{"href":"https:\/\/www.europesays.com\/fi\/wp-json\/wp\/v2\/posts\/52524","targetHints":{"allow":["GET"]}}],"collection":[{"href":"https:\/\/www.europesays.com\/fi\/wp-json\/wp\/v2\/posts"}],"about":[{"href":"https:\/\/www.europesays.com\/fi\/wp-json\/wp\/v2\/types\/post"}],"author":[{"embeddable":true,"href":"https:\/\/www.europesays.com\/fi\/wp-json\/wp\/v2\/users\/2"}],"replies":[{"embeddable":true,"href":"https:\/\/www.europesays.com\/fi\/wp-json\/wp\/v2\/comments?post=52524"}],"version-history":[{"count":0,"href":"https:\/\/www.europesays.com\/fi\/wp-json\/wp\/v2\/posts\/52524\/revisions"}],"wp:featuredmedia":[{"embeddable":true,"href":"https:\/\/www.europesays.com\/fi\/wp-json\/wp\/v2\/media\/52525"}],"wp:attachment":[{"href":"https:\/\/www.europesays.com\/fi\/wp-json\/wp\/v2\/media?parent=52524"}],"wp:term":[{"taxonomy":"category","embeddable":true,"href":"https:\/\/www.europesays.com\/fi\/wp-json\/wp\/v2\/categories?post=52524"},{"taxonomy":"post_tag","embeddable":true,"href":"https:\/\/www.europesays.com\/fi\/wp-json\/wp\/v2\/tags?post=52524"}],"curies":[{"name":"wp","href":"https:\/\/api.w.org\/{rel}","templated":true}]}}